{"id":36209,"date":"2014-09-21T02:57:09","date_gmt":"2014-09-21T05:57:09","guid":{"rendered":"http:\/\/www.hoymercedes.com.ar\/principal\/?p=36209"},"modified":"2014-09-21T02:57:44","modified_gmt":"2014-09-21T05:57:44","slug":"wado-de-pedro-se-encontro-con-el-papa-francisco-y-le-llevo-salame-quintero","status":"publish","type":"post","link":"https:\/\/www.hoymercedes.com.ar\/principal\/2014\/09\/21\/wado-de-pedro-se-encontro-con-el-papa-francisco-y-le-llevo-salame-quintero\/","title":{"rendered":"\u00a0Wado de Pedro se encontr\u00f3 con el Papa Francisco y le llev\u00f3 salame quintero"},"content":{"rendered":"<p><a href=\"https:\/\/www.hoymercedes.com.ar\/principal\/wp-content\/uploads\/2014\/09\/WadoDePedro-PapaFrancisco.jpeg\"><img loading=\"lazy\" decoding=\"async\" data-attachment-id=\"36210\" data-permalink=\"https:\/\/www.hoymercedes.com.ar\/principal\/2014\/09\/21\/wado-de-pedro-se-encontro-con-el-papa-francisco-y-le-llevo-salame-quintero\/wadodepedro-papafrancisco\/#main\" data-orig-file=\"https:\/\/www.hoymercedes.com.ar\/principal\/wp-content\/uploads\/2014\/09\/WadoDePedro-PapaFrancisco.jpeg\" data-orig-size=\"620,476\" data-comments-opened=\"1\" data-image-meta=\"{&quot;aperture&quot;:&quot;4.5&quot;,&quot;credit&quot;:&quot;&quot;,&quot;camera&quot;:&quot;NIKON D700&quot;,&quot;caption&quot;:&quot;Ciudad del Vaticano La presidenta Cristina Fern\\u00e1ndez de Kirchner y el Papa Francisco junto a la diputada nacional Victoria Montenegro, hija de desaparecidos..Foto: Presidencia&quot;,&quot;created_timestamp&quot;:&quot;1411211085&quot;,&quot;copyright&quot;:&quot;&quot;,&quot;focal_length&quot;:&quot;70&quot;,&quot;iso&quot;:&quot;800&quot;,&quot;shutter_speed&quot;:&quot;0.008&quot;,&quot;title&quot;:&quot;&quot;,&quot;orientation&quot;:&quot;0&quot;}\" data-image-title=\"WadoDePedro-PapaFrancisco\" data-image-description=\"&lt;p&gt;Ciudad del Vaticano La presidenta Cristina Fern\u00e1ndez de Kirchner y el Papa Francisco junto a la diputada nacional Victoria Montenegro, hija de desaparecidos..Foto: Presidencia&lt;\/p&gt;\n\" data-image-caption=\"\" data-large-file=\"https:\/\/www.hoymercedes.com.ar\/principal\/wp-content\/uploads\/2014\/09\/WadoDePedro-PapaFrancisco.jpeg\" class=\"Img2104 aligncenter wp-image-36210 size-full\" src=\"https:\/\/www.hoymercedes.com.ar\/principal\/wp-content\/uploads\/2014\/09\/WadoDePedro-PapaFrancisco.jpeg\" alt=\"WadoDePedro-PapaFrancisco\" width=\"620\" height=\"476\" \/><\/a><\/p>\n<p>El Diputado Nacional Eduardo \u2018Wado\u2019 de Pedro tuvo un encuentro con el Papa Francisco durante la visita que la delegaci\u00f3n argentina encabezada por la Presidenta de la Naci\u00f3n, Cristina Fern\u00e1ndez de Kirchner, llev\u00f3 a cabo el d\u00eda s\u00e1bado en la residencia de Santa Marta, en el Vaticano.<\/p>\n<p>El diputado tuvo la oportunidad de acercarle el saludo de todos los mercedinos y de obsequiarle al Sumo Pont\u00edfice salames quinteros de la ciudad que envi\u00f3 Monse\u00f1or Jorge Bruno.<\/p>\n<p>De Pedro hab\u00eda manifestado su \u00abprofunda alegr\u00eda de poder acompa\u00f1ar a la presidenta en una gira tan importante\u201d, y hab\u00eda comentado que \u00abllevaba el saludo y las oraciones del Arzobispo Agust\u00edn Radrizzani, Monse\u00f1or Jorge Bruno y de personas que necesitan especialmente de su rezo\u00bb.<\/p>\n<p>El diputado mercedino se refiri\u00f3 adem\u00e1s a los cambios que est\u00e1 llevando a cabo el Papa desde que fue entronizado: \u00abFrancisco est\u00e1 desarrollando un tarea muy valiosa. Es un Papa con gran sensibilidad social, que ha llamado a los m\u00e1s poderosos a que hagan su aporte en beneficio de toda la sociedad\u201d. \u201cTambi\u00e9n ha tenido un mensaje dirigido a toda lo sociedad, y en especial a la juventud, invit\u00e1ndola a participar en la vida comunitaria y a ser solidaria\u00bb, agreg\u00f3.<\/p>\n<p>\u00abEn el plano internacional es muy importante el rol que ha asumido en favor de la paz mundial, en defensa de los m\u00e1s humildes y desprotegidos, y advirtiendo el rol del mercado financiero que a trav\u00e9s de la especulaci\u00f3n genera m\u00e1s pobres\u00bb. \u00abFrancisco nos plantea que &#8216;el futuro nos exige una visi\u00f3n humanista de la econom\u00eda y una pol\u00edtica que logre cada vez m\u00e1s y mejor participaci\u00f3n de las personas, evite el elitismo y erradique la pobreza&#8217;, complet\u00f3 el Diputado.<\/p>\n<p>Tras visitar al Papa Francisco en el Vaticano, el Diputado de Pedro ser\u00e1 parte de la delegaci\u00f3n nacional que acompa\u00f1ar\u00e1 a Cristina Kirchner en su viaje a Nueva York en el que la jefa de Estado hablar\u00e1 ante la 69\u00b0 Asamblea General de las Naciones Unidas.<\/p>\n<p>&nbsp;<\/p>\n<p>&nbsp;<\/p>\n<p>&nbsp;<\/p>\n","protected":false},"excerpt":{"rendered":"<p>El Diputado Nacional Eduardo \u2018Wado\u2019 de Pedro tuvo un encuentro con el Papa Francisco durante la visita que la delegaci\u00f3n &#8230; <a title=\"\u00a0Wado de Pedro se encontr\u00f3 con el Papa Francisco y le llev\u00f3 salame quintero\" class=\"read-more\" href=\"https:\/\/www.hoymercedes.com.ar\/principal\/2014\/09\/21\/wado-de-pedro-se-encontro-con-el-papa-francisco-y-le-llevo-salame-quintero\/\" aria-label=\"Leer m\u00e1s sobre \u00a0Wado de Pedro se encontr\u00f3 con el Papa Francisco y le llev\u00f3 salame quintero\">Leer m\u00e1s<\/a><\/p>\n","protected":false},"author":1,"featured_media":0,"comment_status":"open","ping_status":"open","sticky":false,"template":"","format":"standard","meta":{"_monsterinsights_skip_tracking":false,"_monsterinsights_sitenote_active":false,"_monsterinsights_sitenote_note":"","_monsterinsights_sitenote_category":0,"jetpack_post_was_ever_published":false,"_jetpack_newsletter_access":"","_jetpack_dont_email_post_to_subs":false,"_jetpack_newsletter_tier_id":0,"_jetpack_memberships_contains_paywalled_content":false,"_jetpack_memberships_contains_paid_content":false,"footnotes":"","jetpack_publicize_message":"","jetpack_publicize_feature_enabled":true,"jetpack_social_post_already_shared":false,"jetpack_social_options":{"image_generator_settings":{"template":"highway","default_image_id":0,"font":"","enabled":false},"version":2},"_wpas_customize_per_network":false},"categories":[5],"tags":[44,3293,6042,281],"class_list":["post-36209","post","type-post","status-publish","format-standard","hentry","category-politica","tag-cristina-fernandez","tag-papa-francisco","tag-para-francisco-y-wado","tag-wado-de-pedro","generate-columns","tablet-grid-50","mobile-grid-100","grid-parent","grid-50"],"jetpack_publicize_connections":[],"jetpack_featured_media_url":"","wps_subtitle":"El mercedino es parte de la delegaci\u00f3n oficial ","jetpack_sharing_enabled":true,"_links":{"self":[{"href":"https:\/\/www.hoymercedes.com.ar\/principal\/wp-json\/wp\/v2\/posts\/36209","targetHints":{"allow":["GET"]}}],"collection":[{"href":"https:\/\/www.hoymercedes.com.ar\/principal\/wp-json\/wp\/v2\/posts"}],"about":[{"href":"https:\/\/www.hoymercedes.com.ar\/principal\/wp-json\/wp\/v2\/types\/post"}],"author":[{"embeddable":true,"href":"https:\/\/www.hoymercedes.com.ar\/principal\/wp-json\/wp\/v2\/users\/1"}],"replies":[{"embeddable":true,"href":"https:\/\/www.hoymercedes.com.ar\/principal\/wp-json\/wp\/v2\/comments?post=36209"}],"version-history":[{"count":0,"href":"https:\/\/www.hoymercedes.com.ar\/principal\/wp-json\/wp\/v2\/posts\/36209\/revisions"}],"wp:attachment":[{"href":"https:\/\/www.hoymercedes.com.ar\/principal\/wp-json\/wp\/v2\/media?parent=36209"}],"wp:term":[{"taxonomy":"category","embeddable":true,"href":"https:\/\/www.hoymercedes.com.ar\/principal\/wp-json\/wp\/v2\/categories?post=36209"},{"taxonomy":"post_tag","embeddable":true,"href":"https:\/\/www.hoymercedes.com.ar\/principal\/wp-json\/wp\/v2\/tags?post=36209"}],"curies":[{"name":"wp","href":"https:\/\/api.w.org\/{rel}","templated":true}]}}