{"id":36232,"date":"2014-09-21T23:53:42","date_gmt":"2014-09-22T02:53:42","guid":{"rendered":"http:\/\/www.hoymercedes.com.ar\/principal\/?p=36232"},"modified":"2014-09-23T10:23:04","modified_gmt":"2014-09-23T13:23:04","slug":"enterato-todo-lo-que-tratara-el-concejo-deliberante-al-sesionar-en-gowland","status":"publish","type":"post","link":"https:\/\/www.hoymercedes.com.ar\/principal\/2014\/09\/21\/enterato-todo-lo-que-tratara-el-concejo-deliberante-al-sesionar-en-gowland\/","title":{"rendered":"Enterate lo que tratar\u00e1 el Concejo Deliberante al sesionar en Gowland"},"content":{"rendered":"<p><strong><em>Este lunes habr\u00e1 nuevamente sesi\u00f3n del Concejo Deliberante de nuestra ciudad. Ser\u00e1 en \u00e9sta ocasi\u00f3n en la localidad de Gowland. El orden del d\u00eda es bastante amplio.\u00a0<\/em><\/strong><\/p>\n<p>Entre otros temas se debatir\u00e1 la reunicaci\u00f3n de cajero autom\u00e1tico, zanjeos, alumbrado p\u00fablico, limpieza, pedidos de informes y datos sobre el Centro de Referencia local, empresa Atl\u00e1ntida, mejoramiento de calles en Jofr\u00e9 y Agote. Tambi\u00e9n un pedido de repudio a agresiones al consejal Andr\u00e9s y m\u00e1s.<\/p>\n<p>Lee todos los temas:<\/p>\n<div data-configid=\"5622510\/9408421\" style=\"width: 620px; height: 802px;\" class=\"issuuembed\"><\/div>\n<p><script type=\"text\/javascript\" src=\"\/\/e.issuu.com\/embed.js\" async=\"true\"><\/script><\/p>\n","protected":false},"excerpt":{"rendered":"<p>Este lunes habr\u00e1 nuevamente sesi\u00f3n del Concejo Deliberante de nuestra ciudad. Ser\u00e1 en \u00e9sta ocasi\u00f3n en la localidad de Gowland. &#8230; <a title=\"Enterate lo que tratar\u00e1 el Concejo Deliberante al sesionar en Gowland\" class=\"read-more\" href=\"https:\/\/www.hoymercedes.com.ar\/principal\/2014\/09\/21\/enterato-todo-lo-que-tratara-el-concejo-deliberante-al-sesionar-en-gowland\/\" aria-label=\"Leer m\u00e1s sobre Enterate lo que tratar\u00e1 el Concejo Deliberante al sesionar en Gowland\">Leer m\u00e1s<\/a><\/p>\n","protected":false},"author":1,"featured_media":0,"comment_status":"open","ping_status":"open","sticky":false,"template":"","format":"standard","meta":{"_monsterinsights_skip_tracking":false,"_monsterinsights_sitenote_active":false,"_monsterinsights_sitenote_note":"","_monsterinsights_sitenote_category":0,"jetpack_post_was_ever_published":false,"_jetpack_newsletter_access":"","_jetpack_dont_email_post_to_subs":false,"_jetpack_newsletter_tier_id":0,"_jetpack_memberships_contains_paywalled_content":false,"_jetpack_memberships_contains_paid_content":false,"footnotes":"","jetpack_publicize_message":"","jetpack_publicize_feature_enabled":true,"jetpack_social_post_already_shared":false,"jetpack_social_options":{"image_generator_settings":{"template":"highway","default_image_id":0,"font":"","enabled":false},"version":2},"_wpas_customize_per_network":false},"categories":[5],"tags":[45],"class_list":["post-36232","post","type-post","status-publish","format-standard","hentry","category-politica","tag-concejo-deliberante-mercedes","generate-columns","tablet-grid-50","mobile-grid-100","grid-parent","grid-50"],"jetpack_publicize_connections":[],"jetpack_featured_media_url":"","wps_subtitle":"Poder legislativo ","jetpack_sharing_enabled":true,"_links":{"self":[{"href":"https:\/\/www.hoymercedes.com.ar\/principal\/wp-json\/wp\/v2\/posts\/36232","targetHints":{"allow":["GET"]}}],"collection":[{"href":"https:\/\/www.hoymercedes.com.ar\/principal\/wp-json\/wp\/v2\/posts"}],"about":[{"href":"https:\/\/www.hoymercedes.com.ar\/principal\/wp-json\/wp\/v2\/types\/post"}],"author":[{"embeddable":true,"href":"https:\/\/www.hoymercedes.com.ar\/principal\/wp-json\/wp\/v2\/users\/1"}],"replies":[{"embeddable":true,"href":"https:\/\/www.hoymercedes.com.ar\/principal\/wp-json\/wp\/v2\/comments?post=36232"}],"version-history":[{"count":0,"href":"https:\/\/www.hoymercedes.com.ar\/principal\/wp-json\/wp\/v2\/posts\/36232\/revisions"}],"wp:attachment":[{"href":"https:\/\/www.hoymercedes.com.ar\/principal\/wp-json\/wp\/v2\/media?parent=36232"}],"wp:term":[{"taxonomy":"category","embeddable":true,"href":"https:\/\/www.hoymercedes.com.ar\/principal\/wp-json\/wp\/v2\/categories?post=36232"},{"taxonomy":"post_tag","embeddable":true,"href":"https:\/\/www.hoymercedes.com.ar\/principal\/wp-json\/wp\/v2\/tags?post=36232"}],"curies":[{"name":"wp","href":"https:\/\/api.w.org\/{rel}","templated":true}]}}