{"id":36303,"date":"2014-09-22T21:50:32","date_gmt":"2014-09-23T00:50:32","guid":{"rendered":"http:\/\/www.hoymercedes.com.ar\/principal\/?p=36303"},"modified":"2014-09-22T21:52:09","modified_gmt":"2014-09-23T00:52:09","slug":"mas-de-600-abuelos-mercedinos-en-fiesta-organizada-por-pami-y-anses","status":"publish","type":"post","link":"https:\/\/www.hoymercedes.com.ar\/principal\/2014\/09\/22\/mas-de-600-abuelos-mercedinos-en-fiesta-organizada-por-pami-y-anses\/","title":{"rendered":"M\u00e1s de 600 abuelos mercedinos en fiesta organizada por Pami y Anses"},"content":{"rendered":"<p><a href=\"https:\/\/www.hoymercedes.com.ar\/principal\/wp-content\/uploads\/2014\/09\/pami-anses-jubilados-2014-celebraci\u00f3n-I.jpg\"><img loading=\"lazy\" decoding=\"async\" data-attachment-id=\"36304\" data-permalink=\"https:\/\/www.hoymercedes.com.ar\/principal\/2014\/09\/22\/mas-de-600-abuelos-mercedinos-en-fiesta-organizada-por-pami-y-anses\/pami-anses-jubilados-2014-celebracion-i\/#main\" data-orig-file=\"https:\/\/www.hoymercedes.com.ar\/principal\/wp-content\/uploads\/2014\/09\/pami-anses-jubilados-2014-celebraci\u00f3n-I.jpg\" data-orig-size=\"620,414\" data-comments-opened=\"1\" data-image-meta=\"{&quot;aperture&quot;:&quot;0&quot;,&quot;credit&quot;:&quot;&quot;,&quot;camera&quot;:&quot;&quot;,&quot;caption&quot;:&quot;&quot;,&quot;created_timestamp&quot;:&quot;0&quot;,&quot;copyright&quot;:&quot;&quot;,&quot;focal_length&quot;:&quot;0&quot;,&quot;iso&quot;:&quot;0&quot;,&quot;shutter_speed&quot;:&quot;0&quot;,&quot;title&quot;:&quot;&quot;,&quot;orientation&quot;:&quot;0&quot;}\" data-image-title=\"pami-anses-jubilados-2014-celebraci\u00f3n-I\" data-image-description=\"\" data-image-caption=\"\" data-large-file=\"https:\/\/www.hoymercedes.com.ar\/principal\/wp-content\/uploads\/2014\/09\/pami-anses-jubilados-2014-celebraci\u00f3n-I.jpg\" class=\"Img2014 aligncenter wp-image-36304 size-full\" src=\"https:\/\/www.hoymercedes.com.ar\/principal\/wp-content\/uploads\/2014\/09\/pami-anses-jubilados-2014-celebraci\u00f3n-I.jpg\" alt=\"pami-anses-jubilados-2014-celebraci\u00f3n-I\" width=\"620\" height=\"414\" \/><\/a><\/p>\n<p><em><strong>(FR) M\u00e1s de 600 abuelos de Mercedes participaron de la fiesta por el D\u00eda del Jubilado que organizaron PAMI y ANSES el s\u00e1bado pasado, en el gimnasio del club Uni\u00f3n, y pasaron \u201cun d\u00eda fabuloso\u201d entre m\u00fasica, baile, juegos, kermesse, sorteos y exhibiciones.<\/strong><\/em><\/p>\n<p>\u201cEstuvo muy lindo y la cantidad de vecinos que se acercaron super\u00f3 todas nuestras expectativas. Hubo m\u00e1s del doble de lo que fueron los festejos del a\u00f1o pasado. Para nosotros es un placer poder contribuir en la organizaci\u00f3n de estas fiestas, porque forma parte del objetivo que tiene nuestro trabajo: ayudarlos a disfrutar de esta etapa de sus vidas\u201d, dijo Mat\u00edas Dematei, director de la sede local del PAMI.<\/p>\n<p>La idea de realizar una fiesta para celebrar su d\u00eda parti\u00f3 desde los propios centros de jubilados de nuestra ciudad. A partir de all\u00ed, y a trav\u00e9s de su permanente articulaci\u00f3n con PAMI y ANSES, la iniciativa tom\u00f3 forma hasta concretarse el reciente s\u00e1bado. Fue a la canasta, es decir, cada quien llev\u00f3 comida para compartir con los dem\u00e1s. Dematei dijo al respecto: \u201cEso fue idea de ellos y tambi\u00e9n tiene valor simb\u00f3lico\u201d.<img loading=\"lazy\" decoding=\"async\" data-attachment-id=\"36305\" data-permalink=\"https:\/\/www.hoymercedes.com.ar\/principal\/2014\/09\/22\/mas-de-600-abuelos-mercedinos-en-fiesta-organizada-por-pami-y-anses\/pami-anses-jubilados-2014-celebracion-ii\/#main\" data-orig-file=\"https:\/\/www.hoymercedes.com.ar\/principal\/wp-content\/uploads\/2014\/09\/pami-anses-jubilados-2014-celebraci\u00f3n-II.jpg\" data-orig-size=\"620,413\" data-comments-opened=\"1\" data-image-meta=\"{&quot;aperture&quot;:&quot;0&quot;,&quot;credit&quot;:&quot;&quot;,&quot;camera&quot;:&quot;&quot;,&quot;caption&quot;:&quot;&quot;,&quot;created_timestamp&quot;:&quot;0&quot;,&quot;copyright&quot;:&quot;&quot;,&quot;focal_length&quot;:&quot;0&quot;,&quot;iso&quot;:&quot;0&quot;,&quot;shutter_speed&quot;:&quot;0&quot;,&quot;title&quot;:&quot;&quot;,&quot;orientation&quot;:&quot;0&quot;}\" data-image-title=\"pami-anses-jubilados-2014-celebraci\u00f3n-II\" data-image-description=\"\" data-image-caption=\"\" data-large-file=\"https:\/\/www.hoymercedes.com.ar\/principal\/wp-content\/uploads\/2014\/09\/pami-anses-jubilados-2014-celebraci\u00f3n-II.jpg\" class=\"Img2014 aligncenter wp-image-36305 size-full\" src=\"https:\/\/www.hoymercedes.com.ar\/principal\/wp-content\/uploads\/2014\/09\/pami-anses-jubilados-2014-celebraci\u00f3n-II.jpg\" alt=\"pami-anses-jubilados-2014-celebraci\u00f3n-II\" width=\"620\" height=\"413\" \/><\/p>\n<p>\u201cDesde su trabajo en la ANSES, \u2018Juani\u2019 (Ustarroz) nos marca la necesidad de garantizarles a los abuelos el acceso a todos los derechos que los asisten. La recreaci\u00f3n es uno de ellos, sobre todo en esta etapa de la vida en la que deben, sobre todo, disfrutar. La celebraci\u00f3n del \u2018D\u00eda del Jubilado\u2019 vino por ese camino\u201d, agreg\u00f3 el director del PAMI local y tambi\u00e9n concejal del Frente Mercedino para la Victoria.<\/p>\n<p>Adem\u00e1s de las actividades art\u00edsticas ofrecidas por distintos grupos de la ciudad, se hizo una muestra de los talleres que los centros de jubilados articulan con el PAMI, como canto, folclore o dibujo. \u201cEstuvo todo realmente hermoso\u201d, apunt\u00f3 Mat\u00edas, quien fue uno de los \u00aboradores\u00bb de la jornada junto con Fernando &#8216;Nani&#8217; San Pedro (en representaci\u00f3n de Ustarroz por la ANSES) y Juan Montoya (de la Secretar\u00eda de Tercera Edad de la municipalidad).<\/p>\n<p>Y concluy\u00f3: \u201cYo soy una agradecido de esta oportunidad de trabajar cada d\u00eda al lado de los abuelos de nuestra ciudad. Es muy enriquecedor, aprendo de sus experiencias, y tambi\u00e9n son un ejemplo de lo que queremos todos para Mercedes, con sus ganas de seguir haciendo cosas, teniendo planes, buscando soluciones a los problemas. Son un modelo\u201d.<\/p>\n<p><span style=\"color: #808080;\">Fuente: Frente Renovador<\/span><\/p>\n","protected":false},"excerpt":{"rendered":"<p>(FR) M\u00e1s de 600 abuelos de Mercedes participaron de la fiesta por el D\u00eda del Jubilado que organizaron PAMI y &#8230; <a title=\"M\u00e1s de 600 abuelos mercedinos en fiesta organizada por Pami y Anses\" class=\"read-more\" href=\"https:\/\/www.hoymercedes.com.ar\/principal\/2014\/09\/22\/mas-de-600-abuelos-mercedinos-en-fiesta-organizada-por-pami-y-anses\/\" aria-label=\"Leer m\u00e1s sobre M\u00e1s de 600 abuelos mercedinos en fiesta organizada por Pami y Anses\">Leer m\u00e1s<\/a><\/p>\n","protected":false},"author":1,"featured_media":0,"comment_status":"closed","ping_status":"closed","sticky":false,"template":"","format":"standard","meta":{"_monsterinsights_skip_tracking":false,"_monsterinsights_sitenote_active":false,"_monsterinsights_sitenote_note":"","_monsterinsights_sitenote_category":0,"jetpack_post_was_ever_published":false,"_jetpack_newsletter_access":"","_jetpack_dont_email_post_to_subs":false,"_jetpack_newsletter_tier_id":0,"_jetpack_memberships_contains_paywalled_content":false,"_jetpack_memberships_contains_paid_content":false,"footnotes":"","jetpack_publicize_message":"","jetpack_publicize_feature_enabled":true,"jetpack_social_post_already_shared":false,"jetpack_social_options":{"image_generator_settings":{"template":"highway","default_image_id":0,"font":"","enabled":false},"version":2},"_wpas_customize_per_network":false},"categories":[8],"tags":[35,6057,1007,3810,500],"class_list":["post-36303","post","type-post","status-publish","format-standard","hentry","category-sociedad","tag-anses-mercedes","tag-celebracion-jubilados","tag-frente-mercedino","tag-matias-dematei","tag-pami-mercedes","generate-columns","tablet-grid-50","mobile-grid-100","grid-parent","grid-50"],"jetpack_publicize_connections":[],"jetpack_featured_media_url":"","wps_subtitle":"Celebraci\u00f3n y encuentro","jetpack_sharing_enabled":true,"_links":{"self":[{"href":"https:\/\/www.hoymercedes.com.ar\/principal\/wp-json\/wp\/v2\/posts\/36303","targetHints":{"allow":["GET"]}}],"collection":[{"href":"https:\/\/www.hoymercedes.com.ar\/principal\/wp-json\/wp\/v2\/posts"}],"about":[{"href":"https:\/\/www.hoymercedes.com.ar\/principal\/wp-json\/wp\/v2\/types\/post"}],"author":[{"embeddable":true,"href":"https:\/\/www.hoymercedes.com.ar\/principal\/wp-json\/wp\/v2\/users\/1"}],"replies":[{"embeddable":true,"href":"https:\/\/www.hoymercedes.com.ar\/principal\/wp-json\/wp\/v2\/comments?post=36303"}],"version-history":[{"count":0,"href":"https:\/\/www.hoymercedes.com.ar\/principal\/wp-json\/wp\/v2\/posts\/36303\/revisions"}],"wp:attachment":[{"href":"https:\/\/www.hoymercedes.com.ar\/principal\/wp-json\/wp\/v2\/media?parent=36303"}],"wp:term":[{"taxonomy":"category","embeddable":true,"href":"https:\/\/www.hoymercedes.com.ar\/principal\/wp-json\/wp\/v2\/categories?post=36303"},{"taxonomy":"post_tag","embeddable":true,"href":"https:\/\/www.hoymercedes.com.ar\/principal\/wp-json\/wp\/v2\/tags?post=36303"}],"curies":[{"name":"wp","href":"https:\/\/api.w.org\/{rel}","templated":true}]}}