{"id":36438,"date":"2014-09-27T16:26:10","date_gmt":"2014-09-27T19:26:10","guid":{"rendered":"http:\/\/www.hoymercedes.com.ar\/principal\/?p=36438"},"modified":"2014-09-27T16:29:20","modified_gmt":"2014-09-27T19:29:20","slug":"arenillas-estamos-orgullosos-y-su-humildad-y-nos-reconocemos-en-la-idea-de-que-primero-esta-mercedes","status":"publish","type":"post","link":"https:\/\/www.hoymercedes.com.ar\/principal\/2014\/09\/27\/arenillas-estamos-orgullosos-y-su-humildad-y-nos-reconocemos-en-la-idea-de-que-primero-esta-mercedes\/","title":{"rendered":"Arenillas: \u00abEstamos orgullosos  de Wado, su humildad y nos reconocemos en la idea de que primero est\u00e1 Mercedes\u00bb"},"content":{"rendered":"<p><a href=\"https:\/\/www.hoymercedes.com.ar\/principal\/wp-content\/uploads\/2014\/09\/nela-arenillas.jpg\"><img loading=\"lazy\" decoding=\"async\" data-attachment-id=\"36439\" data-permalink=\"https:\/\/www.hoymercedes.com.ar\/principal\/2014\/09\/27\/arenillas-estamos-orgullosos-y-su-humildad-y-nos-reconocemos-en-la-idea-de-que-primero-esta-mercedes\/nela-arenillas\/#main\" data-orig-file=\"https:\/\/www.hoymercedes.com.ar\/principal\/wp-content\/uploads\/2014\/09\/nela-arenillas.jpg\" data-orig-size=\"620,341\" data-comments-opened=\"1\" data-image-meta=\"{&quot;aperture&quot;:&quot;0&quot;,&quot;credit&quot;:&quot;&quot;,&quot;camera&quot;:&quot;&quot;,&quot;caption&quot;:&quot;&quot;,&quot;created_timestamp&quot;:&quot;0&quot;,&quot;copyright&quot;:&quot;&quot;,&quot;focal_length&quot;:&quot;0&quot;,&quot;iso&quot;:&quot;0&quot;,&quot;shutter_speed&quot;:&quot;0&quot;,&quot;title&quot;:&quot;&quot;,&quot;orientation&quot;:&quot;0&quot;}\" data-image-title=\"nela arenillas\" data-image-description=\"\" data-image-caption=\"\" data-large-file=\"https:\/\/www.hoymercedes.com.ar\/principal\/wp-content\/uploads\/2014\/09\/nela-arenillas.jpg\" class=\"Img2014 aligncenter wp-image-36439 size-full\" src=\"https:\/\/www.hoymercedes.com.ar\/principal\/wp-content\/uploads\/2014\/09\/nela-arenillas.jpg\" alt=\"Marinela Arenillas, concejal Frente Mercedino\" width=\"620\" height=\"341\" \/><\/a><\/p>\n<p><em><strong>La concejala del Frente Mercedino para la Victoria Marianela \u2018Nela\u2019 Arenillas lament\u00f3 \u201cla agresi\u00f3n constante\u201d de su colega del Frente Renovador Sabrina Selva, aunque advirti\u00f3 que ya no le sorprende, y manifest\u00f3 su \u201corgullo\u201d por pertenecer al mismo espacio pol\u00edtico que el diputado nacional Eduardo \u2018Wado\u2019 de Pedro, \u201cporque nos reconocemos en su humildad y en la idea de que primero est\u00e1 Mercedes\u201d.<\/strong><\/em><\/p>\n<p>\u201cDesde nuestra juventud nos sumamos a participar en un espacio partidario no porque nos pusieran una camiseta y nos dieran un bombo para tocar como si fu\u00e9ramos aut\u00f3matas, como dice agresivamente la hija del intendente, sino porque nos reconocemos en la humildad de \u2018Wado\u2019 como forma de trabajo, en la necesidad de entender la pol\u00edtica como una herramienta de transformaci\u00f3n para mejorarles la vida a los vecinos y porque nos identificamos con la idea de que primero est\u00e1 Mercedes. Y lo mismo expresa \u2018Juani\u2019 (Ustarroz): humildad y trabajo en busca del bien com\u00fan\u201d, dijo Arenillas.<\/p>\n<p>\u201cPara hablar de algo reciente \u2013agreg\u00f3-, \u2019Wado\u2019 tuvo un gesto que, entendemos, todos los mercedinos debemos celebrar: le llev\u00f3 salame quintero nada menos que al Papa Francisco. Nuestra identidad dio la vuelta al mundo en una foto. Porque en la foto est\u00e1 Mercedes, estamos todos. Pero de eso no escuchamos nada de parte de los funcionarios de la municipalidad, ni tampoco del bloque de concejales oficialistas. En cambio insisten buscando la divisi\u00f3n, priorizando la agresi\u00f3n. Es lamentable. Hasta pareciera a prop\u00f3sito. \u2018Salgamos a decir algo malo de \u2018Wado\u2019 para que no se hable de la foto\u2019\u201d.<\/p>\n<p>Adem\u00e1s, la concejala del Frente Mercedino aclar\u00f3 que el diputado \u201cestaba en Nueva York, como bien dice Selva, pero no paseando, sino poniendo el cuerpo en la pelea contra los fondos buitre. Evidentemente la hija del intendente no se reconoce en esa batalla o tal vez se reconozca en la otra vereda, porque todos recordamos que su principal referente, Sergio Massa, fue a golpear las puertas en la Embajada de Estados Unidos\u201d.<\/p>\n<p>\u201cNos apena la agresi\u00f3n constante de la hija del intendente, pero lamentablemente no podemos decir que nos sorprende. Si fue capaz de amenazar e insultar a una periodista de nuestra ciudad, no nos puede asombrar esta declaraci\u00f3n, esta nueva muestra de intolerancia, donde queda evidenciado que aquello de \u2018acabar con las diferencias y trabajar todos juntos\u2019 es una pose discursiva y vac\u00eda de contenido\u201d, asegur\u00f3 \u2018Nela\u2019.<\/p>\n<p>De las palabras de Sabrina Selva tambi\u00e9n marc\u00f3: \u201cHabla de \u2018p\u00e1nico\u2019 como si los partidos pol\u00edticos fueran enemigos, y no opciones o modelos de gesti\u00f3n para que la gente elija el que le parece mejor. Tiene una mirada anacr\u00f3nica de la pol\u00edtica. Nunca nos podr\u00eda dar \u2018p\u00e1nico\u2019 el ejercicio de un derecho\u201d.<\/p>\n<p>Y a\u00f1adi\u00f3: \u201cY tampoco nos sentimos la \u00fanica representaci\u00f3n del futuro. El futuro somos todos, cada uno de los argentinos, y debe expresarse en una idea de pa\u00eds, como tambi\u00e9n de ciudad, en una propuesta concreta y de cara a los vecinos; no en un nombre propio ni tampoco en discursos que despu\u00e9s en los hechos no se sostengan. Adem\u00e1s, la concejala habla de \u2018futuro\u2019 como si su padre no llevara 11 a\u00f1os en la intendencia. \u00bfQu\u00e9 mejor vidriera tiene para mostrarnos c\u00f3mo es el futuro que nos promete?\u201d.<\/p>\n<p>\u201cLos j\u00f3venes \u2013concluy\u00f3- no nos sentimos un n\u00famero. Decir eso es, otra vez, interpretar la pol\u00edtica no como una herramienta de transformaci\u00f3n social y colectiva sino como un recurso de posicionamiento personal. Creemos que la consolidaci\u00f3n de la democracia necesita opiniones que sumen. Si hay una cr\u00edtica, que sea constructiva. Pero esta clase de agresiones, que adem\u00e1s son permanentes, no suman; directamente restan\u201d.<\/p>\n","protected":false},"excerpt":{"rendered":"<p>La concejala del Frente Mercedino para la Victoria Marianela \u2018Nela\u2019 Arenillas lament\u00f3 \u201cla agresi\u00f3n constante\u201d de su colega del Frente &#8230; <a title=\"Arenillas: \u00abEstamos orgullosos  de Wado, su humildad y nos reconocemos en la idea de que primero est\u00e1 Mercedes\u00bb\" class=\"read-more\" href=\"https:\/\/www.hoymercedes.com.ar\/principal\/2014\/09\/27\/arenillas-estamos-orgullosos-y-su-humildad-y-nos-reconocemos-en-la-idea-de-que-primero-esta-mercedes\/\" aria-label=\"Leer m\u00e1s sobre Arenillas: \u00abEstamos orgullosos  de Wado, su humildad y nos reconocemos en la idea de que primero est\u00e1 Mercedes\u00bb\">Leer m\u00e1s<\/a><\/p>\n","protected":false},"author":1,"featured_media":0,"comment_status":"open","ping_status":"open","sticky":false,"template":"","format":"standard","meta":{"_monsterinsights_skip_tracking":false,"_monsterinsights_sitenote_active":false,"_monsterinsights_sitenote_note":"","_monsterinsights_sitenote_category":0,"jetpack_post_was_ever_published":false,"_jetpack_newsletter_access":"","_jetpack_dont_email_post_to_subs":false,"_jetpack_newsletter_tier_id":0,"_jetpack_memberships_contains_paywalled_content":false,"_jetpack_memberships_contains_paid_content":false,"footnotes":"","jetpack_publicize_message":"","jetpack_publicize_feature_enabled":true,"jetpack_social_post_already_shared":false,"jetpack_social_options":{"image_generator_settings":{"template":"highway","default_image_id":0,"font":"","enabled":false},"version":2},"_wpas_customize_per_network":false},"categories":[5],"tags":[3705,4356],"class_list":["post-36438","post","type-post","status-publish","format-standard","hentry","category-politica","tag-marianela-arenillas","tag-nela-arenillas","generate-columns","tablet-grid-50","mobile-grid-100","grid-parent","grid-50"],"jetpack_publicize_connections":[],"jetpack_featured_media_url":"","wps_subtitle":"Opini\u00f3n y debate","jetpack_sharing_enabled":true,"_links":{"self":[{"href":"https:\/\/www.hoymercedes.com.ar\/principal\/wp-json\/wp\/v2\/posts\/36438","targetHints":{"allow":["GET"]}}],"collection":[{"href":"https:\/\/www.hoymercedes.com.ar\/principal\/wp-json\/wp\/v2\/posts"}],"about":[{"href":"https:\/\/www.hoymercedes.com.ar\/principal\/wp-json\/wp\/v2\/types\/post"}],"author":[{"embeddable":true,"href":"https:\/\/www.hoymercedes.com.ar\/principal\/wp-json\/wp\/v2\/users\/1"}],"replies":[{"embeddable":true,"href":"https:\/\/www.hoymercedes.com.ar\/principal\/wp-json\/wp\/v2\/comments?post=36438"}],"version-history":[{"count":0,"href":"https:\/\/www.hoymercedes.com.ar\/principal\/wp-json\/wp\/v2\/posts\/36438\/revisions"}],"wp:attachment":[{"href":"https:\/\/www.hoymercedes.com.ar\/principal\/wp-json\/wp\/v2\/media?parent=36438"}],"wp:term":[{"taxonomy":"category","embeddable":true,"href":"https:\/\/www.hoymercedes.com.ar\/principal\/wp-json\/wp\/v2\/categories?post=36438"},{"taxonomy":"post_tag","embeddable":true,"href":"https:\/\/www.hoymercedes.com.ar\/principal\/wp-json\/wp\/v2\/tags?post=36438"}],"curies":[{"name":"wp","href":"https:\/\/api.w.org\/{rel}","templated":true}]}}