{"id":36478,"date":"2014-09-28T21:04:57","date_gmt":"2014-09-29T00:04:57","guid":{"rendered":"http:\/\/www.hoymercedes.com.ar\/principal\/?p=36478"},"modified":"2014-12-29T21:55:51","modified_gmt":"2014-12-30T00:55:51","slug":"detienen-a-mercedino-con-pedido-de-captura-y-hombre-grave-por-golpe-de-tren","status":"publish","type":"post","link":"https:\/\/www.hoymercedes.com.ar\/principal\/2014\/09\/28\/detienen-a-mercedino-con-pedido-de-captura-y-hombre-grave-por-golpe-de-tren\/","title":{"rendered":"Detienen a mercedino con pedido de captura y hombre grave por golpe de tren"},"content":{"rendered":"<p><a href=\"https:\/\/www.hoymercedes.com.ar\/principal\/wp-content\/uploads\/2014\/09\/policia.jpg\"><img loading=\"lazy\" decoding=\"async\" data-attachment-id=\"36052\" data-permalink=\"https:\/\/www.hoymercedes.com.ar\/principal\/2014\/09\/13\/dos-detenidos-por-el-robo-a-remisero-de-empresa-pronto\/policia-13\/#main\" data-orig-file=\"https:\/\/www.hoymercedes.com.ar\/principal\/wp-content\/uploads\/2014\/09\/policia.jpg\" data-orig-size=\"620,148\" data-comments-opened=\"1\" data-image-meta=\"{&quot;aperture&quot;:&quot;0&quot;,&quot;credit&quot;:&quot;&quot;,&quot;camera&quot;:&quot;&quot;,&quot;caption&quot;:&quot;&quot;,&quot;created_timestamp&quot;:&quot;0&quot;,&quot;copyright&quot;:&quot;&quot;,&quot;focal_length&quot;:&quot;0&quot;,&quot;iso&quot;:&quot;0&quot;,&quot;shutter_speed&quot;:&quot;0&quot;,&quot;title&quot;:&quot;&quot;,&quot;orientation&quot;:&quot;0&quot;}\" data-image-title=\"policia\" data-image-description=\"\" data-image-caption=\"\" data-large-file=\"https:\/\/www.hoymercedes.com.ar\/principal\/wp-content\/uploads\/2014\/09\/policia.jpg\" class=\"Img2014 aligncenter wp-image-36052 size-full\" src=\"https:\/\/www.hoymercedes.com.ar\/principal\/wp-content\/uploads\/2014\/09\/policia.jpg\" alt=\"policia\" width=\"620\" height=\"148\" \/><\/a><\/p>\n<p>&nbsp;<\/p>\n<p><em><strong>&#8211; Por Seba Casanova &#8211; <\/strong><\/em><\/p>\n<p><em><strong>Durante el fin de semana se produjeron varios hechos, sin embargo, dos han convocado m\u00e1s la atenci\u00f3n. Un hombre habr\u00eda intentado quitarse la vida en las v\u00edas del tren mientras que la Polic\u00eda de Mercedes detuvo a un fugado de la justicia en posible caso de abuso.<\/strong><\/em><\/p>\n<p><strong>Detenido<\/strong><\/p>\n<p>Fue identificado en Luj\u00e1n, en el marco de la peregrinaci\u00f3n gaucha. Un polic\u00eda de Mercedes que se encontraba realizando refuerzo en la seguridad de la actividad religiosa en Luj\u00e1n detect\u00f3 al mercedino sobre el que pesaba un pedido de captura y se hallaba en estado de \u201crebeld\u00eda\u201d. Sobre el sujeto pesar\u00eda una acusaci\u00f3n de abuso. Es un caso sobre el cual la ciudad ven\u00eda hablando y sorpresivamente pues resultaba extra\u00f1o no pudieran detenerlo desde hac\u00eda casi cinco meses.<\/p>\n<p><strong>V\u00edas del tren<\/strong><\/p>\n<p>Nuevamente un mercedino termin\u00f3 siendo parte de un accidente. Los motivos son parte de la investigaci\u00f3n que se desarrolla.<\/p>\n<p>El hecho se concret\u00f3 \u00e9ste s\u00e1bado. Seg\u00fan comentaron testigos el acontecimiento fue grave. Intervino el hospital local. Ser\u00eda de apellido Cabral y tendr\u00eda entre 25 y 30 a\u00f1os de edad. Seg\u00fan se coment\u00f3 extra oficialmente el golpe hizo que perdiera un brazo y una pierna.<\/p>\n<p>El accidente sucedi\u00f3 cerca de las 22.30hs de \u00e9ste s\u00e1bado en el cruce de calle 22 y ruta 41. En el hospital Dubarry lo operaron, pero, su estado sigue siendo grave.<\/p>\n<p>&nbsp;<\/p>\n<p>&nbsp;<\/p>\n<p>&nbsp;<\/p>\n","protected":false},"excerpt":{"rendered":"<p>&nbsp; &#8211; Por Seba Casanova &#8211; Durante el fin de semana se produjeron varios hechos, sin embargo, dos han convocado &#8230; <a title=\"Detienen a mercedino con pedido de captura y hombre grave por golpe de tren\" class=\"read-more\" href=\"https:\/\/www.hoymercedes.com.ar\/principal\/2014\/09\/28\/detienen-a-mercedino-con-pedido-de-captura-y-hombre-grave-por-golpe-de-tren\/\" aria-label=\"Leer m\u00e1s sobre Detienen a mercedino con pedido de captura y hombre grave por golpe de tren\">Leer m\u00e1s<\/a><\/p>\n","protected":false},"author":1,"featured_media":0,"comment_status":"open","ping_status":"open","sticky":false,"template":"","format":"standard","meta":{"_monsterinsights_skip_tracking":false,"_monsterinsights_sitenote_active":false,"_monsterinsights_sitenote_note":"","_monsterinsights_sitenote_category":0,"jetpack_post_was_ever_published":false,"_jetpack_newsletter_access":"","_jetpack_dont_email_post_to_subs":false,"_jetpack_newsletter_tier_id":0,"_jetpack_memberships_contains_paywalled_content":false,"_jetpack_memberships_contains_paid_content":false,"footnotes":"","jetpack_publicize_message":"","jetpack_publicize_feature_enabled":true,"jetpack_social_post_already_shared":false,"jetpack_social_options":{"image_generator_settings":{"template":"highway","default_image_id":0,"font":"","enabled":false},"version":2},"_wpas_customize_per_network":false},"categories":[85],"tags":[126],"class_list":["post-36478","post","type-post","status-publish","format-standard","hentry","category-policial","tag-policia-mercedes","generate-columns","tablet-grid-50","mobile-grid-100","grid-parent","grid-50"],"jetpack_publicize_connections":[],"jetpack_featured_media_url":"","wps_subtitle":"Acci\u00f3n policial ","jetpack_sharing_enabled":true,"_links":{"self":[{"href":"https:\/\/www.hoymercedes.com.ar\/principal\/wp-json\/wp\/v2\/posts\/36478","targetHints":{"allow":["GET"]}}],"collection":[{"href":"https:\/\/www.hoymercedes.com.ar\/principal\/wp-json\/wp\/v2\/posts"}],"about":[{"href":"https:\/\/www.hoymercedes.com.ar\/principal\/wp-json\/wp\/v2\/types\/post"}],"author":[{"embeddable":true,"href":"https:\/\/www.hoymercedes.com.ar\/principal\/wp-json\/wp\/v2\/users\/1"}],"replies":[{"embeddable":true,"href":"https:\/\/www.hoymercedes.com.ar\/principal\/wp-json\/wp\/v2\/comments?post=36478"}],"version-history":[{"count":0,"href":"https:\/\/www.hoymercedes.com.ar\/principal\/wp-json\/wp\/v2\/posts\/36478\/revisions"}],"wp:attachment":[{"href":"https:\/\/www.hoymercedes.com.ar\/principal\/wp-json\/wp\/v2\/media?parent=36478"}],"wp:term":[{"taxonomy":"category","embeddable":true,"href":"https:\/\/www.hoymercedes.com.ar\/principal\/wp-json\/wp\/v2\/categories?post=36478"},{"taxonomy":"post_tag","embeddable":true,"href":"https:\/\/www.hoymercedes.com.ar\/principal\/wp-json\/wp\/v2\/tags?post=36478"}],"curies":[{"name":"wp","href":"https:\/\/api.w.org\/{rel}","templated":true}]}}