{"id":36489,"date":"2014-09-29T09:10:08","date_gmt":"2014-09-29T12:10:08","guid":{"rendered":"http:\/\/www.hoymercedes.com.ar\/principal\/?p=36489"},"modified":"2014-09-29T09:44:18","modified_gmt":"2014-09-29T12:44:18","slug":"mic-en-encuentro-del-pro-en-pilar-junto-a-eugenia-vidal","status":"publish","type":"post","link":"https:\/\/www.hoymercedes.com.ar\/principal\/2014\/09\/29\/mic-en-encuentro-del-pro-en-pilar-junto-a-eugenia-vidal\/","title":{"rendered":"MIC en encuentro del PRO en Pilar junto a Eugenia Vidal"},"content":{"rendered":"<p><a href=\"https:\/\/www.hoymercedes.com.ar\/principal\/wp-content\/uploads\/2014\/09\/cestari-vidal-mic.jpg\"><img loading=\"lazy\" decoding=\"async\" data-attachment-id=\"36490\" data-permalink=\"https:\/\/www.hoymercedes.com.ar\/principal\/2014\/09\/29\/mic-en-encuentro-del-pro-en-pilar-junto-a-eugenia-vidal\/cestari-vidal-mic\/#main\" data-orig-file=\"https:\/\/www.hoymercedes.com.ar\/principal\/wp-content\/uploads\/2014\/09\/cestari-vidal-mic.jpg\" data-orig-size=\"620,465\" data-comments-opened=\"1\" data-image-meta=\"{&quot;aperture&quot;:&quot;0&quot;,&quot;credit&quot;:&quot;&quot;,&quot;camera&quot;:&quot;&quot;,&quot;caption&quot;:&quot;&quot;,&quot;created_timestamp&quot;:&quot;0&quot;,&quot;copyright&quot;:&quot;&quot;,&quot;focal_length&quot;:&quot;0&quot;,&quot;iso&quot;:&quot;0&quot;,&quot;shutter_speed&quot;:&quot;0&quot;,&quot;title&quot;:&quot;&quot;,&quot;orientation&quot;:&quot;0&quot;}\" data-image-title=\"cestari-vidal-mic\" data-image-description=\"\" data-image-caption=\"\" data-large-file=\"https:\/\/www.hoymercedes.com.ar\/principal\/wp-content\/uploads\/2014\/09\/cestari-vidal-mic.jpg\" class=\"Img2014 aligncenter wp-image-36490 size-full\" src=\"https:\/\/www.hoymercedes.com.ar\/principal\/wp-content\/uploads\/2014\/09\/cestari-vidal-mic.jpg\" alt=\"cestari-vidal-mic\" width=\"620\" height=\"465\" \/><\/a><\/p>\n<p><em><strong>MIC Mercedes estuvo en Pilar en actividades partidarias provinciales. El s\u00e1bado 27 de septiembre, el concejal vecinalista de Pilar Nicol\u00e1s Ducote, invit\u00f3 al MIC a la apertura de un local Pro en ese Distrito.<\/strong><\/em><\/p>\n<p>Asistieron al evento, referentes de muchos lugares. Asimismo entre las personalidades destacadas estuvieron presentes,\u00a0 el presidente del PRO Nacional, Humberto Schiavoni, la Vicejefa de Gobierno de la CABA y candidata a Gobernadora de la Provincia de Buenos Aires, Mar\u00eda Eugenia Vidal, el Diputado Nacional, Federico Pinedo, Eduardo Amadeo, economista y ex diputado, entre otros.<\/p>\n<p>Los oradores expresaron en general que est\u00e1n preparados, convencidos, y que tienen un equipo y una red de profesionales, con quienes saben c\u00f3mo solucionar muchos de los principales problemas del pa\u00eds. Hay que caminar y\u00a0 escuchar a la gente y hacer pol\u00edtica de una manera distinta, al servicio de los vecinos, .que les garantice un futuro mucho mejor con un gobierno presente en cada barrio y cerca de la gente. Que genere cambios concretos y posibles para dar acceso a derechos b\u00e1sicos como mayor seguridad, m\u00e1s infraestructura, mejores escuelas y centros de salud.<\/p>\n<p>El concejal del MIC, Jos\u00e9 Cestari, junto al Presidente del Partido, Agust\u00edn Bavastro y al Secretario de la juventud, Nicol\u00e1s Quiroga agredecieron la invitaci\u00f3n y felicitaron a Nicol\u00e1s Ducote. Luego dialogaron con Mar\u00eda Eugenia Vidal que confirm\u00f3 la visita a la ciudad de Mercedes para el pr\u00f3ximo jueves 2 de octubre..<\/p>\n<p>&nbsp;<\/p>\n","protected":false},"excerpt":{"rendered":"<p>MIC Mercedes estuvo en Pilar en actividades partidarias provinciales. El s\u00e1bado 27 de septiembre, el concejal vecinalista de Pilar Nicol\u00e1s &#8230; <a title=\"MIC en encuentro del PRO en Pilar junto a Eugenia Vidal\" class=\"read-more\" href=\"https:\/\/www.hoymercedes.com.ar\/principal\/2014\/09\/29\/mic-en-encuentro-del-pro-en-pilar-junto-a-eugenia-vidal\/\" aria-label=\"Leer m\u00e1s sobre MIC en encuentro del PRO en Pilar junto a Eugenia Vidal\">Leer m\u00e1s<\/a><\/p>\n","protected":false},"author":1,"featured_media":0,"comment_status":"open","ping_status":"open","sticky":false,"template":"","format":"standard","meta":{"_monsterinsights_skip_tracking":false,"_monsterinsights_sitenote_active":false,"_monsterinsights_sitenote_note":"","_monsterinsights_sitenote_category":0,"jetpack_post_was_ever_published":false,"_jetpack_newsletter_access":"","_jetpack_dont_email_post_to_subs":false,"_jetpack_newsletter_tier_id":0,"_jetpack_memberships_contains_paywalled_content":false,"_jetpack_memberships_contains_paid_content":false,"footnotes":"","jetpack_publicize_message":"","jetpack_publicize_feature_enabled":true,"jetpack_social_post_already_shared":false,"jetpack_social_options":{"image_generator_settings":{"template":"highway","default_image_id":0,"font":"","enabled":false},"version":2},"_wpas_customize_per_network":false},"categories":[5],"tags":[6104,321,1956],"class_list":["post-36489","post","type-post","status-publish","format-standard","hentry","category-politica","tag-cestari-vidal","tag-jose-cestari","tag-mic-mercedes","generate-columns","tablet-grid-50","mobile-grid-100","grid-parent","grid-50"],"jetpack_publicize_connections":[],"jetpack_featured_media_url":"","wps_subtitle":"","jetpack_sharing_enabled":true,"_links":{"self":[{"href":"https:\/\/www.hoymercedes.com.ar\/principal\/wp-json\/wp\/v2\/posts\/36489","targetHints":{"allow":["GET"]}}],"collection":[{"href":"https:\/\/www.hoymercedes.com.ar\/principal\/wp-json\/wp\/v2\/posts"}],"about":[{"href":"https:\/\/www.hoymercedes.com.ar\/principal\/wp-json\/wp\/v2\/types\/post"}],"author":[{"embeddable":true,"href":"https:\/\/www.hoymercedes.com.ar\/principal\/wp-json\/wp\/v2\/users\/1"}],"replies":[{"embeddable":true,"href":"https:\/\/www.hoymercedes.com.ar\/principal\/wp-json\/wp\/v2\/comments?post=36489"}],"version-history":[{"count":0,"href":"https:\/\/www.hoymercedes.com.ar\/principal\/wp-json\/wp\/v2\/posts\/36489\/revisions"}],"wp:attachment":[{"href":"https:\/\/www.hoymercedes.com.ar\/principal\/wp-json\/wp\/v2\/media?parent=36489"}],"wp:term":[{"taxonomy":"category","embeddable":true,"href":"https:\/\/www.hoymercedes.com.ar\/principal\/wp-json\/wp\/v2\/categories?post=36489"},{"taxonomy":"post_tag","embeddable":true,"href":"https:\/\/www.hoymercedes.com.ar\/principal\/wp-json\/wp\/v2\/tags?post=36489"}],"curies":[{"name":"wp","href":"https:\/\/api.w.org\/{rel}","templated":true}]}}