{"id":36499,"date":"2014-09-29T11:20:18","date_gmt":"2014-09-29T14:20:18","guid":{"rendered":"http:\/\/www.hoymercedes.com.ar\/principal\/?p=36499"},"modified":"2014-10-02T22:56:21","modified_gmt":"2014-10-03T01:56:21","slug":"desde-la-union-civica-radical-mercedes-seguimos-recorriendo-la-ciudad-y-presentando-peticiones-al-concejo-deliberante-manifestaron","status":"publish","type":"post","link":"https:\/\/www.hoymercedes.com.ar\/principal\/2014\/09\/29\/desde-la-union-civica-radical-mercedes-seguimos-recorriendo-la-ciudad-y-presentando-peticiones-al-concejo-deliberante-manifestaron\/","title":{"rendered":"\u00abDesde la Uni\u00f3n C\u00edvica Radical Mercedes seguimos recorriendo la ciudad y presentando peticiones al concejo deliberante\u00bb, manifestaron"},"content":{"rendered":"<div dir=\"ltr\"><a href=\"https:\/\/www.hoymercedes.com.ar\/principal\/wp-content\/uploads\/2014\/09\/Albini-Fal.jpg\"><img loading=\"lazy\" decoding=\"async\" data-attachment-id=\"36500\" data-permalink=\"https:\/\/www.hoymercedes.com.ar\/principal\/2014\/09\/29\/desde-la-union-civica-radical-mercedes-seguimos-recorriendo-la-ciudad-y-presentando-peticiones-al-concejo-deliberante-manifestaron\/albini-fal\/#main\" data-orig-file=\"https:\/\/www.hoymercedes.com.ar\/principal\/wp-content\/uploads\/2014\/09\/Albini-Fal.jpg\" data-orig-size=\"620,414\" data-comments-opened=\"1\" data-image-meta=\"{&quot;aperture&quot;:&quot;0&quot;,&quot;credit&quot;:&quot;&quot;,&quot;camera&quot;:&quot;&quot;,&quot;caption&quot;:&quot;&quot;,&quot;created_timestamp&quot;:&quot;0&quot;,&quot;copyright&quot;:&quot;&quot;,&quot;focal_length&quot;:&quot;0&quot;,&quot;iso&quot;:&quot;0&quot;,&quot;shutter_speed&quot;:&quot;0&quot;,&quot;title&quot;:&quot;&quot;,&quot;orientation&quot;:&quot;0&quot;}\" data-image-title=\"Albini-Fal\" data-image-description=\"\" data-image-caption=\"\" data-large-file=\"https:\/\/www.hoymercedes.com.ar\/principal\/wp-content\/uploads\/2014\/09\/Albini-Fal.jpg\" class=\"Img2014 aligncenter wp-image-36500 size-full\" src=\"https:\/\/www.hoymercedes.com.ar\/principal\/wp-content\/uploads\/2014\/09\/Albini-Fal.jpg\" alt=\"Albini-Fal\" width=\"620\" height=\"414\" \/><\/a><\/div>\n<div dir=\"ltr\"><\/div>\n<div dir=\"ltr\"><em><strong>\u00abDesde la Uni\u00f3n C\u00edvica Radical Mercedes seguimos recorriendo la ciudad y presentando peticiones al concejo deliberante.\u00bb, remarcaron.<\/strong><\/em><\/p>\n<p><strong>&#8211; Por UCR &#8211;<\/strong><\/p>\n<p>Tambi\u00e9n hacemos el seguimiento de lo que venimos gestionando y se nos hace dificultoso el conseguir respuestas r\u00e1pidas. Como por ejemplo el pasado 7 de Julio solicitamos a trav\u00e9s del Expte.364\/14, una campa\u00f1a combativa sobre la plaga Liquen com\u00fanmente mal llamada \u00abclavel del aire\u00bb \u00a0que vemos va avanzando y secando el arbolado de nuestra ciudad, tuvo pronto despacho de la comisi\u00f3n de Medio Ambiente del HCD pero desde el d\u00eda 8 de julio est\u00e1 en el Departamento Ejecutivo y no tenemos respuesta.<br \/>\nLo mismo sucede con el Expte. 343\/14 en el que solicitamos la construcci\u00f3n de una d\u00e1rsena para poder detenerse y un semaforo de giro en la intersecci\u00f3n de Av. de los Inmigrantes y calle 119. Es una esquina complicada y el principal acceso al Barrio Villa Asunci\u00f3n. Como dije, estos son s\u00f3lo 2 ejemplos, pero hay varias peticiones que siguen esperando respuesta.<\/p>\n<p>A pesar de esto, seguimos trabajando, es por eso que en estos d\u00edas hemos presentado varios que tiene que ver con la calle 19 desde 114 hasta 144; solicitamos concretamente la reparaci\u00f3n de la misma en las intersecciones de calle 138 y tambi\u00e9n con la esquina 134. La limpieza por acumulaci\u00f3n de basura y ramas en la esquina de calle 19 y 138 y el desmalezamiento del zanj\u00f3n de calle 19 desde 114 a 144. El mismo es muy profundo y est\u00e1 en varios sectores completamente tapado por la proliferaci\u00f3n de arbustos y vegetaci\u00f3n, lo que dificulta el escurrimiento del agua.<\/p>\n<p>Tambi\u00e9n solicitamos se contin\u00fae con la vereda en calle 114 \u00a0desde 19 a 15, exactamente sobre el Instituto Madre Camila Rol\u00f3n, ya que son apenas 40 metros y beneficiar\u00eda a los alumnos de dicho colegio como as\u00ed tambi\u00e9n a los del Colegio Parroquial y dem\u00e1s vecinos.<\/p>\n<p>La semana pasada presentamos pedido de \u00a0reparaci\u00f3n de calle 34 desde el ingreso a Pago Chico hasta la Escuela 12, esta calle fue rellenada pero no tiene un buen escurrimiento del agua ya que se inunda y se forman un pantanos que abarcan la calle y la\u00a0bici senda.<\/p>\n<p><strong>CANDIDATURA\u00a0<\/strong><\/div>\n<div dir=\"ltr\">\nCon respecto a la candidatura de Lucas Fal, es algo que lo venimos charlando desde hace un tiempo, m\u00e1s precisamente desde el verano; estoy muy entusiasmado con su lanzamiento y lo voy a acompa\u00f1ar como candidato a concejal. Estamos trabajando juntos, con reuniones, escuchando a la gente, a entidades y elaborando lo que va a ser el proyecto a presentar para el a\u00f1o 2015.<br \/>\nVoy a seguir trabajando como hasta ahora, para poder lograr el objetivo, que es un cambio en la ciudad y estoy seguro que con Lucas lo vamos \u00a0a lograr.<\/div>\n","protected":false},"excerpt":{"rendered":"<p>\u00abDesde la Uni\u00f3n C\u00edvica Radical Mercedes seguimos recorriendo la ciudad y presentando peticiones al concejo deliberante.\u00bb, remarcaron. &#8211; Por UCR &#8230; <a title=\"\u00abDesde la Uni\u00f3n C\u00edvica Radical Mercedes seguimos recorriendo la ciudad y presentando peticiones al concejo deliberante\u00bb, manifestaron\" class=\"read-more\" href=\"https:\/\/www.hoymercedes.com.ar\/principal\/2014\/09\/29\/desde-la-union-civica-radical-mercedes-seguimos-recorriendo-la-ciudad-y-presentando-peticiones-al-concejo-deliberante-manifestaron\/\" aria-label=\"Leer m\u00e1s sobre \u00abDesde la Uni\u00f3n C\u00edvica Radical Mercedes seguimos recorriendo la ciudad y presentando peticiones al concejo deliberante\u00bb, manifestaron\">Leer m\u00e1s<\/a><\/p>\n","protected":false},"author":1,"featured_media":0,"comment_status":"open","ping_status":"open","sticky":false,"template":"","format":"standard","meta":{"_monsterinsights_skip_tracking":false,"_monsterinsights_sitenote_active":false,"_monsterinsights_sitenote_note":"","_monsterinsights_sitenote_category":0,"jetpack_post_was_ever_published":false,"_jetpack_newsletter_access":"","_jetpack_dont_email_post_to_subs":false,"_jetpack_newsletter_tier_id":0,"_jetpack_memberships_contains_paywalled_content":false,"_jetpack_memberships_contains_paid_content":false,"footnotes":"","jetpack_publicize_message":"","jetpack_publicize_feature_enabled":true,"jetpack_social_post_already_shared":false,"jetpack_social_options":{"image_generator_settings":{"template":"highway","default_image_id":0,"font":"","enabled":false},"version":2},"_wpas_customize_per_network":false},"categories":[5],"tags":[2008,2834,2814],"class_list":["post-36499","post","type-post","status-publish","format-standard","hentry","category-politica","tag-lucas-fal","tag-oscar-albini","tag-union-civica-radical","generate-columns","tablet-grid-50","mobile-grid-100","grid-parent","grid-50"],"jetpack_publicize_connections":[],"jetpack_featured_media_url":"","wps_subtitle":"Pol\u00edtica mercedina ","jetpack_sharing_enabled":true,"_links":{"self":[{"href":"https:\/\/www.hoymercedes.com.ar\/principal\/wp-json\/wp\/v2\/posts\/36499","targetHints":{"allow":["GET"]}}],"collection":[{"href":"https:\/\/www.hoymercedes.com.ar\/principal\/wp-json\/wp\/v2\/posts"}],"about":[{"href":"https:\/\/www.hoymercedes.com.ar\/principal\/wp-json\/wp\/v2\/types\/post"}],"author":[{"embeddable":true,"href":"https:\/\/www.hoymercedes.com.ar\/principal\/wp-json\/wp\/v2\/users\/1"}],"replies":[{"embeddable":true,"href":"https:\/\/www.hoymercedes.com.ar\/principal\/wp-json\/wp\/v2\/comments?post=36499"}],"version-history":[{"count":0,"href":"https:\/\/www.hoymercedes.com.ar\/principal\/wp-json\/wp\/v2\/posts\/36499\/revisions"}],"wp:attachment":[{"href":"https:\/\/www.hoymercedes.com.ar\/principal\/wp-json\/wp\/v2\/media?parent=36499"}],"wp:term":[{"taxonomy":"category","embeddable":true,"href":"https:\/\/www.hoymercedes.com.ar\/principal\/wp-json\/wp\/v2\/categories?post=36499"},{"taxonomy":"post_tag","embeddable":true,"href":"https:\/\/www.hoymercedes.com.ar\/principal\/wp-json\/wp\/v2\/tags?post=36499"}],"curies":[{"name":"wp","href":"https:\/\/api.w.org\/{rel}","templated":true}]}}