{"id":36508,"date":"2014-09-29T19:31:31","date_gmt":"2014-09-29T22:31:31","guid":{"rendered":"http:\/\/www.hoymercedes.com.ar\/principal\/?p=36508"},"modified":"2014-09-29T19:33:24","modified_gmt":"2014-09-29T22:33:24","slug":"union-de-usuarios-viales-presenta-balance-de-estado-de-obras-en-ruta-n5","status":"publish","type":"post","link":"https:\/\/www.hoymercedes.com.ar\/principal\/2014\/09\/29\/union-de-usuarios-viales-presenta-balance-de-estado-de-obras-en-ruta-n5\/","title":{"rendered":"Uni\u00f3n de Usuarios viales presenta balance de estado de obras en Ruta N\u00b05"},"content":{"rendered":"<p><a href=\"https:\/\/www.hoymercedes.com.ar\/principal\/wp-content\/uploads\/2014\/09\/balanca.ruta5jpg.jpg\"><img loading=\"lazy\" decoding=\"async\" data-attachment-id=\"36509\" data-permalink=\"https:\/\/www.hoymercedes.com.ar\/principal\/2014\/09\/29\/union-de-usuarios-viales-presenta-balance-de-estado-de-obras-en-ruta-n5\/balanca-ruta5jpg\/#main\" data-orig-file=\"https:\/\/www.hoymercedes.com.ar\/principal\/wp-content\/uploads\/2014\/09\/balanca.ruta5jpg.jpg\" data-orig-size=\"620,405\" data-comments-opened=\"1\" data-image-meta=\"{&quot;aperture&quot;:&quot;0&quot;,&quot;credit&quot;:&quot;&quot;,&quot;camera&quot;:&quot;&quot;,&quot;caption&quot;:&quot;&quot;,&quot;created_timestamp&quot;:&quot;0&quot;,&quot;copyright&quot;:&quot;&quot;,&quot;focal_length&quot;:&quot;0&quot;,&quot;iso&quot;:&quot;0&quot;,&quot;shutter_speed&quot;:&quot;0&quot;,&quot;title&quot;:&quot;&quot;,&quot;orientation&quot;:&quot;0&quot;}\" data-image-title=\"balanca.ruta5jpg\" data-image-description=\"\" data-image-caption=\"\" data-large-file=\"https:\/\/www.hoymercedes.com.ar\/principal\/wp-content\/uploads\/2014\/09\/balanca.ruta5jpg.jpg\" class=\"Img2014 aligncenter wp-image-36509 size-full\" src=\"https:\/\/www.hoymercedes.com.ar\/principal\/wp-content\/uploads\/2014\/09\/balanca.ruta5jpg.jpg\" alt=\"balanca.ruta5jpg\" width=\"620\" height=\"405\" \/><\/a><\/p>\n<p><em><strong>Desde la Uni\u00f3n de Usuarios Viales de la regi\u00f3n dan a conocer un escrito en el cual hacen un balance y punteo del estado de situaci\u00f3n de las obras y acciones sobre la Ruta Nacional N\u00b05. La idea es mantener informada a la comunidad sobre las obras y cuestiones que surgen de larga data y son necesarias para la protecci\u00f3n de la vida humana.<\/strong><\/em><\/p>\n<p>La Uni\u00f3n de Usuarios Viales expuso que:<\/p>\n<p style=\"padding-left: 90px;\">&#8211; El desag\u00fce pluvial en Luj\u00e1n esta frenado hace un mes, sin desag\u00fce no hay conexi\u00f3n de Autopista 5 con el Acceso Oeste.<\/p>\n<p style=\"padding-left: 90px;\">&#8211; El saneado de un tramo del arroyo Lanusse, tambi\u00e9n est\u00e1 frenado, este arroyo recibir\u00e1 el agua del desag\u00fce antes mencionado.<\/p>\n<p style=\"padding-left: 90px;\">&#8211; El Obrador a instalarse en Luj\u00e1n esta frenado.<\/p>\n<p style=\"padding-left: 90px;\">\u00a0Estas obras e instalaci\u00f3n del Obrador, est\u00e1n pura y exclusivamente frenadas por el ejecutivo de Luj\u00e1n, \u00danico responsable de que las obras que ven\u00edan marchando debidamente, hoy est\u00e9n demoradas.<\/p>\n<p style=\"padding-left: 90px;\">&#8211; S\u00ed, podemos decir y mostrar que las balanzas de la ciudad de 9 de julio, se re modelaron a nuevas con mejor tecnolog\u00eda.<\/p>\n<p style=\"padding-left: 90px;\">&#8211; Entre las ciudades de Chivilcoy y Gorostiaga, avanzan con el frezado y reasfaltado.<\/p>\n<p style=\"padding-left: 90px;\">&#8211; La rotonda en Carlos Casares se est\u00e1 construyendo.<\/p>\n<p style=\"padding-left: 90px;\">&#8211; En el puente viejo de los arcos en Luj\u00e1n, se acomod\u00f3 el asfalto sacando Lomas y pozos.<\/p>\n<p style=\"padding-left: 90px;\">&#8211; Colectoras entre Luj\u00e1n y Mercedes se est\u00e1n reparando.<\/p>\n<p style=\"padding-left: 90px;\">&#8211; La iluminaci\u00f3n del cruce de Autopista 5 y ruta Prov. 41, en 30 d\u00edas se culmina y se encienden.<\/p>\n<p style=\"padding-left: 90px;\">&#8211; El segundo tramo a nuevo entre Olivera y Jaureg\u00fci, a punto de comenzar concluyendo con el primero de 4 kms.<\/p>\n<p style=\"padding-left: 90px;\">Cabe aclarar que se encontraron sin base al levantar el pavimento, lo que ampli\u00f3 el tiempo de obras sumado al mal tiempo.<\/p>\n<p style=\"padding-left: 90px;\">&#8211; En el peaje de Olivera, se colocaron amortiguadores de alto impacto sumado a los reductores de velocidad y delineadores de tr\u00e1nsito en el tramo Autopista Mercedes Luj\u00e1n, esto gracias a los reclamos del gremio de los trabajadores del peaje que tambi\u00e9n pelean por la seguridad vial.<\/p>\n<p style=\"padding-left: 90px;\">Este es un resumen sobre la actualidad de la Concesi\u00f3n Luj\u00e1n Casares.<\/p>\n<p style=\"padding-left: 90px;\">Vale la aclaraci\u00f3n, todo esto es producto de la lucha de los Autoconvocados,del buen entendimiento y gesti\u00f3n entre las partes, Vialidad, Occovi, Legisladores, Empresa.<\/p>\n<p>En Mercedes qui\u00e9n difundi\u00f3 los datos fue Carlos Mosso, integrante de la agrupaci\u00f3n que ha mantenido reuniones en el \u00faltimo tiempo con funcionarios nacionales y provinciales, intendente y vecinos en pos de las obras y la seguridad vial.<img loading=\"lazy\" decoding=\"async\" data-attachment-id=\"36510\" data-permalink=\"https:\/\/www.hoymercedes.com.ar\/principal\/2014\/09\/29\/union-de-usuarios-viales-presenta-balance-de-estado-de-obras-en-ruta-n5\/obras-ruta5\/#main\" data-orig-file=\"https:\/\/www.hoymercedes.com.ar\/principal\/wp-content\/uploads\/2014\/09\/Obras.Ruta5_.jpg\" data-orig-size=\"620,349\" data-comments-opened=\"1\" data-image-meta=\"{&quot;aperture&quot;:&quot;0&quot;,&quot;credit&quot;:&quot;&quot;,&quot;camera&quot;:&quot;&quot;,&quot;caption&quot;:&quot;&quot;,&quot;created_timestamp&quot;:&quot;0&quot;,&quot;copyright&quot;:&quot;&quot;,&quot;focal_length&quot;:&quot;0&quot;,&quot;iso&quot;:&quot;0&quot;,&quot;shutter_speed&quot;:&quot;0&quot;,&quot;title&quot;:&quot;&quot;,&quot;orientation&quot;:&quot;0&quot;}\" data-image-title=\"Obras.Ruta5\" data-image-description=\"\" data-image-caption=\"\" data-large-file=\"https:\/\/www.hoymercedes.com.ar\/principal\/wp-content\/uploads\/2014\/09\/Obras.Ruta5_.jpg\" class=\"Img2014 aligncenter wp-image-36510 size-full\" src=\"https:\/\/www.hoymercedes.com.ar\/principal\/wp-content\/uploads\/2014\/09\/Obras.Ruta5_.jpg\" alt=\"Obras.Ruta5\" width=\"620\" height=\"349\" \/><\/p>\n","protected":false},"excerpt":{"rendered":"<p>Desde la Uni\u00f3n de Usuarios Viales de la regi\u00f3n dan a conocer un escrito en el cual hacen un balance &#8230; <a title=\"Uni\u00f3n de Usuarios viales presenta balance de estado de obras en Ruta N\u00b05\" class=\"read-more\" href=\"https:\/\/www.hoymercedes.com.ar\/principal\/2014\/09\/29\/union-de-usuarios-viales-presenta-balance-de-estado-de-obras-en-ruta-n5\/\" aria-label=\"Leer m\u00e1s sobre Uni\u00f3n de Usuarios viales presenta balance de estado de obras en Ruta N\u00b05\">Leer m\u00e1s<\/a><\/p>\n","protected":false},"author":1,"featured_media":0,"comment_status":"open","ping_status":"open","sticky":false,"template":"","format":"standard","meta":{"_monsterinsights_skip_tracking":false,"_monsterinsights_sitenote_active":false,"_monsterinsights_sitenote_note":"","_monsterinsights_sitenote_category":0,"jetpack_post_was_ever_published":false,"_jetpack_newsletter_access":"","_jetpack_dont_email_post_to_subs":false,"_jetpack_newsletter_tier_id":0,"_jetpack_memberships_contains_paywalled_content":false,"_jetpack_memberships_contains_paid_content":false,"footnotes":"","jetpack_publicize_message":"","jetpack_publicize_feature_enabled":true,"jetpack_social_post_already_shared":false,"jetpack_social_options":{"image_generator_settings":{"template":"highway","default_image_id":0,"font":"","enabled":false},"version":2},"_wpas_customize_per_network":false},"categories":[8],"tags":[3052,2858,2754],"class_list":["post-36508","post","type-post","status-publish","format-standard","hentry","category-sociedad","tag-carlos-mosso","tag-ruta-nacional-5","tag-union-de-usuarios-viales","generate-columns","tablet-grid-50","mobile-grid-100","grid-parent","grid-50"],"jetpack_publicize_connections":[],"jetpack_featured_media_url":"","wps_subtitle":"Estado de situaci\u00f3n","jetpack_sharing_enabled":true,"_links":{"self":[{"href":"https:\/\/www.hoymercedes.com.ar\/principal\/wp-json\/wp\/v2\/posts\/36508","targetHints":{"allow":["GET"]}}],"collection":[{"href":"https:\/\/www.hoymercedes.com.ar\/principal\/wp-json\/wp\/v2\/posts"}],"about":[{"href":"https:\/\/www.hoymercedes.com.ar\/principal\/wp-json\/wp\/v2\/types\/post"}],"author":[{"embeddable":true,"href":"https:\/\/www.hoymercedes.com.ar\/principal\/wp-json\/wp\/v2\/users\/1"}],"replies":[{"embeddable":true,"href":"https:\/\/www.hoymercedes.com.ar\/principal\/wp-json\/wp\/v2\/comments?post=36508"}],"version-history":[{"count":0,"href":"https:\/\/www.hoymercedes.com.ar\/principal\/wp-json\/wp\/v2\/posts\/36508\/revisions"}],"wp:attachment":[{"href":"https:\/\/www.hoymercedes.com.ar\/principal\/wp-json\/wp\/v2\/media?parent=36508"}],"wp:term":[{"taxonomy":"category","embeddable":true,"href":"https:\/\/www.hoymercedes.com.ar\/principal\/wp-json\/wp\/v2\/categories?post=36508"},{"taxonomy":"post_tag","embeddable":true,"href":"https:\/\/www.hoymercedes.com.ar\/principal\/wp-json\/wp\/v2\/tags?post=36508"}],"curies":[{"name":"wp","href":"https:\/\/api.w.org\/{rel}","templated":true}]}}