{"id":36513,"date":"2014-09-29T20:22:21","date_gmt":"2014-09-29T23:22:21","guid":{"rendered":"http:\/\/www.hoymercedes.com.ar\/principal\/?p=36513"},"modified":"2014-09-29T20:23:39","modified_gmt":"2014-09-29T23:23:39","slug":"benitez-recorrio-zonas-necesitadas-de-limpieza-comunal","status":"publish","type":"post","link":"https:\/\/www.hoymercedes.com.ar\/principal\/2014\/09\/29\/benitez-recorrio-zonas-necesitadas-de-limpieza-comunal\/","title":{"rendered":"Benitez recorri\u00f3 zonas necesitadas de limpieza comunal"},"content":{"rendered":"<p><a href=\"https:\/\/www.hoymercedes.com.ar\/principal\/wp-content\/uploads\/2014\/09\/Benitez-29.09.2014.jpg\"><img loading=\"lazy\" decoding=\"async\" data-attachment-id=\"36514\" data-permalink=\"https:\/\/www.hoymercedes.com.ar\/principal\/2014\/09\/29\/benitez-recorrio-zonas-necesitadas-de-limpieza-comunal\/benitez-29-09-2014\/#main\" data-orig-file=\"https:\/\/www.hoymercedes.com.ar\/principal\/wp-content\/uploads\/2014\/09\/Benitez-29.09.2014.jpg\" data-orig-size=\"620,827\" data-comments-opened=\"1\" data-image-meta=\"{&quot;aperture&quot;:&quot;0&quot;,&quot;credit&quot;:&quot;&quot;,&quot;camera&quot;:&quot;&quot;,&quot;caption&quot;:&quot;&quot;,&quot;created_timestamp&quot;:&quot;0&quot;,&quot;copyright&quot;:&quot;&quot;,&quot;focal_length&quot;:&quot;0&quot;,&quot;iso&quot;:&quot;0&quot;,&quot;shutter_speed&quot;:&quot;0&quot;,&quot;title&quot;:&quot;&quot;,&quot;orientation&quot;:&quot;0&quot;}\" data-image-title=\"Benitez-29.09.2014\" data-image-description=\"\" data-image-caption=\"\" data-large-file=\"https:\/\/www.hoymercedes.com.ar\/principal\/wp-content\/uploads\/2014\/09\/Benitez-29.09.2014.jpg\" class=\"Img2014 aligncenter wp-image-36514 size-full\" src=\"https:\/\/www.hoymercedes.com.ar\/principal\/wp-content\/uploads\/2014\/09\/Benitez-29.09.2014.jpg\" alt=\"Benitez-29.09.2014\" width=\"620\" height=\"827\" srcset=\"https:\/\/www.hoymercedes.com.ar\/principal\/wp-content\/uploads\/2014\/09\/Benitez-29.09.2014.jpg 620w, https:\/\/www.hoymercedes.com.ar\/principal\/wp-content\/uploads\/2014\/09\/Benitez-29.09.2014-464x620.jpg 464w\" sizes=\"auto, (max-width: 620px) 100vw, 620px\" \/><\/a><\/p>\n<p><em><strong>Juan Carlos Benitez, concejal e integrante del PRO, contin\u00faa recorriendo la ciudad y mostrando espacios necesitados de la acci\u00f3n comunal. En esta ocasi\u00f3n recorri\u00f3 la zona aleda\u00f1a al predio del Club Estudiantes donde dialog\u00f3 con vecinos y confirm\u00f3 los reclamos que los mismos ven\u00edan realizando.<\/strong><\/em><\/p>\n<p>Benitez coment\u00f3: \u00ab<em>A partir de reclamos escritos realizados por vecinos de calle 28 entre 131 y 133\u00a0 (cerca del campo de deportes del Club Estudiantes) he visitado el lugar. De modo urgente pedir\u00e9 el tratamiento correspondiente, pues de seguir as\u00ed ramas y basuras llegar\u00e1n hasta calle 127.\u00bb<\/em>, expuso remarcando que pedir\u00e1 acci\u00f3n reparadora de la zona.<\/p>\n<p>Tambi\u00e9n coment\u00f3 que es: <em>\u00abUna pena observar tanta desidia, pues basta con empujar las ramas hacia la extensa cava existente y as\u00ed evitar los mont\u00edculos que se van acumulando. Cabe agregar que los diferentes lugares con basura acumulada ser\u00e1n objeto de reclamos en el Concejo Deliberante, elevados por m\u00ed, as\u00ed como su ubicaci\u00f3n geogr\u00e1fica ser\u00e1 \u00fatil para el Ing. Carlos Cristofari, que a la fecha est\u00e1 preparando una conferencia referida a la recolecci\u00f3n y disposici\u00f3n final de la basura en el partido de Mercedes\u00bb\u00a0<\/em><\/p>\n<p>De esta manera el edil contin\u00faa su contacto con los vecinos y exponiendo actividades futuras.<\/p>\n<p><em><img loading=\"lazy\" decoding=\"async\" data-attachment-id=\"36515\" data-permalink=\"https:\/\/www.hoymercedes.com.ar\/principal\/2014\/09\/29\/benitez-recorrio-zonas-necesitadas-de-limpieza-comunal\/benitez-29-09-2014-ii\/#main\" data-orig-file=\"https:\/\/www.hoymercedes.com.ar\/principal\/wp-content\/uploads\/2014\/09\/Benitez-29.09.2014-II.jpg\" data-orig-size=\"620,827\" data-comments-opened=\"1\" data-image-meta=\"{&quot;aperture&quot;:&quot;0&quot;,&quot;credit&quot;:&quot;&quot;,&quot;camera&quot;:&quot;&quot;,&quot;caption&quot;:&quot;&quot;,&quot;created_timestamp&quot;:&quot;0&quot;,&quot;copyright&quot;:&quot;&quot;,&quot;focal_length&quot;:&quot;0&quot;,&quot;iso&quot;:&quot;0&quot;,&quot;shutter_speed&quot;:&quot;0&quot;,&quot;title&quot;:&quot;&quot;,&quot;orientation&quot;:&quot;0&quot;}\" data-image-title=\"Benitez-29.09.2014-II\" data-image-description=\"\" data-image-caption=\"\" data-large-file=\"https:\/\/www.hoymercedes.com.ar\/principal\/wp-content\/uploads\/2014\/09\/Benitez-29.09.2014-II.jpg\" class=\"Img2014 aligncenter wp-image-36515 size-full\" src=\"https:\/\/www.hoymercedes.com.ar\/principal\/wp-content\/uploads\/2014\/09\/Benitez-29.09.2014-II.jpg\" alt=\"Benitez-29.09.2014-II\" width=\"620\" height=\"827\" srcset=\"https:\/\/www.hoymercedes.com.ar\/principal\/wp-content\/uploads\/2014\/09\/Benitez-29.09.2014-II.jpg 620w, https:\/\/www.hoymercedes.com.ar\/principal\/wp-content\/uploads\/2014\/09\/Benitez-29.09.2014-II-464x620.jpg 464w\" sizes=\"auto, (max-width: 620px) 100vw, 620px\" \/><\/em><\/p>\n<p>&nbsp;<\/p>\n<p>&nbsp;<\/p>\n","protected":false},"excerpt":{"rendered":"<p>Juan Carlos Benitez, concejal e integrante del PRO, contin\u00faa recorriendo la ciudad y mostrando espacios necesitados de la acci\u00f3n comunal. &#8230; <a title=\"Benitez recorri\u00f3 zonas necesitadas de limpieza comunal\" class=\"read-more\" href=\"https:\/\/www.hoymercedes.com.ar\/principal\/2014\/09\/29\/benitez-recorrio-zonas-necesitadas-de-limpieza-comunal\/\" aria-label=\"Leer m\u00e1s sobre Benitez recorri\u00f3 zonas necesitadas de limpieza comunal\">Leer m\u00e1s<\/a><\/p>\n","protected":false},"author":1,"featured_media":0,"comment_status":"open","ping_status":"open","sticky":false,"template":"","format":"standard","meta":{"_monsterinsights_skip_tracking":false,"_monsterinsights_sitenote_active":false,"_monsterinsights_sitenote_note":"","_monsterinsights_sitenote_category":0,"jetpack_post_was_ever_published":false,"_jetpack_newsletter_access":"","_jetpack_dont_email_post_to_subs":false,"_jetpack_newsletter_tier_id":0,"_jetpack_memberships_contains_paywalled_content":false,"_jetpack_memberships_contains_paid_content":false,"footnotes":"","jetpack_publicize_message":"","jetpack_publicize_feature_enabled":true,"jetpack_social_post_already_shared":false,"jetpack_social_options":{"image_generator_settings":{"template":"highway","default_image_id":0,"font":"","enabled":false},"version":2},"_wpas_customize_per_network":false},"categories":[85,5],"tags":[2423,6107,313,123],"class_list":["post-36513","post","type-post","status-publish","format-standard","hentry","category-policial","category-politica","tag-basura-en-mercedes","tag-concejal-benitez","tag-juan-carlos-benitez","tag-mercedes-buenos-aires","generate-columns","tablet-grid-50","mobile-grid-100","grid-parent","grid-50"],"jetpack_publicize_connections":[],"jetpack_featured_media_url":"","wps_subtitle":"Acci\u00f3n pol\u00edtica y legislativa","jetpack_sharing_enabled":true,"_links":{"self":[{"href":"https:\/\/www.hoymercedes.com.ar\/principal\/wp-json\/wp\/v2\/posts\/36513","targetHints":{"allow":["GET"]}}],"collection":[{"href":"https:\/\/www.hoymercedes.com.ar\/principal\/wp-json\/wp\/v2\/posts"}],"about":[{"href":"https:\/\/www.hoymercedes.com.ar\/principal\/wp-json\/wp\/v2\/types\/post"}],"author":[{"embeddable":true,"href":"https:\/\/www.hoymercedes.com.ar\/principal\/wp-json\/wp\/v2\/users\/1"}],"replies":[{"embeddable":true,"href":"https:\/\/www.hoymercedes.com.ar\/principal\/wp-json\/wp\/v2\/comments?post=36513"}],"version-history":[{"count":0,"href":"https:\/\/www.hoymercedes.com.ar\/principal\/wp-json\/wp\/v2\/posts\/36513\/revisions"}],"wp:attachment":[{"href":"https:\/\/www.hoymercedes.com.ar\/principal\/wp-json\/wp\/v2\/media?parent=36513"}],"wp:term":[{"taxonomy":"category","embeddable":true,"href":"https:\/\/www.hoymercedes.com.ar\/principal\/wp-json\/wp\/v2\/categories?post=36513"},{"taxonomy":"post_tag","embeddable":true,"href":"https:\/\/www.hoymercedes.com.ar\/principal\/wp-json\/wp\/v2\/tags?post=36513"}],"curies":[{"name":"wp","href":"https:\/\/api.w.org\/{rel}","templated":true}]}}