{"id":36529,"date":"2014-09-30T18:25:15","date_gmt":"2014-09-30T21:25:15","guid":{"rendered":"http:\/\/www.hoymercedes.com.ar\/principal\/?p=36529"},"modified":"2014-09-30T18:33:56","modified_gmt":"2014-09-30T21:33:56","slug":"asalto-y-feroz-golpiza-a-remisero-de-pronto","status":"publish","type":"post","link":"https:\/\/www.hoymercedes.com.ar\/principal\/2014\/09\/30\/asalto-y-feroz-golpiza-a-remisero-de-pronto\/","title":{"rendered":"Asalto y feroz golpiza a remisero de \u00abPronto\u00bb"},"content":{"rendered":"<p><a href=\"https:\/\/www.hoymercedes.com.ar\/principal\/wp-content\/uploads\/2014\/08\/policiabonaerense4.jpg\"><img loading=\"lazy\" decoding=\"async\" data-attachment-id=\"35408\" data-permalink=\"https:\/\/www.hoymercedes.com.ar\/principal\/2014\/08\/22\/asaltan-a-remisero-de-la-empresa-pronto\/policiabonaerense-11\/#main\" data-orig-file=\"https:\/\/www.hoymercedes.com.ar\/principal\/wp-content\/uploads\/2014\/08\/policiabonaerense4.jpg\" data-orig-size=\"620,189\" data-comments-opened=\"1\" data-image-meta=\"{&quot;aperture&quot;:&quot;0&quot;,&quot;credit&quot;:&quot;&quot;,&quot;camera&quot;:&quot;&quot;,&quot;caption&quot;:&quot;&quot;,&quot;created_timestamp&quot;:&quot;0&quot;,&quot;copyright&quot;:&quot;&quot;,&quot;focal_length&quot;:&quot;0&quot;,&quot;iso&quot;:&quot;0&quot;,&quot;shutter_speed&quot;:&quot;0&quot;,&quot;title&quot;:&quot;&quot;}\" data-image-title=\"policiabonaerense\" data-image-description=\"\" data-image-caption=\"\" data-large-file=\"https:\/\/www.hoymercedes.com.ar\/principal\/wp-content\/uploads\/2014\/08\/policiabonaerense4.jpg\" class=\"Img2014 aligncenter wp-image-35408 size-full\" src=\"https:\/\/www.hoymercedes.com.ar\/principal\/wp-content\/uploads\/2014\/08\/policiabonaerense4.jpg\" alt=\"policiabonaerense\" width=\"620\" height=\"189\" \/><\/a><\/p>\n<p><em><strong>Un nuevo hecho delictivo se produjo cuando un remisero de la empresa \u00abPronto\u00bb de nuestra ciudad result\u00f3 v\u00edctima de un robo siendo abandonado en un campo. Fue fuertemente golpeado. Extra oficialmente se supo hay\u00a0detenido\u00a0y el caso\u00a0avanza\u00a0a\u00a0su\u00a0esclarecimiento total.<\/strong><\/em><\/p>\n<p>Todo comenz\u00f3 cuando un grupo de personas solicit\u00f3 el servicio de rem\u00eds. El chofer en un primer momento dud\u00f3, por el lugar y la hora de la madrugada, pero, al verlos con bolsos y petates accedi\u00f3 a brindar el servicio, sin embargo, poco despu\u00e9s le robaron el coche, que terminaron destruyendo al utilizarlo en la fuga.<\/p>\n<p>El remisero, de empresa pronto, result\u00f3 muy golpeado y fue abandonado entre San Antonio de Areco y San Andr\u00e9s de Giles.<\/p>\n<p>El abandono lo realizaron dej\u00e1ndolo fuertemente golpeado y maniatado. Logr\u00f3 movilizarse el chofer y salvar su vida, dando aviso a las autoridades, finalmente.<\/p>\n<p>La primicia del brutal acontecimiento se conoci\u00f3 r\u00e1pidamente por medio del periodista Esteban Marcelo que en la ma\u00f1ana de Fm La Tribuna, durante la emisi\u00f3n de \u00abPensar en voz alta, de Valerga y Altieri, narr\u00f3 el caso, sobre el cual se esperan conocer m\u00e1s detalles.<\/p>\n","protected":false},"excerpt":{"rendered":"<p>Un nuevo hecho delictivo se produjo cuando un remisero de la empresa \u00abPronto\u00bb de nuestra ciudad result\u00f3 v\u00edctima de un &#8230; <a title=\"Asalto y feroz golpiza a remisero de \u00abPronto\u00bb\" class=\"read-more\" href=\"https:\/\/www.hoymercedes.com.ar\/principal\/2014\/09\/30\/asalto-y-feroz-golpiza-a-remisero-de-pronto\/\" aria-label=\"Leer m\u00e1s sobre Asalto y feroz golpiza a remisero de \u00abPronto\u00bb\">Leer m\u00e1s<\/a><\/p>\n","protected":false},"author":1,"featured_media":0,"comment_status":"open","ping_status":"open","sticky":false,"template":"","format":"standard","meta":{"_monsterinsights_skip_tracking":false,"_monsterinsights_sitenote_active":false,"_monsterinsights_sitenote_note":"","_monsterinsights_sitenote_category":0,"jetpack_post_was_ever_published":false,"_jetpack_newsletter_access":"","_jetpack_dont_email_post_to_subs":false,"_jetpack_newsletter_tier_id":0,"_jetpack_memberships_contains_paywalled_content":false,"_jetpack_memberships_contains_paid_content":false,"footnotes":"","jetpack_publicize_message":"","jetpack_publicize_feature_enabled":true,"jetpack_social_post_already_shared":false,"jetpack_social_options":{"image_generator_settings":{"template":"highway","default_image_id":0,"font":"","enabled":false},"version":2},"_wpas_customize_per_network":false},"categories":[85],"tags":[6110,6111,2302],"class_list":["post-36529","post","type-post","status-publish","format-standard","hentry","category-policial","tag-golpiza-remisero","tag-remis-pronto-robo","tag-robo-en-mercedes","generate-columns","tablet-grid-50","mobile-grid-100","grid-parent","grid-50"],"jetpack_publicize_connections":[],"jetpack_featured_media_url":"","wps_subtitle":"Fue a la madrugada ","jetpack_sharing_enabled":true,"_links":{"self":[{"href":"https:\/\/www.hoymercedes.com.ar\/principal\/wp-json\/wp\/v2\/posts\/36529","targetHints":{"allow":["GET"]}}],"collection":[{"href":"https:\/\/www.hoymercedes.com.ar\/principal\/wp-json\/wp\/v2\/posts"}],"about":[{"href":"https:\/\/www.hoymercedes.com.ar\/principal\/wp-json\/wp\/v2\/types\/post"}],"author":[{"embeddable":true,"href":"https:\/\/www.hoymercedes.com.ar\/principal\/wp-json\/wp\/v2\/users\/1"}],"replies":[{"embeddable":true,"href":"https:\/\/www.hoymercedes.com.ar\/principal\/wp-json\/wp\/v2\/comments?post=36529"}],"version-history":[{"count":0,"href":"https:\/\/www.hoymercedes.com.ar\/principal\/wp-json\/wp\/v2\/posts\/36529\/revisions"}],"wp:attachment":[{"href":"https:\/\/www.hoymercedes.com.ar\/principal\/wp-json\/wp\/v2\/media?parent=36529"}],"wp:term":[{"taxonomy":"category","embeddable":true,"href":"https:\/\/www.hoymercedes.com.ar\/principal\/wp-json\/wp\/v2\/categories?post=36529"},{"taxonomy":"post_tag","embeddable":true,"href":"https:\/\/www.hoymercedes.com.ar\/principal\/wp-json\/wp\/v2\/tags?post=36529"}],"curies":[{"name":"wp","href":"https:\/\/api.w.org\/{rel}","templated":true}]}}