{"id":36534,"date":"2014-09-30T21:22:25","date_gmt":"2014-10-01T00:22:25","guid":{"rendered":"http:\/\/www.hoymercedes.com.ar\/principal\/?p=36534"},"modified":"2014-09-30T21:29:44","modified_gmt":"2014-10-01T00:29:44","slug":"de-pedro-y-ustarroz-realizaron-importante-entrega-de-elementos-deportivos-a-esb-n","status":"publish","type":"post","link":"https:\/\/www.hoymercedes.com.ar\/principal\/2014\/09\/30\/de-pedro-y-ustarroz-realizaron-importante-entrega-de-elementos-deportivos-a-esb-n\/","title":{"rendered":"De Pedro y Ustarroz realizaron importante entrega de elementos deportivos a ESB N\u00b02"},"content":{"rendered":"<p><a href=\"https:\/\/www.hoymercedes.com.ar\/principal\/wp-content\/uploads\/2014\/09\/wadodepedro-juanustarroz-usb2.jpg\"><img loading=\"lazy\" decoding=\"async\" data-attachment-id=\"36536\" data-permalink=\"https:\/\/www.hoymercedes.com.ar\/principal\/2014\/09\/30\/de-pedro-y-ustarroz-realizaron-importante-entrega-de-elementos-deportivos-a-esb-n\/wadodepedro-juanustarroz-usb2\/#main\" data-orig-file=\"https:\/\/www.hoymercedes.com.ar\/principal\/wp-content\/uploads\/2014\/09\/wadodepedro-juanustarroz-usb2.jpg\" data-orig-size=\"620,413\" data-comments-opened=\"1\" data-image-meta=\"{&quot;aperture&quot;:&quot;7.1&quot;,&quot;credit&quot;:&quot;&quot;,&quot;camera&quot;:&quot;Canon EOS REBEL T3i&quot;,&quot;caption&quot;:&quot;&quot;,&quot;created_timestamp&quot;:&quot;1411995251&quot;,&quot;copyright&quot;:&quot;&quot;,&quot;focal_length&quot;:&quot;29&quot;,&quot;iso&quot;:&quot;100&quot;,&quot;shutter_speed&quot;:&quot;0.008&quot;,&quot;title&quot;:&quot;&quot;,&quot;orientation&quot;:&quot;0&quot;}\" data-image-title=\"wadodepedro-juanustarroz-usb2\" data-image-description=\"\" data-image-caption=\"\" data-large-file=\"https:\/\/www.hoymercedes.com.ar\/principal\/wp-content\/uploads\/2014\/09\/wadodepedro-juanustarroz-usb2.jpg\" class=\"Img2014 aligncenter wp-image-36536 size-full\" src=\"https:\/\/www.hoymercedes.com.ar\/principal\/wp-content\/uploads\/2014\/09\/wadodepedro-juanustarroz-usb2.jpg\" alt=\"wadodepedro-juanustarroz-usb2\" width=\"620\" height=\"413\" \/><\/a><\/p>\n<p><em><strong>La Escuela Secundaria B\u00e1sica (ESB) 2 de nuestra ciudad recibi\u00f3 este lunes nuevos materiales para la pr\u00e1ctica deportiva, luego de pedidos en tal sentido que hicieron el diputado nacional Eduardo de Pedro y el presidente del bloque de concejales del Frente Mercedino para la Victoria, Juan Ignacio Ustarroz, ante la Secretar\u00eda de Deportes de la Naci\u00f3n que conduce el ex velista ol\u00edmpico Carlos Mauricio Esp\u00ednola.<\/strong><\/em><\/p>\n<p>\u201cEn un encuentro con docentes nos hab\u00edan planteado esta situaci\u00f3n y a partir de all\u00ed realizamos las gestiones para cubrir la necesidad, porque sabemos que el ejercicio deportivo es fundamental para el crecimiento y la educaci\u00f3n de nuestros chicos y j\u00f3venes\u201d, expres\u00f3 el diputado mercedino \u2018Wado\u2019 de Pedro, quien se hizo presente en el acto de entrega de los materiales junto a Ustarroz, docentes, directivos y alumnos.<\/p>\n<p>\u201cOjal\u00e1 los disfruten mucho y tambi\u00e9n que los cuiden mucho, porque esto es un aporte que hacemos todos. Perseguimos el objetivo de que los chicos alcancen un rendimiento escolar \u00f3ptimo y esta carencia significaba una dificultad evidente\u201d, agreg\u00f3.<\/p>\n<p>En el acto, tanto la nueva directora del establecimiento, Cristina Sorni, como la \u2018profe\u2019 de educaci\u00f3n f\u00edsica Ana Mar\u00eda Campillay \u2013la responsable directa de la gesti\u00f3n ante \u2018Wado\u2019 de Pedro-, agradecieron \u201ceste aporte fundamental para que los chicos puedan aprender la pr\u00e1ctica de distintas disciplinas deportivas, porque sin estos elementos nos ten\u00edamos que limitar solamente a la teor\u00eda y se hac\u00eda mucho m\u00e1s dif\u00edcil\u201d<\/p>\n<p>\u201cGeneralmente tenemos poco material, porque a ra\u00edz del mucho uso que les damos por ejemplo a las pelotas de b\u00e1squet, de f\u00fatbol o de v\u00f3ley se van deteriorando \u2013agregaron-. Esta ayuda es buen\u00edsima porque adem\u00e1s nos llegan elementos que tienen que ver con otras disciplinas, como el atletismo, y no solamente deportes de conjunto\u201d.<\/p>\n<p>La Secretar\u00eda de Deportes de la Naci\u00f3n le entreg\u00f3 a la ESB N\u00b02 dos pelotas de b\u00e1squetbol, dos pelotas de v\u00f3ley, 10 conos varios, 10 aros varios, cinco colchonetas chicas y otras cinco grandes, dos balas, dos discos, dos jabalinas, cuatro zapatillas con clavos para la pr\u00e1ctica de disciplinas atl\u00e9ticas y dos tacos de partida para pruebas de velocidad.<\/p>\n<p>\u201cDesde nuestro espacio \u2013agreg\u00f3 a su turno Ustarroz- tratamos de estar en permanente contacto con la comunidad educativa para, en la medida de lo posible, atender las necesidades que nos comentan. En este caso nos da mucha satisfacci\u00f3n poder contribuir con la llegada de estos elementos para la actividad f\u00edsica, porque el ejercicio del deporte es un derecho para todos los chicos y una herramienta importante de inclusi\u00f3n\u201d.<\/p>\n<p>Ustarroz record\u00f3 tambi\u00e9n su permanente predisposici\u00f3n a colaborar: \u201cHace algunas semanas conseguimos calefactores nuevos para la escuela 20 de Gowland. Cuando me encuentro con docentes, directivos o cooperadoras de padres, siempre insisto en lo mismo: cuenten con nosotros en lo que podamos sumar, porque estamos para eso\u201d<\/p>\n<p>\u201cY esta llegada de elementos deportivos a la ESB 20, como lo fueron los calefactores o tantas otras cosas en los distintos establecimientos de nuestra ciudad, responde exclusivamente al amor de los docentes y directivos por los chicos, por su vocaci\u00f3n, por sus deseos de contribuir a la educaci\u00f3n y a su crecimiento. Eso nos da mucho m\u00e1s orgullo todav\u00eda, poder trabajar en conjunto con ellos\u201d, concluy\u00f3.<\/p>\n<p><span style=\"color: #808080;\">Fuente: Prensa FMpV<\/span><\/p>\n<p>&nbsp;<\/p>\n<p>&nbsp;<\/p>\n<p>&nbsp;<\/p>\n","protected":false},"excerpt":{"rendered":"<p>La Escuela Secundaria B\u00e1sica (ESB) 2 de nuestra ciudad recibi\u00f3 este lunes nuevos materiales para la pr\u00e1ctica deportiva, luego de &#8230; <a title=\"De Pedro y Ustarroz realizaron importante entrega de elementos deportivos a ESB N\u00b02\" class=\"read-more\" href=\"https:\/\/www.hoymercedes.com.ar\/principal\/2014\/09\/30\/de-pedro-y-ustarroz-realizaron-importante-entrega-de-elementos-deportivos-a-esb-n\/\" aria-label=\"Leer m\u00e1s sobre De Pedro y Ustarroz realizaron importante entrega de elementos deportivos a ESB N\u00b02\">Leer m\u00e1s<\/a><\/p>\n","protected":false},"author":1,"featured_media":0,"comment_status":"open","ping_status":"open","sticky":false,"template":"","format":"standard","meta":{"_monsterinsights_skip_tracking":false,"_monsterinsights_sitenote_active":false,"_monsterinsights_sitenote_note":"","_monsterinsights_sitenote_category":0,"jetpack_post_was_ever_published":false,"_jetpack_newsletter_access":"","_jetpack_dont_email_post_to_subs":false,"_jetpack_newsletter_tier_id":0,"_jetpack_memberships_contains_paywalled_content":false,"_jetpack_memberships_contains_paid_content":false,"footnotes":"","jetpack_publicize_message":"","jetpack_publicize_feature_enabled":true,"jetpack_social_post_already_shared":false,"jetpack_social_options":{"image_generator_settings":{"template":"highway","default_image_id":0,"font":"","enabled":false},"version":2},"_wpas_customize_per_network":false},"categories":[23],"tags":[2686,6112,1007,585,281],"class_list":["post-36534","post","type-post","status-publish","format-standard","hentry","category-educacion","tag-eduardo-de-pedro","tag-educacion-secundaria-basica-n2","tag-frente-mercedino","tag-juan-ustarroz","tag-wado-de-pedro","generate-columns","tablet-grid-50","mobile-grid-100","grid-parent","grid-50"],"jetpack_publicize_connections":[],"jetpack_featured_media_url":"","wps_subtitle":"Educaci\u00f3n y beneficio social ","jetpack_sharing_enabled":true,"_links":{"self":[{"href":"https:\/\/www.hoymercedes.com.ar\/principal\/wp-json\/wp\/v2\/posts\/36534","targetHints":{"allow":["GET"]}}],"collection":[{"href":"https:\/\/www.hoymercedes.com.ar\/principal\/wp-json\/wp\/v2\/posts"}],"about":[{"href":"https:\/\/www.hoymercedes.com.ar\/principal\/wp-json\/wp\/v2\/types\/post"}],"author":[{"embeddable":true,"href":"https:\/\/www.hoymercedes.com.ar\/principal\/wp-json\/wp\/v2\/users\/1"}],"replies":[{"embeddable":true,"href":"https:\/\/www.hoymercedes.com.ar\/principal\/wp-json\/wp\/v2\/comments?post=36534"}],"version-history":[{"count":0,"href":"https:\/\/www.hoymercedes.com.ar\/principal\/wp-json\/wp\/v2\/posts\/36534\/revisions"}],"wp:attachment":[{"href":"https:\/\/www.hoymercedes.com.ar\/principal\/wp-json\/wp\/v2\/media?parent=36534"}],"wp:term":[{"taxonomy":"category","embeddable":true,"href":"https:\/\/www.hoymercedes.com.ar\/principal\/wp-json\/wp\/v2\/categories?post=36534"},{"taxonomy":"post_tag","embeddable":true,"href":"https:\/\/www.hoymercedes.com.ar\/principal\/wp-json\/wp\/v2\/tags?post=36534"}],"curies":[{"name":"wp","href":"https:\/\/api.w.org\/{rel}","templated":true}]}}