{"id":36543,"date":"2014-09-30T22:12:19","date_gmt":"2014-10-01T01:12:19","guid":{"rendered":"http:\/\/www.hoymercedes.com.ar\/principal\/?p=36543"},"modified":"2014-10-02T22:54:56","modified_gmt":"2014-10-03T01:54:56","slug":"una-vida-cultural-53-anos-de-vida-cumple-al-teatro-talia-de-mercedes","status":"publish","type":"post","link":"https:\/\/www.hoymercedes.com.ar\/principal\/2014\/09\/30\/una-vida-cultural-53-anos-de-vida-cumple-al-teatro-talia-de-mercedes\/","title":{"rendered":"Una vida cultural: 53 a\u00f1os cumple el Teatro Talia de Mercedes"},"content":{"rendered":"<p><a href=\"https:\/\/www.hoymercedes.com.ar\/principal\/wp-content\/uploads\/2014\/09\/teatrotalia-50a\u00f1os.jpg\"><img loading=\"lazy\" decoding=\"async\" data-attachment-id=\"36544\" data-permalink=\"https:\/\/www.hoymercedes.com.ar\/principal\/2014\/09\/30\/una-vida-cultural-53-anos-de-vida-cumple-al-teatro-talia-de-mercedes\/teatrotalia-50anos\/#main\" data-orig-file=\"https:\/\/www.hoymercedes.com.ar\/principal\/wp-content\/uploads\/2014\/09\/teatrotalia-50a\u00f1os.jpg\" data-orig-size=\"620,432\" data-comments-opened=\"1\" data-image-meta=\"{&quot;aperture&quot;:&quot;0&quot;,&quot;credit&quot;:&quot;&quot;,&quot;camera&quot;:&quot;&quot;,&quot;caption&quot;:&quot;&quot;,&quot;created_timestamp&quot;:&quot;0&quot;,&quot;copyright&quot;:&quot;&quot;,&quot;focal_length&quot;:&quot;0&quot;,&quot;iso&quot;:&quot;0&quot;,&quot;shutter_speed&quot;:&quot;0&quot;,&quot;title&quot;:&quot;&quot;,&quot;orientation&quot;:&quot;0&quot;}\" data-image-title=\"teatrotalia-50a\u00f1os\" data-image-description=\"\" data-image-caption=\"\" data-large-file=\"https:\/\/www.hoymercedes.com.ar\/principal\/wp-content\/uploads\/2014\/09\/teatrotalia-50a\u00f1os.jpg\" class=\"Img2014 aligncenter wp-image-36544 size-full\" src=\"https:\/\/www.hoymercedes.com.ar\/principal\/wp-content\/uploads\/2014\/09\/teatrotalia-50a\u00f1os.jpg\" alt=\"teatrotalia-50a\u00f1os\" width=\"620\" height=\"432\" \/><\/a><\/p>\n<p><em><strong>El Teatro Talia de nuestra ciudad cumple 53 a\u00f1os de vida. Un dato m\u00e1s que importante donde adem\u00e1s lo hace con una vitalidad y dimensi\u00f3n cultural que merece el reconocimiento un\u00e1nime de la sociedad. M\u00e1s de medio siglo acompa\u00f1ando el teatro y el arte mercedino.<\/strong><\/em><\/p>\n<p>Este 1 de octubre se cumple un nuevo aniversario de fu fundaci\u00f3n, all\u00e1 por 1961 abr\u00eda sus puertas y a fuerza de talento y decisi\u00f3n contin\u00faa siendo un indiscutible espacio de referencia cultural de nuestra ciudad.<\/p>\n<p>Hace dos a\u00f1os, en el medio siglo, realizaron una funci\u00f3n especial de la obra que les dio origen all\u00e1 por 1961 en el escenario del Colegio Nacional\u00a0\u201cEl Juez de los Divorcios\u201d de Cervantes y recordaban el compromiso que desde la primera hora poseen y, por lo visto, contin\u00faan poseyendo dado que siguen adelante.<\/p>\n<p>Como siempre, no queda m\u00e1s que desearle otras varias d\u00e9cadas de vida institucional\u00a0a un escenario cl\u00e1sico de la ciudad, repleto de personalidades talentosas.<\/p>\n<p>Referencias:\u00a0<a href=\"http:\/\/cleabyteclearte.blogspot.com.ar\/2011\/10\/teatro-talia-el-mismo-amor-la-misma.html\" target=\"_blank\" rel=\"noopener\">http:\/\/cleabyteclearte.blogspot.com.ar\/2011\/10\/teatro-talia-el-mismo-amor-la-misma.html<\/a><\/p>\n","protected":false},"excerpt":{"rendered":"<p>El Teatro Talia de nuestra ciudad cumple 53 a\u00f1os de vida. Un dato m\u00e1s que importante donde adem\u00e1s lo hace &#8230; <a title=\"Una vida cultural: 53 a\u00f1os cumple el Teatro Talia de Mercedes\" class=\"read-more\" href=\"https:\/\/www.hoymercedes.com.ar\/principal\/2014\/09\/30\/una-vida-cultural-53-anos-de-vida-cumple-al-teatro-talia-de-mercedes\/\" aria-label=\"Leer m\u00e1s sobre Una vida cultural: 53 a\u00f1os cumple el Teatro Talia de Mercedes\">Leer m\u00e1s<\/a><\/p>\n","protected":false},"author":1,"featured_media":0,"comment_status":"open","ping_status":"open","sticky":false,"template":"","format":"standard","meta":{"_monsterinsights_skip_tracking":false,"_monsterinsights_sitenote_active":false,"_monsterinsights_sitenote_note":"","_monsterinsights_sitenote_category":0,"jetpack_post_was_ever_published":false,"_jetpack_newsletter_access":"","_jetpack_dont_email_post_to_subs":false,"_jetpack_newsletter_tier_id":0,"_jetpack_memberships_contains_paywalled_content":false,"_jetpack_memberships_contains_paid_content":false,"footnotes":"","jetpack_publicize_message":"","jetpack_publicize_feature_enabled":true,"jetpack_social_post_already_shared":false,"jetpack_social_options":{"image_generator_settings":{"template":"highway","default_image_id":0,"font":"","enabled":false},"version":2},"_wpas_customize_per_network":false},"categories":[30],"tags":[6114,653],"class_list":["post-36543","post","type-post","status-publish","format-standard","hentry","category-municipio","tag-cumpleanos-teatro-talia","tag-teatro-talia","generate-columns","tablet-grid-50","mobile-grid-100","grid-parent","grid-50"],"jetpack_publicize_connections":[],"jetpack_featured_media_url":"","wps_subtitle":"Desde nuestra ciudad a la regi\u00f3n...","jetpack_sharing_enabled":true,"_links":{"self":[{"href":"https:\/\/www.hoymercedes.com.ar\/principal\/wp-json\/wp\/v2\/posts\/36543","targetHints":{"allow":["GET"]}}],"collection":[{"href":"https:\/\/www.hoymercedes.com.ar\/principal\/wp-json\/wp\/v2\/posts"}],"about":[{"href":"https:\/\/www.hoymercedes.com.ar\/principal\/wp-json\/wp\/v2\/types\/post"}],"author":[{"embeddable":true,"href":"https:\/\/www.hoymercedes.com.ar\/principal\/wp-json\/wp\/v2\/users\/1"}],"replies":[{"embeddable":true,"href":"https:\/\/www.hoymercedes.com.ar\/principal\/wp-json\/wp\/v2\/comments?post=36543"}],"version-history":[{"count":0,"href":"https:\/\/www.hoymercedes.com.ar\/principal\/wp-json\/wp\/v2\/posts\/36543\/revisions"}],"wp:attachment":[{"href":"https:\/\/www.hoymercedes.com.ar\/principal\/wp-json\/wp\/v2\/media?parent=36543"}],"wp:term":[{"taxonomy":"category","embeddable":true,"href":"https:\/\/www.hoymercedes.com.ar\/principal\/wp-json\/wp\/v2\/categories?post=36543"},{"taxonomy":"post_tag","embeddable":true,"href":"https:\/\/www.hoymercedes.com.ar\/principal\/wp-json\/wp\/v2\/tags?post=36543"}],"curies":[{"name":"wp","href":"https:\/\/api.w.org\/{rel}","templated":true}]}}