{"id":36557,"date":"2014-09-30T23:03:49","date_gmt":"2014-10-01T02:03:49","guid":{"rendered":"http:\/\/www.hoymercedes.com.ar\/principal\/?p=36557"},"modified":"2014-10-02T22:54:39","modified_gmt":"2014-10-03T01:54:39","slug":"infanteria-cuidara-hospitales-provinciales-llegara-la-medida-a-mercedes","status":"publish","type":"post","link":"https:\/\/www.hoymercedes.com.ar\/principal\/2014\/09\/30\/infanteria-cuidara-hospitales-provinciales-llegara-la-medida-a-mercedes\/","title":{"rendered":"Infanter\u00eda cuidar\u00e1 hospitales provinciales \u00bfLlegar\u00e1 la medida a Mercedes?"},"content":{"rendered":"<p><a href=\"https:\/\/www.hoymercedes.com.ar\/principal\/wp-content\/uploads\/2014\/09\/HospitalDubarry-Mercedes.jpg\"><img loading=\"lazy\" decoding=\"async\" data-attachment-id=\"36558\" data-permalink=\"https:\/\/www.hoymercedes.com.ar\/principal\/2014\/09\/30\/infanteria-cuidara-hospitales-provinciales-llegara-la-medida-a-mercedes\/hospitaldubarry-mercedes-3\/#main\" data-orig-file=\"https:\/\/www.hoymercedes.com.ar\/principal\/wp-content\/uploads\/2014\/09\/HospitalDubarry-Mercedes.jpg\" data-orig-size=\"620,581\" data-comments-opened=\"1\" data-image-meta=\"{&quot;aperture&quot;:&quot;0&quot;,&quot;credit&quot;:&quot;&quot;,&quot;camera&quot;:&quot;&quot;,&quot;caption&quot;:&quot;&quot;,&quot;created_timestamp&quot;:&quot;0&quot;,&quot;copyright&quot;:&quot;&quot;,&quot;focal_length&quot;:&quot;0&quot;,&quot;iso&quot;:&quot;0&quot;,&quot;shutter_speed&quot;:&quot;0&quot;,&quot;title&quot;:&quot;&quot;,&quot;orientation&quot;:&quot;0&quot;}\" data-image-title=\"HospitalDubarry-Mercedes\" data-image-description=\"\" data-image-caption=\"\" data-large-file=\"https:\/\/www.hoymercedes.com.ar\/principal\/wp-content\/uploads\/2014\/09\/HospitalDubarry-Mercedes.jpg\" class=\"Img2014 aligncenter wp-image-36558 size-full\" src=\"https:\/\/www.hoymercedes.com.ar\/principal\/wp-content\/uploads\/2014\/09\/HospitalDubarry-Mercedes.jpg\" alt=\"HospitalDubarry-Mercedes\" width=\"620\" height=\"581\" \/><\/a><\/p>\n<p><em><strong>La provincia de Buenos Aires tom\u00f3 la decisi\u00f3n de que Infanter\u00eda sea parte de las guardias de seguridad en los hospitales bonaerenses tras una reuni\u00f3n entre el Ministro de Seguridad Alejandro Granados y el de Salud Alejandro Collia.<\/strong><\/em><\/p>\n<p>La decisi\u00f3n se tom\u00f3 tras una agresi\u00f3n a m\u00e9dicos vividas en un hospital de Jos\u00e9 C. Paz. En esta ocasi\u00f3n una m\u00e9dica fue asaltada y agredida f\u00edsicamente. Son muchos los casos en el \u00faltimo tiempo y es por eso que se lleg\u00f3 a tal decisi\u00f3n.<\/p>\n<p>En Mercedes se han conocido muchos casos de familias que amenazan, se tornan violentos, discuten entre s\u00ed y con el personal, rompen vidrios o elementos o discuten fuertemente con la polic\u00eda cuando llevan un herido o un detenido para revisi\u00f3n m\u00e9dica.<\/p>\n<p>Vale reconocer que nuestro nosocomio local sigue siendo, como la ciudad en general, un espacio tranquilo y con bajo nivel de conflictividad y es por eso que la noticia, si bien es importante, deja latente la duda si en Mercedes llegar\u00e1 a implementarse.<\/p>\n<p>Por lo pronto, si nuestro hospital lo necesitara, la cuesti\u00f3n es viable e Infanter\u00eda podr\u00eda estar presente en la ciudad y en el hospital.<\/p>\n","protected":false},"excerpt":{"rendered":"<p>La provincia de Buenos Aires tom\u00f3 la decisi\u00f3n de que Infanter\u00eda sea parte de las guardias de seguridad en los &#8230; <a title=\"Infanter\u00eda cuidar\u00e1 hospitales provinciales \u00bfLlegar\u00e1 la medida a Mercedes?\" class=\"read-more\" href=\"https:\/\/www.hoymercedes.com.ar\/principal\/2014\/09\/30\/infanteria-cuidara-hospitales-provinciales-llegara-la-medida-a-mercedes\/\" aria-label=\"Leer m\u00e1s sobre Infanter\u00eda cuidar\u00e1 hospitales provinciales \u00bfLlegar\u00e1 la medida a Mercedes?\">Leer m\u00e1s<\/a><\/p>\n","protected":false},"author":1,"featured_media":0,"comment_status":"open","ping_status":"open","sticky":false,"template":"","format":"standard","meta":{"_monsterinsights_skip_tracking":false,"_monsterinsights_sitenote_active":false,"_monsterinsights_sitenote_note":"","_monsterinsights_sitenote_category":0,"jetpack_post_was_ever_published":false,"_jetpack_newsletter_access":"","_jetpack_dont_email_post_to_subs":false,"_jetpack_newsletter_tier_id":0,"_jetpack_memberships_contains_paywalled_content":false,"_jetpack_memberships_contains_paid_content":false,"footnotes":"","jetpack_publicize_message":"","jetpack_publicize_feature_enabled":true,"jetpack_social_post_already_shared":false,"jetpack_social_options":{"image_generator_settings":{"template":"highway","default_image_id":0,"font":"","enabled":false},"version":2},"_wpas_customize_per_network":false},"categories":[8],"tags":[5515,6118,532,624,133,6117],"class_list":["post-36557","post","type-post","status-publish","format-standard","hentry","category-sociedad","tag-alejandro-collia","tag-alejandro-granados","tag-fito-principi","tag-hospital-blas-l-dubarry","tag-hospital-mercedes","tag-infanteria-cuida-hospitales","generate-columns","tablet-grid-50","mobile-grid-100","grid-parent","grid-50"],"jetpack_publicize_connections":[],"jetpack_featured_media_url":"","wps_subtitle":"Salud y seguridad p\u00fablica ","jetpack_sharing_enabled":true,"_links":{"self":[{"href":"https:\/\/www.hoymercedes.com.ar\/principal\/wp-json\/wp\/v2\/posts\/36557","targetHints":{"allow":["GET"]}}],"collection":[{"href":"https:\/\/www.hoymercedes.com.ar\/principal\/wp-json\/wp\/v2\/posts"}],"about":[{"href":"https:\/\/www.hoymercedes.com.ar\/principal\/wp-json\/wp\/v2\/types\/post"}],"author":[{"embeddable":true,"href":"https:\/\/www.hoymercedes.com.ar\/principal\/wp-json\/wp\/v2\/users\/1"}],"replies":[{"embeddable":true,"href":"https:\/\/www.hoymercedes.com.ar\/principal\/wp-json\/wp\/v2\/comments?post=36557"}],"version-history":[{"count":0,"href":"https:\/\/www.hoymercedes.com.ar\/principal\/wp-json\/wp\/v2\/posts\/36557\/revisions"}],"wp:attachment":[{"href":"https:\/\/www.hoymercedes.com.ar\/principal\/wp-json\/wp\/v2\/media?parent=36557"}],"wp:term":[{"taxonomy":"category","embeddable":true,"href":"https:\/\/www.hoymercedes.com.ar\/principal\/wp-json\/wp\/v2\/categories?post=36557"},{"taxonomy":"post_tag","embeddable":true,"href":"https:\/\/www.hoymercedes.com.ar\/principal\/wp-json\/wp\/v2\/tags?post=36557"}],"curies":[{"name":"wp","href":"https:\/\/api.w.org\/{rel}","templated":true}]}}