{"id":36562,"date":"2014-10-01T11:44:28","date_gmt":"2014-10-01T14:44:28","guid":{"rendered":"http:\/\/www.hoymercedes.com.ar\/principal\/?p=36562"},"modified":"2014-10-01T13:13:34","modified_gmt":"2014-10-01T16:13:34","slug":"roban-maderera-alerta-ciudadana-y-policia-actua-rapidamente","status":"publish","type":"post","link":"https:\/\/www.hoymercedes.com.ar\/principal\/2014\/10\/01\/roban-maderera-alerta-ciudadana-y-policia-actua-rapidamente\/","title":{"rendered":"Roban maderera, alerta ciudadana y polic\u00eda act\u00faa r\u00e1pidamente"},"content":{"rendered":"<p><a href=\"https:\/\/www.hoymercedes.com.ar\/principal\/wp-content\/uploads\/2014\/10\/policia.jpg\"><img loading=\"lazy\" decoding=\"async\" data-attachment-id=\"36563\" data-permalink=\"https:\/\/www.hoymercedes.com.ar\/principal\/2014\/10\/01\/roban-maderera-alerta-ciudadana-y-policia-actua-rapidamente\/policia-14\/#main\" data-orig-file=\"https:\/\/www.hoymercedes.com.ar\/principal\/wp-content\/uploads\/2014\/10\/policia.jpg\" data-orig-size=\"620,196\" data-comments-opened=\"1\" data-image-meta=\"{&quot;aperture&quot;:&quot;0&quot;,&quot;credit&quot;:&quot;&quot;,&quot;camera&quot;:&quot;&quot;,&quot;caption&quot;:&quot;&quot;,&quot;created_timestamp&quot;:&quot;0&quot;,&quot;copyright&quot;:&quot;&quot;,&quot;focal_length&quot;:&quot;0&quot;,&quot;iso&quot;:&quot;0&quot;,&quot;shutter_speed&quot;:&quot;0&quot;,&quot;title&quot;:&quot;&quot;,&quot;orientation&quot;:&quot;0&quot;}\" data-image-title=\"policia\" data-image-description=\"\" data-image-caption=\"\" data-large-file=\"https:\/\/www.hoymercedes.com.ar\/principal\/wp-content\/uploads\/2014\/10\/policia.jpg\" class=\"Img2014 aligncenter wp-image-36563 size-full\" src=\"https:\/\/www.hoymercedes.com.ar\/principal\/wp-content\/uploads\/2014\/10\/policia.jpg\" alt=\"policia\" width=\"620\" height=\"196\" \/><\/a><\/p>\n<p><em><strong>La tarde de \u00e9ste martes dej\u00f3 un nuevo hecho policial r\u00e1pidamente disuadido cuando una banda intent\u00f3 robar la maderera de calle 107 y avenida de los inmigrantes. Un alerta de empleado y la participaci\u00f3n de un vecino de la ciudad fueron claves.\u00a0<\/strong><\/em><\/p>\n<p>La situaci\u00f3n no pas\u00f3 a mayores porque r\u00e1pidamente alertada actu\u00f3 la <strong>Polic\u00eda Comunal,<\/strong> que si bien no logr\u00f3 detener a los delincuentes, tiene el proceso de investigaci\u00f3n iniciado.<\/p>\n<p>Seg\u00fan relat\u00f3 un testigo, que a su vez dio aviso a la polic\u00eda,<em> \u201centraron dos tipos armados, seg\u00fan conto un empleado que logr\u00f3 escapar por atr\u00e1s, que estaba comiendo un s\u00e1ndwich, por eso no estaba en su lugar de trabajo. Yo estaba en frente descargando la camioneta y nos pidi\u00f3 que llamemos a la polic\u00eda. Intento comunicarme con el 911, no me atienden, voy en la moto hasta la 2 y 1 que hab\u00eda un patrullero, mientras logro comunicarme al 911 y pasar la info, el patrullero con 3 efectivos fue r\u00e1pido al lugar, pero los delincuentes al ver el gran movimiento de gente se fueron por atr\u00e1s.\u201d<\/em><\/p>\n<p>Si bien el hecho fue sofocado, no se sabe si lograron robar algo. Tambi\u00e9n el testigo del hecho coment\u00f3: <em>\u201cles hicieron bajar la persiana, pero, igual se ve\u00eda que sub\u00edan y bajaban una escalera. Enseguida la avenida 2 se llen\u00f3 de gente\u201d<\/em><\/p>\n<p>Todo ocurri\u00f3 entre 18.40hs y 19.00hs. El llamado al 911 el testigo lo hizo a las 19.00hs.<\/p>\n<p>Seg\u00fan se sospecha hab\u00edan huido en un Renault 19.<\/p>\n<p>La polic\u00eda, que r\u00e1pidamente acudi\u00f3 al lugar, no detuvo en ese momento a los delincuentes, pero, tienen elementos de investigaci\u00f3n y acci\u00f3n que se estima arrojar\u00e1 pronto a los responsables.<\/p>\n<p>&nbsp;<\/p>\n<p>&nbsp;<\/p>\n<p>&nbsp;<\/p>\n<p>&nbsp;<\/p>\n<p>&nbsp;<\/p>\n<p>&nbsp;<\/p>\n","protected":false},"excerpt":{"rendered":"<p>La tarde de \u00e9ste martes dej\u00f3 un nuevo hecho policial r\u00e1pidamente disuadido cuando una banda intent\u00f3 robar la maderera de &#8230; <a title=\"Roban maderera, alerta ciudadana y polic\u00eda act\u00faa r\u00e1pidamente\" class=\"read-more\" href=\"https:\/\/www.hoymercedes.com.ar\/principal\/2014\/10\/01\/roban-maderera-alerta-ciudadana-y-policia-actua-rapidamente\/\" aria-label=\"Leer m\u00e1s sobre Roban maderera, alerta ciudadana y polic\u00eda act\u00faa r\u00e1pidamente\">Leer m\u00e1s<\/a><\/p>\n","protected":false},"author":1,"featured_media":0,"comment_status":"open","ping_status":"open","sticky":false,"template":"","format":"standard","meta":{"_monsterinsights_skip_tracking":false,"_monsterinsights_sitenote_active":false,"_monsterinsights_sitenote_note":"","_monsterinsights_sitenote_category":0,"jetpack_post_was_ever_published":false,"_jetpack_newsletter_access":"","_jetpack_dont_email_post_to_subs":false,"_jetpack_newsletter_tier_id":0,"_jetpack_memberships_contains_paywalled_content":false,"_jetpack_memberships_contains_paid_content":false,"footnotes":"","jetpack_publicize_message":"","jetpack_publicize_feature_enabled":true,"jetpack_social_post_already_shared":false,"jetpack_social_options":{"image_generator_settings":{"template":"highway","default_image_id":0,"font":"","enabled":false},"version":2},"_wpas_customize_per_network":false},"categories":[85],"tags":[126],"class_list":["post-36562","post","type-post","status-publish","format-standard","hentry","category-policial","tag-policia-mercedes","generate-columns","tablet-grid-50","mobile-grid-100","grid-parent","grid-50"],"jetpack_publicize_connections":[],"jetpack_featured_media_url":"","wps_subtitle":"Seguridad y acci\u00f3n policial ","jetpack_sharing_enabled":true,"_links":{"self":[{"href":"https:\/\/www.hoymercedes.com.ar\/principal\/wp-json\/wp\/v2\/posts\/36562","targetHints":{"allow":["GET"]}}],"collection":[{"href":"https:\/\/www.hoymercedes.com.ar\/principal\/wp-json\/wp\/v2\/posts"}],"about":[{"href":"https:\/\/www.hoymercedes.com.ar\/principal\/wp-json\/wp\/v2\/types\/post"}],"author":[{"embeddable":true,"href":"https:\/\/www.hoymercedes.com.ar\/principal\/wp-json\/wp\/v2\/users\/1"}],"replies":[{"embeddable":true,"href":"https:\/\/www.hoymercedes.com.ar\/principal\/wp-json\/wp\/v2\/comments?post=36562"}],"version-history":[{"count":0,"href":"https:\/\/www.hoymercedes.com.ar\/principal\/wp-json\/wp\/v2\/posts\/36562\/revisions"}],"wp:attachment":[{"href":"https:\/\/www.hoymercedes.com.ar\/principal\/wp-json\/wp\/v2\/media?parent=36562"}],"wp:term":[{"taxonomy":"category","embeddable":true,"href":"https:\/\/www.hoymercedes.com.ar\/principal\/wp-json\/wp\/v2\/categories?post=36562"},{"taxonomy":"post_tag","embeddable":true,"href":"https:\/\/www.hoymercedes.com.ar\/principal\/wp-json\/wp\/v2\/tags?post=36562"}],"curies":[{"name":"wp","href":"https:\/\/api.w.org\/{rel}","templated":true}]}}