{"id":36603,"date":"2014-10-02T22:21:35","date_gmt":"2014-10-03T01:21:35","guid":{"rendered":"http:\/\/www.hoymercedes.com.ar\/principal\/?p=36603"},"modified":"2014-10-02T22:22:57","modified_gmt":"2014-10-03T01:22:57","slug":"vidal-limpieza-caminos-rurales-e-inundaciones-en-el-eje-de-su-visita-a-mercedes","status":"publish","type":"post","link":"https:\/\/www.hoymercedes.com.ar\/principal\/2014\/10\/02\/vidal-limpieza-caminos-rurales-e-inundaciones-en-el-eje-de-su-visita-a-mercedes\/","title":{"rendered":"Vidal: limpieza, caminos rurales e inundaciones en el eje de su visita a Mercedes"},"content":{"rendered":"<p><a href=\"https:\/\/www.hoymercedes.com.ar\/principal\/wp-content\/uploads\/2014\/10\/eugenia-vidal-mercedes.jpg\"><img loading=\"lazy\" decoding=\"async\" data-attachment-id=\"36604\" data-permalink=\"https:\/\/www.hoymercedes.com.ar\/principal\/2014\/10\/02\/vidal-limpieza-caminos-rurales-e-inundaciones-en-el-eje-de-su-visita-a-mercedes\/eugenia-vidal-mercedes\/#main\" data-orig-file=\"https:\/\/www.hoymercedes.com.ar\/principal\/wp-content\/uploads\/2014\/10\/eugenia-vidal-mercedes.jpg\" data-orig-size=\"620,354\" data-comments-opened=\"1\" data-image-meta=\"{&quot;aperture&quot;:&quot;0&quot;,&quot;credit&quot;:&quot;&quot;,&quot;camera&quot;:&quot;&quot;,&quot;caption&quot;:&quot;&quot;,&quot;created_timestamp&quot;:&quot;0&quot;,&quot;copyright&quot;:&quot;&quot;,&quot;focal_length&quot;:&quot;0&quot;,&quot;iso&quot;:&quot;0&quot;,&quot;shutter_speed&quot;:&quot;0&quot;,&quot;title&quot;:&quot;&quot;,&quot;orientation&quot;:&quot;0&quot;}\" data-image-title=\"eugenia-vidal-mercedes\" data-image-description=\"\" data-image-caption=\"\" data-large-file=\"https:\/\/www.hoymercedes.com.ar\/principal\/wp-content\/uploads\/2014\/10\/eugenia-vidal-mercedes.jpg\" class=\"Img2014 aligncenter wp-image-36604 size-full\" src=\"https:\/\/www.hoymercedes.com.ar\/principal\/wp-content\/uploads\/2014\/10\/eugenia-vidal-mercedes.jpg\" alt=\"eugenia-vidal-mercedes\" width=\"620\" height=\"354\" \/><\/a><\/p>\n<p><em><strong>La vice jefa de gobierno de la Ciudad de Buenos Aires visit\u00f3 Mercedes. Habl\u00f3 de la basura, las inundaciones, la educaci\u00f3n y la seguridad. No se mostr\u00f3 con los candidatos locales de manera expl\u00edcita y se reuni\u00f3 con vecinos para tratar la realidad local.<\/strong><\/em><\/p>\n<p>Mar\u00eda Eugenia Vidal estuvo en Mercedes dialogando con vecinos que la interiorizaron de la realidad local. En la confiter\u00eda La Recova tom\u00f3 un caf\u00e9 con mercedinos que le manifestaban diferentes inquietudes. Al atender la prensa se refiri\u00f3 a varios temas.<\/p>\n<p>Vidal sostuvo respecto a nuestra ciudad que: <em>\u201cestuvimos recorriendo, con vecinos que sufrieron las inundaciones y que el R\u00edo Luj\u00e1n los ha golpeado varias veces, tambi\u00e9n el basural a cielo abierto, en una metal\u00fargica de la ciudad y conociendo los lugares m\u00e1s importantes, haciendo campa\u00f1a como la hace el PRO, charlando uno a uno, casa por casa, donde no hacemos grandes actos ni tenemos mucho aparato partidario. Tocamos timbre, uno por uno.\u201d<\/em><\/p>\n<p>La candidata del PRO en la provincia, al menos hasta ahora, se reuni\u00f3 con vecinos y coment\u00f3: <em>\u201cHay un reclamos generalizado sobre los caminos rurales, sobre la falta de limpieza, mucho por hacer, pero la buena noticia es que se puede, le dec\u00eda a los vecinos que sufrieron las inundaciones, porque hay cr\u00e9ditos, segundo porque en la ciudad lo pudimos hacer, realizando obras hidr\u00e1ulicas donde la gente dej\u00f3 de sufrir que se ven\u00eda el agua. Como me dec\u00eda un vecino, una cosa es ser pobre y otra que nos empobrezcan, y eso pasa con las faltas de obras y en cada inundaci\u00f3n se pierde todo lo que tienen. Eso se puede cambiar y evitar con obras y as\u00ed como lo hicimos en la ciudad lo podemos hacer en la provincia\u201d<\/em><\/p>\n<p>Sobre la ciudad expres\u00f3 que: <em>\u201cEn una ciudad como esta, en primer lugar, tenemos que ver c\u00f3mo hacernos que el campo produzca, volver a hacer que no se inunda, como recuperar los caminos rurales no s\u00f3lo para que saquen el ganado en jaulas, sino tambi\u00e9n para que los chicos lleguen a la escuela, los chicos puedan transitar, que los vecinos anden. Es gesti\u00f3n, tener un equipo profesional, que trabajen, nosotros lo sabemos, Mauricio lo mostr\u00f3 en la ciudad, en Boca, lo vamos a demostrar en el pa\u00eds y en la provincia de Buenos Aires\u201d<\/em><\/p>\n<p>Tambi\u00e9n se manifest\u00f3 en relaci\u00f3n a la seguridad en la provincia y su comparaci\u00f3n con la ciudad y la Metropolitana: <em>\u201cCreo que la polic\u00eda metropolitana es un buen modelo de polic\u00eda comunal, bien paga, capacitada, pero tambi\u00e9n con eso no alcanza. Sin educaci\u00f3n no vamos a poder resolver el tema de seguridad. Tenemos una provincia que empez\u00f3 con 20 d\u00edas menos de clases, que discute si 1, 2 o 3 son o no aplazo, que si estigmatiza o no y mientras tanto creemos en otra cosa. Que hay que poner ingl\u00e9s desde el primer grado, que debemos darle una computadora cuando empiezan a leer y escribir, porque es el nuevo lenguaje del futuro, en apostar en un buen sueldo docente para que no haya paro en el primer mes de clase y cumplan los chicos con los 180 d\u00edas. Es la escuela p\u00fablica que creo y estamos haciendo en la ciudad, de la misma manera en el resto del pa\u00eds y en el largo plazo es lo que ayuda a disminuir la inseguridad, m\u00e1s all\u00e1 de tener una buena polic\u00eda\u201d.<\/em><\/p>\n<p><span style=\"color: #808080;\">Foto: gentileza Y\u00e9sica L\u00e1ndola<\/span><\/p>\n","protected":false},"excerpt":{"rendered":"<p>La vice jefa de gobierno de la Ciudad de Buenos Aires visit\u00f3 Mercedes. Habl\u00f3 de la basura, las inundaciones, la &#8230; <a title=\"Vidal: limpieza, caminos rurales e inundaciones en el eje de su visita a Mercedes\" class=\"read-more\" href=\"https:\/\/www.hoymercedes.com.ar\/principal\/2014\/10\/02\/vidal-limpieza-caminos-rurales-e-inundaciones-en-el-eje-de-su-visita-a-mercedes\/\" aria-label=\"Leer m\u00e1s sobre Vidal: limpieza, caminos rurales e inundaciones en el eje de su visita a Mercedes\">Leer m\u00e1s<\/a><\/p>\n","protected":false},"author":1,"featured_media":0,"comment_status":"open","ping_status":"open","sticky":false,"template":"","format":"standard","meta":{"_monsterinsights_skip_tracking":false,"_monsterinsights_sitenote_active":false,"_monsterinsights_sitenote_note":"","_monsterinsights_sitenote_category":0,"jetpack_post_was_ever_published":false,"_jetpack_newsletter_access":"","_jetpack_dont_email_post_to_subs":false,"_jetpack_newsletter_tier_id":0,"_jetpack_memberships_contains_paywalled_content":false,"_jetpack_memberships_contains_paid_content":false,"footnotes":"","jetpack_publicize_message":"","jetpack_publicize_feature_enabled":true,"jetpack_social_post_already_shared":false,"jetpack_social_options":{"image_generator_settings":{"template":"highway","default_image_id":0,"font":"","enabled":false},"version":2},"_wpas_customize_per_network":false},"categories":[5],"tags":[6147,6146,2185],"class_list":["post-36603","post","type-post","status-publish","format-standard","hentry","category-politica","tag-eugenia-vidal","tag-maria-eugenia-vidal-en-mercedes","tag-pro-mercedes","generate-columns","tablet-grid-50","mobile-grid-100","grid-parent","grid-50"],"jetpack_publicize_connections":[],"jetpack_featured_media_url":"","wps_subtitle":"Pol\u00edtica del PRO en Mercedes ","jetpack_sharing_enabled":true,"_links":{"self":[{"href":"https:\/\/www.hoymercedes.com.ar\/principal\/wp-json\/wp\/v2\/posts\/36603","targetHints":{"allow":["GET"]}}],"collection":[{"href":"https:\/\/www.hoymercedes.com.ar\/principal\/wp-json\/wp\/v2\/posts"}],"about":[{"href":"https:\/\/www.hoymercedes.com.ar\/principal\/wp-json\/wp\/v2\/types\/post"}],"author":[{"embeddable":true,"href":"https:\/\/www.hoymercedes.com.ar\/principal\/wp-json\/wp\/v2\/users\/1"}],"replies":[{"embeddable":true,"href":"https:\/\/www.hoymercedes.com.ar\/principal\/wp-json\/wp\/v2\/comments?post=36603"}],"version-history":[{"count":0,"href":"https:\/\/www.hoymercedes.com.ar\/principal\/wp-json\/wp\/v2\/posts\/36603\/revisions"}],"wp:attachment":[{"href":"https:\/\/www.hoymercedes.com.ar\/principal\/wp-json\/wp\/v2\/media?parent=36603"}],"wp:term":[{"taxonomy":"category","embeddable":true,"href":"https:\/\/www.hoymercedes.com.ar\/principal\/wp-json\/wp\/v2\/categories?post=36603"},{"taxonomy":"post_tag","embeddable":true,"href":"https:\/\/www.hoymercedes.com.ar\/principal\/wp-json\/wp\/v2\/tags?post=36603"}],"curies":[{"name":"wp","href":"https:\/\/api.w.org\/{rel}","templated":true}]}}