{"id":36630,"date":"2014-10-04T18:49:50","date_gmt":"2014-10-04T21:49:50","guid":{"rendered":"http:\/\/www.hoymercedes.com.ar\/principal\/?p=36630"},"modified":"2014-10-04T19:20:45","modified_gmt":"2014-10-04T22:20:45","slug":"inauguraronestacion-transformadora-de-energia-y-nueva-linea-de-33kva-mercedes-navarro","status":"publish","type":"post","link":"https:\/\/www.hoymercedes.com.ar\/principal\/2014\/10\/04\/inauguraronestacion-transformadora-de-energia-y-nueva-linea-de-33kva-mercedes-navarro\/","title":{"rendered":"Inauguraron estacion transformadora de energia y nueva linea de 33kva Mercedes-Navarro"},"content":{"rendered":"<p><a href=\"https:\/\/www.hoymercedes.com.ar\/principal\/wp-content\/uploads\/2014\/10\/energia-inauguraci\u00f3n.jpg\"><img loading=\"lazy\" decoding=\"async\" data-attachment-id=\"36631\" data-permalink=\"https:\/\/www.hoymercedes.com.ar\/principal\/2014\/10\/04\/inauguraronestacion-transformadora-de-energia-y-nueva-linea-de-33kva-mercedes-navarro\/energia-inauguracion\/#main\" data-orig-file=\"https:\/\/www.hoymercedes.com.ar\/principal\/wp-content\/uploads\/2014\/10\/energia-inauguraci\u00f3n.jpg\" data-orig-size=\"620,465\" data-comments-opened=\"1\" data-image-meta=\"{&quot;aperture&quot;:&quot;0&quot;,&quot;credit&quot;:&quot;&quot;,&quot;camera&quot;:&quot;&quot;,&quot;caption&quot;:&quot;&quot;,&quot;created_timestamp&quot;:&quot;0&quot;,&quot;copyright&quot;:&quot;&quot;,&quot;focal_length&quot;:&quot;0&quot;,&quot;iso&quot;:&quot;0&quot;,&quot;shutter_speed&quot;:&quot;0&quot;,&quot;title&quot;:&quot;&quot;,&quot;orientation&quot;:&quot;0&quot;}\" data-image-title=\"energia-inauguraci\u00f3n\" data-image-description=\"\" data-image-caption=\"\" data-large-file=\"https:\/\/www.hoymercedes.com.ar\/principal\/wp-content\/uploads\/2014\/10\/energia-inauguraci\u00f3n.jpg\" class=\"Img2014 aligncenter wp-image-36631 size-full\" src=\"https:\/\/www.hoymercedes.com.ar\/principal\/wp-content\/uploads\/2014\/10\/energia-inauguraci\u00f3n.jpg\" alt=\"energia-inauguraci\u00f3n\" width=\"620\" height=\"465\" \/><\/a><\/p>\n<p><em><strong>El secretario de Servicios P\u00fablicos, Franco La Porta, acompa\u00f1ado del intendente de navarro Santiago Maggiotti, entre otras autoridades, dieron por inaugurada la puesta en servicio y en producci\u00f3n de nuevas l\u00edneas a\u00e9reas de media tensi\u00f3n que incluyen a Navarro, con la Planta Transformadora denominada Mercedes II, ubicada en calle 24 esquina 131, fundamentalmente para abastecer el creciente desarrollo que la regi\u00f3n experimenta en el \u00faltimo tiempo.<\/strong><\/em><br \/>\nEl acto se llev\u00f3 a cabo el jueves a las 10.30, con la bendici\u00f3n del padre Domingo Soria Sosa, la presencia del gerente general de EDEN, Dami\u00e1n Sanfilipo,el gerente regional domingo pizani, el presidente del Foro Regional El\u00e9ctrico de la provincia de Buenos Aires, el director provincial de Energ\u00eda bonaerense N\u00e9stor Callegari,, el secretario de obras publicas del municipio de mercedes ing. Gustavo salomone en representacion del intendente carlos selva quien personalmente se ocupo de destrabar algunos conflictos vecinales que impedian la salida de mercedes de la nueva linea de 33 kva, acordando y coordinando el cambio de la traza de la obr\u00e0, el gerente de Copesna Ltda. Germ\u00e1n Denegri, quien tambi\u00e9n expres\u00f3 su satisfacci\u00f3n por la esperada red.<br \/>\nSantiago se\u00f1al\u00f3 que esta obra, igual que la repavimentaci\u00f3n de la ruta 47, es muy importante porque va a permitir que muchas de las industrias que est\u00e1n buscando lugar en el parque industrial, al contar con la oferta energ\u00e9tica, van a poder establecerse con la consecuente generaci\u00f3n de trabajo y desarrollo para nuestro pueblo, adem\u00e1s, las ya instaladas, que necesitan ampliar su plante, al tener mayor energ\u00eda podr\u00e1n llevar adelante sus propuestas, generando mayor fuente de trabajo.<br \/>\nEl intendente agradeci\u00f3 a las autoridades presentes y record\u00f3 el trabajo que realizaron durante todos estos a\u00f1os los ex intendentes y concejales del pueblo, considerando que por encima de cada partido pol\u00edticos, todos son vecinos de Navarro y tienen la misma mirada hacia el futuro.<\/p>\n<p><span style=\"color: #666699;\">Fuente: Municipio<\/span><\/p>\n","protected":false},"excerpt":{"rendered":"<p>El secretario de Servicios P\u00fablicos, Franco La Porta, acompa\u00f1ado del intendente de navarro Santiago Maggiotti, entre otras autoridades, dieron por &#8230; <a title=\"Inauguraron estacion transformadora de energia y nueva linea de 33kva Mercedes-Navarro\" class=\"read-more\" href=\"https:\/\/www.hoymercedes.com.ar\/principal\/2014\/10\/04\/inauguraronestacion-transformadora-de-energia-y-nueva-linea-de-33kva-mercedes-navarro\/\" aria-label=\"Leer m\u00e1s sobre Inauguraron estacion transformadora de energia y nueva linea de 33kva Mercedes-Navarro\">Leer m\u00e1s<\/a><\/p>\n","protected":false},"author":1,"featured_media":0,"comment_status":"open","ping_status":"open","sticky":false,"template":"","format":"standard","meta":{"_monsterinsights_skip_tracking":false,"_monsterinsights_sitenote_active":false,"_monsterinsights_sitenote_note":"","_monsterinsights_sitenote_category":0,"jetpack_post_was_ever_published":false,"_jetpack_newsletter_access":"","_jetpack_dont_email_post_to_subs":false,"_jetpack_newsletter_tier_id":0,"_jetpack_memberships_contains_paywalled_content":false,"_jetpack_memberships_contains_paid_content":false,"footnotes":"","jetpack_publicize_message":"","jetpack_publicize_feature_enabled":true,"jetpack_social_post_already_shared":false,"jetpack_social_options":{"image_generator_settings":{"template":"highway","default_image_id":0,"font":"","enabled":false},"version":2},"_wpas_customize_per_network":false},"categories":[8],"tags":[229,6155],"class_list":["post-36630","post","type-post","status-publish","format-standard","hentry","category-sociedad","tag-gustavo-salomone","tag-inauguraronestacion-transformadora-de-energia-y-nueva-linea-de-33kva-mercedes-navarro","generate-columns","tablet-grid-50","mobile-grid-100","grid-parent","grid-50"],"jetpack_publicize_connections":[],"jetpack_featured_media_url":"","wps_subtitle":"Servicios p\u00fablicos ","jetpack_sharing_enabled":true,"_links":{"self":[{"href":"https:\/\/www.hoymercedes.com.ar\/principal\/wp-json\/wp\/v2\/posts\/36630","targetHints":{"allow":["GET"]}}],"collection":[{"href":"https:\/\/www.hoymercedes.com.ar\/principal\/wp-json\/wp\/v2\/posts"}],"about":[{"href":"https:\/\/www.hoymercedes.com.ar\/principal\/wp-json\/wp\/v2\/types\/post"}],"author":[{"embeddable":true,"href":"https:\/\/www.hoymercedes.com.ar\/principal\/wp-json\/wp\/v2\/users\/1"}],"replies":[{"embeddable":true,"href":"https:\/\/www.hoymercedes.com.ar\/principal\/wp-json\/wp\/v2\/comments?post=36630"}],"version-history":[{"count":0,"href":"https:\/\/www.hoymercedes.com.ar\/principal\/wp-json\/wp\/v2\/posts\/36630\/revisions"}],"wp:attachment":[{"href":"https:\/\/www.hoymercedes.com.ar\/principal\/wp-json\/wp\/v2\/media?parent=36630"}],"wp:term":[{"taxonomy":"category","embeddable":true,"href":"https:\/\/www.hoymercedes.com.ar\/principal\/wp-json\/wp\/v2\/categories?post=36630"},{"taxonomy":"post_tag","embeddable":true,"href":"https:\/\/www.hoymercedes.com.ar\/principal\/wp-json\/wp\/v2\/tags?post=36630"}],"curies":[{"name":"wp","href":"https:\/\/api.w.org\/{rel}","templated":true}]}}