{"id":36639,"date":"2014-10-04T19:11:39","date_gmt":"2014-10-04T22:11:39","guid":{"rendered":"http:\/\/www.hoymercedes.com.ar\/principal\/?p=36639"},"modified":"2014-10-20T09:58:22","modified_gmt":"2014-10-20T12:58:22","slug":"ustarroz-en-encuentro-con-randazzo-dialigo-sobre-temas-de-interes-para-mercedes","status":"publish","type":"post","link":"https:\/\/www.hoymercedes.com.ar\/principal\/2014\/10\/04\/ustarroz-en-encuentro-con-randazzo-dialigo-sobre-temas-de-interes-para-mercedes\/","title":{"rendered":"Ustarroz en encuentro con Randazzo dialog\u00f3 sobre temas de inter\u00e9s para Mercedes"},"content":{"rendered":"<p><a href=\"https:\/\/www.hoymercedes.com.ar\/principal\/wp-content\/uploads\/2014\/10\/randazzo-ustarroz.jpg\"><img loading=\"lazy\" decoding=\"async\" data-attachment-id=\"36640\" data-permalink=\"https:\/\/www.hoymercedes.com.ar\/principal\/2014\/10\/04\/ustarroz-en-encuentro-con-randazzo-dialigo-sobre-temas-de-interes-para-mercedes\/randazzo-ustarroz\/#main\" data-orig-file=\"https:\/\/www.hoymercedes.com.ar\/principal\/wp-content\/uploads\/2014\/10\/randazzo-ustarroz.jpg\" data-orig-size=\"620,413\" data-comments-opened=\"1\" data-image-meta=\"{&quot;aperture&quot;:&quot;0&quot;,&quot;credit&quot;:&quot;AUSPITZ&quot;,&quot;camera&quot;:&quot;&quot;,&quot;caption&quot;:&quot;&quot;,&quot;created_timestamp&quot;:&quot;0&quot;,&quot;copyright&quot;:&quot;&quot;,&quot;focal_length&quot;:&quot;0&quot;,&quot;iso&quot;:&quot;0&quot;,&quot;shutter_speed&quot;:&quot;0&quot;,&quot;title&quot;:&quot;&quot;,&quot;orientation&quot;:&quot;0&quot;}\" data-image-title=\"randazzo-ustarroz\" data-image-description=\"\" data-image-caption=\"\" data-large-file=\"https:\/\/www.hoymercedes.com.ar\/principal\/wp-content\/uploads\/2014\/10\/randazzo-ustarroz.jpg\" class=\"Img2014 aligncenter wp-image-36640 size-full\" src=\"https:\/\/www.hoymercedes.com.ar\/principal\/wp-content\/uploads\/2014\/10\/randazzo-ustarroz.jpg\" alt=\"randazzo-ustarroz\" width=\"620\" height=\"413\" \/><\/a><\/p>\n<p><em><strong>La charla con el ministro Randazzo fue realmente fruct\u00edfera, no solamente porque desde su cartera se impulsan pol\u00edticas de Estado y programas que impactan directamente en Mercedes, sino tambi\u00e9n porque es vecino de una ciudad con caracter\u00edsticas cercanas a las nuestras y pudimos dialogar sobre las soluciones que encontraron en Chivilcoy para problem\u00e1ticas que nosotros tambi\u00e9n padecemos\u201d, explic\u00f3 el doctor Ustarroz.<\/strong><\/em><\/p>\n<p>&nbsp;<\/p>\n<p>El principal referente del Frente Mercedino y el ministro de Interior y Transporte, as\u00ed, hablaron sobre el servicio del Ferrocarril Sarmiento que llega a nuestra ciudad.<\/p>\n<p>&nbsp;<\/p>\n<p>\u201cLo que est\u00e1 haciendo el gobierno nacional con los ferrocarriles a trav\u00e9s de la cartera de Randazzo es maravilloso. En nuestra ciudad ya vemos la renovaci\u00f3n completa de las v\u00edas y tendremos un servicio de trenes lujo, inclusive con coches-cama -indic\u00f3 el edil-. Las mejoras en el servicio son fundamentales para los vecinos de Mercedes y para los muchos estudiantes que, por ejemplo, van y vienen de Capital los fines de semana\u201d.<\/p>\n<p>\u201cLa recuperaci\u00f3n del servicio a Santa Rosa (La Pampa) tambi\u00e9n redundar\u00e1 en un beneficio para nuestra ciudad\u201d, agreg\u00f3.<\/p>\n<p>Ustarroz y Randazzo, a la vez, trataron el tema del tr\u00e1nsito y la seguridad vial, otro de las preocupaciones salientes de los mercedinos. \u201cSeguramente podremos articular con el municipio y el ministerio para acercar un programa que, como eje fundamental, apunta al aspecto preventivo del tr\u00e1nsito y al uso de cintur\u00f3n de seguridad y de casco en las motos\u201d.<\/p>\n<p>\u201cA trav\u00e9s de estad\u00edsticas proporcionadas en algunas charlas por el Observatorio Vial hemos visto cifras alarmantes en lo que es el tr\u00e1nsito en Mercedes, con un alt\u00edsimo n\u00famero de accidentes y muy poco porcentaje de uso de elementos de seguridad como el cintur\u00f3n o el casco. Es necesario revertir esas conductas para evitar m\u00e1s tragedias y mejorar la calidad de vida de todos los vecinos de la ciudad\u201d, asegur\u00f3 el concejal.<\/p>\n<p>Randazzo se comprometi\u00f3 adem\u00e1s a enviar servicios para agilizar los tr\u00e1mites para la renovaci\u00f3n del Documento Nacional de Identidad y el pasaporte. \u201cA trav\u00e9s de la ANSES tenemos un convenio con el Ministerio para renovar el documento de jubilados, pensionados, trabajadores y vecinos en general y ha resultado un verdadero \u00e9xito, porque ha liberado inclusive el trabajo del Registro Civil\u201d, manifest\u00f3 el concejal.<\/p>\n<p>Y a\u00f1adi\u00f3: \u201cPero en virtud de que todos los ciudadanos argentinos deben renovar su documento para el a\u00f1o que viene, en el que ya no tendr\u00e1n validez las viejas libretas ni los DNI verdes, el ministro nos enviar\u00e1 a Mercedes los camiones que trabajan en el \u00e1rea para que todos los vecinos puedan acceder r\u00e1pidamente a este tr\u00e1mite\u201d.<\/p>\n<p>Finalmente, Ustarroz y Randazzo hablaron de la situaci\u00f3n de Mercedes y Chivilcoy. \u201cCompartimos algunas caracter\u00edsticas y tambi\u00e9n problem\u00e1ticas, por eso el ministro me habl\u00f3 de sus experiencias. Por ejemplo el trabajo ejemplar que se ha hecho all\u00ed para resolver el tema de la basura, que en nuestra ciudad se agrava cada d\u00eda\u201d, cerr\u00f3 Ustarroz.<\/p>\n","protected":false},"excerpt":{"rendered":"<p>La charla con el ministro Randazzo fue realmente fruct\u00edfera, no solamente porque desde su cartera se impulsan pol\u00edticas de Estado &#8230; <a title=\"Ustarroz en encuentro con Randazzo dialog\u00f3 sobre temas de inter\u00e9s para Mercedes\" class=\"read-more\" href=\"https:\/\/www.hoymercedes.com.ar\/principal\/2014\/10\/04\/ustarroz-en-encuentro-con-randazzo-dialigo-sobre-temas-de-interes-para-mercedes\/\" aria-label=\"Leer m\u00e1s sobre Ustarroz en encuentro con Randazzo dialog\u00f3 sobre temas de inter\u00e9s para Mercedes\">Leer m\u00e1s<\/a><\/p>\n","protected":false},"author":1,"featured_media":0,"comment_status":"open","ping_status":"open","sticky":false,"template":"","format":"standard","meta":{"_monsterinsights_skip_tracking":false,"_monsterinsights_sitenote_active":false,"_monsterinsights_sitenote_note":"","_monsterinsights_sitenote_category":0,"jetpack_post_was_ever_published":false,"_jetpack_newsletter_access":"","_jetpack_dont_email_post_to_subs":false,"_jetpack_newsletter_tier_id":0,"_jetpack_memberships_contains_paywalled_content":false,"_jetpack_memberships_contains_paid_content":false,"footnotes":"","jetpack_publicize_message":"","jetpack_publicize_feature_enabled":true,"jetpack_social_post_already_shared":false,"jetpack_social_options":{"image_generator_settings":{"template":"highway","default_image_id":0,"font":"","enabled":false},"version":2},"_wpas_customize_per_network":false},"categories":[5],"tags":[6158,6159,424,6157],"class_list":["post-36639","post","type-post","status-publish","format-standard","hentry","category-politica","tag-randazzo","tag-trenes-mercedes","tag-ustarroz","tag-ustarroz-en-encuentro-con-randazzo-dialigo-sobre-temas-de-interes-para-mercedes","generate-columns","tablet-grid-50","mobile-grid-100","grid-parent","grid-50"],"jetpack_publicize_connections":[],"jetpack_featured_media_url":"","wps_subtitle":"Trenes, obras","jetpack_sharing_enabled":true,"_links":{"self":[{"href":"https:\/\/www.hoymercedes.com.ar\/principal\/wp-json\/wp\/v2\/posts\/36639","targetHints":{"allow":["GET"]}}],"collection":[{"href":"https:\/\/www.hoymercedes.com.ar\/principal\/wp-json\/wp\/v2\/posts"}],"about":[{"href":"https:\/\/www.hoymercedes.com.ar\/principal\/wp-json\/wp\/v2\/types\/post"}],"author":[{"embeddable":true,"href":"https:\/\/www.hoymercedes.com.ar\/principal\/wp-json\/wp\/v2\/users\/1"}],"replies":[{"embeddable":true,"href":"https:\/\/www.hoymercedes.com.ar\/principal\/wp-json\/wp\/v2\/comments?post=36639"}],"version-history":[{"count":0,"href":"https:\/\/www.hoymercedes.com.ar\/principal\/wp-json\/wp\/v2\/posts\/36639\/revisions"}],"wp:attachment":[{"href":"https:\/\/www.hoymercedes.com.ar\/principal\/wp-json\/wp\/v2\/media?parent=36639"}],"wp:term":[{"taxonomy":"category","embeddable":true,"href":"https:\/\/www.hoymercedes.com.ar\/principal\/wp-json\/wp\/v2\/categories?post=36639"},{"taxonomy":"post_tag","embeddable":true,"href":"https:\/\/www.hoymercedes.com.ar\/principal\/wp-json\/wp\/v2\/tags?post=36639"}],"curies":[{"name":"wp","href":"https:\/\/api.w.org\/{rel}","templated":true}]}}