{"id":36651,"date":"2014-10-05T20:33:01","date_gmt":"2014-10-05T23:33:01","guid":{"rendered":"http:\/\/www.hoymercedes.com.ar\/principal\/?p=36651"},"modified":"2014-10-21T21:09:57","modified_gmt":"2014-10-22T00:09:57","slug":"de-pedro-convocamos-a-la-unidad-del-peronismo-en-defensa-del-gobierno","status":"publish","type":"post","link":"https:\/\/www.hoymercedes.com.ar\/principal\/2014\/10\/05\/de-pedro-convocamos-a-la-unidad-del-peronismo-en-defensa-del-gobierno\/","title":{"rendered":"De Pedro: \u00abConvocamos a la unidad del peronismo en defensa del gobierno\u00bb"},"content":{"rendered":"<p><a href=\"https:\/\/www.hoymercedes.com.ar\/principal\/wp-content\/uploads\/2014\/10\/wado-tandil.jpg\"><img loading=\"lazy\" decoding=\"async\" data-attachment-id=\"36652\" data-permalink=\"https:\/\/www.hoymercedes.com.ar\/principal\/2014\/10\/05\/de-pedro-convocamos-a-la-unidad-del-peronismo-en-defensa-del-gobierno\/wado-tandil\/#main\" data-orig-file=\"https:\/\/www.hoymercedes.com.ar\/principal\/wp-content\/uploads\/2014\/10\/wado-tandil.jpg\" data-orig-size=\"620,305\" data-comments-opened=\"1\" data-image-meta=\"{&quot;aperture&quot;:&quot;0&quot;,&quot;credit&quot;:&quot;&quot;,&quot;camera&quot;:&quot;&quot;,&quot;caption&quot;:&quot;&quot;,&quot;created_timestamp&quot;:&quot;0&quot;,&quot;copyright&quot;:&quot;&quot;,&quot;focal_length&quot;:&quot;0&quot;,&quot;iso&quot;:&quot;0&quot;,&quot;shutter_speed&quot;:&quot;0&quot;,&quot;title&quot;:&quot;&quot;,&quot;orientation&quot;:&quot;0&quot;}\" data-image-title=\"wado-tandil\" data-image-description=\"\" data-image-caption=\"\" data-large-file=\"https:\/\/www.hoymercedes.com.ar\/principal\/wp-content\/uploads\/2014\/10\/wado-tandil.jpg\" class=\"Img2014 aligncenter wp-image-36652 size-full\" src=\"https:\/\/www.hoymercedes.com.ar\/principal\/wp-content\/uploads\/2014\/10\/wado-tandil.jpg\" alt=\"wado-tandil\" width=\"620\" height=\"305\" \/><\/a><\/p>\n<p><em><strong>El Diputado Nacional Eduardo De Pedro fue parte de un nuevo encuentro del Partido Justicialista con las principales personalidades del peronismo nacional. Alent\u00f3 a que: \u00abHagamos del peronismo ese frente multiclasista para darle Cristina Fern\u00e1ndez\u00a0el respaldo que necesita para darle felicidad al pueblo\u00bb, sostuvo.\u00a0<\/strong><\/em><\/p>\n<p>El encuentro se realiz\u00f3 en Tandil, con Daniel Scioli, Jos\u00e9 Lu\u00eds Gioja, Eduardo Fellner, Fernando Espinozae, entre otros.<\/p>\n<p>De Pedro aprovech\u00f3 su cuenta de Twitter para expresar diversas sensaciones y opiniones. \u00abGran jornada de debate en Tandil en la que convocamos a la unidad del peronismo en defensa del gobierno\u00bb \u00a0sostuvo a la vez que remarc\u00f3: \u00abla divisi\u00f3n del peronismo les permiti\u00f3 a los vivos avanzar siempre sobre el pueblo\u00bb<\/p>\n<p><a href=\"https:\/\/www.hoymercedes.com.ar\/principal\/wp-content\/uploads\/2014\/10\/wadodepedro.jpg\"><img loading=\"lazy\" decoding=\"async\" data-attachment-id=\"36660\" data-permalink=\"https:\/\/www.hoymercedes.com.ar\/principal\/2014\/10\/05\/de-pedro-convocamos-a-la-unidad-del-peronismo-en-defensa-del-gobierno\/wadodepedro-12\/#main\" data-orig-file=\"https:\/\/www.hoymercedes.com.ar\/principal\/wp-content\/uploads\/2014\/10\/wadodepedro.jpg\" data-orig-size=\"620,388\" data-comments-opened=\"1\" data-image-meta=\"{&quot;aperture&quot;:&quot;0&quot;,&quot;credit&quot;:&quot;&quot;,&quot;camera&quot;:&quot;&quot;,&quot;caption&quot;:&quot;&quot;,&quot;created_timestamp&quot;:&quot;0&quot;,&quot;copyright&quot;:&quot;&quot;,&quot;focal_length&quot;:&quot;0&quot;,&quot;iso&quot;:&quot;0&quot;,&quot;shutter_speed&quot;:&quot;0&quot;,&quot;title&quot;:&quot;&quot;,&quot;orientation&quot;:&quot;0&quot;}\" data-image-title=\"wadodepedro\" data-image-description=\"\" data-image-caption=\"\" data-large-file=\"https:\/\/www.hoymercedes.com.ar\/principal\/wp-content\/uploads\/2014\/10\/wadodepedro.jpg\" class=\"Img2014 aligncenter wp-image-36660 size-full\" src=\"https:\/\/www.hoymercedes.com.ar\/principal\/wp-content\/uploads\/2014\/10\/wadodepedro.jpg\" alt=\"wadodepedro\" width=\"620\" height=\"388\" \/><\/a><\/p>\n<p>En su cuenta tambi\u00e9n aprovech\u00f3 para hablar sobre el renombrado caso del \u00abClar\u00edn ap\u00f3crifo\u00bb que se utiliz\u00f3 para criticar a la oposici\u00f3n. Expres\u00f3 De Pedro: \u00abCuando Clar\u00edn hace imitaciones es gracioso pero si las hacemos nosotros atacamos la libertad de prensa. Qu\u00e9 te pasa Clarin, estas nervioso?\u00bb Retomando una de las m\u00e1s c\u00e9lebres frases del ex presidente N\u00e9stor Kirchner.<\/p>\n<p>El encuentro se realiz\u00f3 en la Universidad del Centro.<\/p>\n","protected":false},"excerpt":{"rendered":"<p>El Diputado Nacional Eduardo De Pedro fue parte de un nuevo encuentro del Partido Justicialista con las principales personalidades del &#8230; <a title=\"De Pedro: \u00abConvocamos a la unidad del peronismo en defensa del gobierno\u00bb\" class=\"read-more\" href=\"https:\/\/www.hoymercedes.com.ar\/principal\/2014\/10\/05\/de-pedro-convocamos-a-la-unidad-del-peronismo-en-defensa-del-gobierno\/\" aria-label=\"Leer m\u00e1s sobre De Pedro: \u00abConvocamos a la unidad del peronismo en defensa del gobierno\u00bb\">Leer m\u00e1s<\/a><\/p>\n","protected":false},"author":1,"featured_media":0,"comment_status":"open","ping_status":"open","sticky":false,"template":"","format":"standard","meta":{"_monsterinsights_skip_tracking":false,"_monsterinsights_sitenote_active":false,"_monsterinsights_sitenote_note":"","_monsterinsights_sitenote_category":0,"jetpack_post_was_ever_published":false,"_jetpack_newsletter_access":"","_jetpack_dont_email_post_to_subs":false,"_jetpack_newsletter_tier_id":0,"_jetpack_memberships_contains_paywalled_content":false,"_jetpack_memberships_contains_paid_content":false,"footnotes":"","jetpack_publicize_message":"","jetpack_publicize_feature_enabled":true,"jetpack_social_post_already_shared":false,"jetpack_social_options":{"image_generator_settings":{"template":"highway","default_image_id":0,"font":"","enabled":false},"version":2},"_wpas_customize_per_network":false},"categories":[5],"tags":[6164,6163,281],"class_list":["post-36651","post","type-post","status-publish","format-standard","hentry","category-politica","tag-depedro","tag-peronismo","tag-wado-de-pedro","generate-columns","tablet-grid-50","mobile-grid-100","grid-parent","grid-50"],"jetpack_publicize_connections":[],"jetpack_featured_media_url":"","wps_subtitle":"Encuentro en Tandil ","jetpack_sharing_enabled":true,"_links":{"self":[{"href":"https:\/\/www.hoymercedes.com.ar\/principal\/wp-json\/wp\/v2\/posts\/36651","targetHints":{"allow":["GET"]}}],"collection":[{"href":"https:\/\/www.hoymercedes.com.ar\/principal\/wp-json\/wp\/v2\/posts"}],"about":[{"href":"https:\/\/www.hoymercedes.com.ar\/principal\/wp-json\/wp\/v2\/types\/post"}],"author":[{"embeddable":true,"href":"https:\/\/www.hoymercedes.com.ar\/principal\/wp-json\/wp\/v2\/users\/1"}],"replies":[{"embeddable":true,"href":"https:\/\/www.hoymercedes.com.ar\/principal\/wp-json\/wp\/v2\/comments?post=36651"}],"version-history":[{"count":0,"href":"https:\/\/www.hoymercedes.com.ar\/principal\/wp-json\/wp\/v2\/posts\/36651\/revisions"}],"wp:attachment":[{"href":"https:\/\/www.hoymercedes.com.ar\/principal\/wp-json\/wp\/v2\/media?parent=36651"}],"wp:term":[{"taxonomy":"category","embeddable":true,"href":"https:\/\/www.hoymercedes.com.ar\/principal\/wp-json\/wp\/v2\/categories?post=36651"},{"taxonomy":"post_tag","embeddable":true,"href":"https:\/\/www.hoymercedes.com.ar\/principal\/wp-json\/wp\/v2\/tags?post=36651"}],"curies":[{"name":"wp","href":"https:\/\/api.w.org\/{rel}","templated":true}]}}