{"id":36658,"date":"2014-10-05T20:46:24","date_gmt":"2014-10-05T23:46:24","guid":{"rendered":"http:\/\/www.hoymercedes.com.ar\/principal\/?p=36658"},"modified":"2014-10-05T20:49:09","modified_gmt":"2014-10-05T23:49:09","slug":"castelucci-se-reunio-con-liliana-gutierrez-por-situacion-de-empleados-municipales","status":"publish","type":"post","link":"https:\/\/www.hoymercedes.com.ar\/principal\/2014\/10\/05\/castelucci-se-reunio-con-liliana-gutierrez-por-situacion-de-empleados-municipales\/","title":{"rendered":"Castelucci se reuni\u00f3 con Liliana Gutierrez por situaci\u00f3n de empleados municipales"},"content":{"rendered":"<p><a href=\"https:\/\/www.hoymercedes.com.ar\/principal\/wp-content\/uploads\/2014\/10\/LilianaGutierrez-MarianoCastelucci.jpg\"><img loading=\"lazy\" decoding=\"async\" data-attachment-id=\"36661\" data-permalink=\"https:\/\/www.hoymercedes.com.ar\/principal\/2014\/10\/05\/castelucci-se-reunio-con-liliana-gutierrez-por-situacion-de-empleados-municipales\/lilianagutierrez-marianocastelucci\/#main\" data-orig-file=\"https:\/\/www.hoymercedes.com.ar\/principal\/wp-content\/uploads\/2014\/10\/LilianaGutierrez-MarianoCastelucci.jpg\" data-orig-size=\"620,463\" data-comments-opened=\"1\" data-image-meta=\"{&quot;aperture&quot;:&quot;0&quot;,&quot;credit&quot;:&quot;&quot;,&quot;camera&quot;:&quot;&quot;,&quot;caption&quot;:&quot;&quot;,&quot;created_timestamp&quot;:&quot;0&quot;,&quot;copyright&quot;:&quot;&quot;,&quot;focal_length&quot;:&quot;0&quot;,&quot;iso&quot;:&quot;0&quot;,&quot;shutter_speed&quot;:&quot;0&quot;,&quot;title&quot;:&quot;&quot;,&quot;orientation&quot;:&quot;0&quot;}\" data-image-title=\"LilianaGutierrez-MarianoCastelucci\" data-image-description=\"\" data-image-caption=\"\" data-large-file=\"https:\/\/www.hoymercedes.com.ar\/principal\/wp-content\/uploads\/2014\/10\/LilianaGutierrez-MarianoCastelucci.jpg\" class=\"Img2014 aligncenter wp-image-36661 size-full\" src=\"https:\/\/www.hoymercedes.com.ar\/principal\/wp-content\/uploads\/2014\/10\/LilianaGutierrez-MarianoCastelucci.jpg\" alt=\"LilianaGutierrez-MarianoCastelucci\" width=\"620\" height=\"463\" \/><\/a><\/p>\n<p><em><strong>Liliana Guti\u00e9rrez, titular de la Asociaci\u00f3n de trabajadores municipales de nuestra ciudad, recibi\u00f3 al ex intendente Interino, Mariano Castelucci.<\/strong><\/em><\/p>\n<p dir=\"ltr\">El encuentro tuvo como principal objetivo dialogar sobre la situaci\u00f3n actual de los trabajadores municipales. Salario, escalas, programas de formaci\u00f3n interna, capacitaci\u00f3n CYMAT. condiciones y medio ambiente del trabajo, entre otros, fueron los ejes de discusi\u00f3n entre la dirigente sindical y el ex Presidente del Honorable Concejo Deliberante.<\/p>\n<p dir=\"ltr\">\u00abValoramos a los empleados municipales y proponemos en nuestro plan de gobierno pol\u00ecticas que sustenten el desarrollo y formaci\u00f3n interna, optimizando la calidad de servicios, haciendo eje en la formaci\u00f3n t\u00e9cnica y tecnol\u00f3gica para afrontar con capacidad y conocimiento los nuevos desaf\u00edos\u00bb, afirm\u00f3 Castelucci en di\u00e1logo con Gutierrez.<\/p>\n<div>\u00abNuestra intenci\u00f3n es tener personal altamente calificado en todas las funciones de la municipalidad, proponiendo distintas alternativas a aquellos empleados que no han terminado la escolaridad, como tambi\u00e9n proponer distintas alternativas de capacitaci\u00f3n a aquellos que hayan finalizado\u00bb, continu\u00f3 el Escribano, al asegurar el alto nivel de competitividad y desarrollo que lagrar\u00eda el municipio a nivel nacional y provincial si Mercedes alcanza un amplio potencial de desarrollo en la formaci\u00f3n de los trabajadores\u00bb.<\/div>\n<p dir=\"ltr\">\u00abQueremos promover para una futura intendencia, programas de \u00a0auto desarrollo profesional del trabajador, dar opciones superadoras acordes al nivel alcanzado de jerarqu\u00eda y puesto que acupa\u00bb, se\u00f1al\u00f3 el l\u00edder de la Agupaci\u00f3n Arturo Jauretche.<\/p>\n<p dir=\"ltr\">Foto: Mariano Castelucci (referente de la agrupaci\u00f3n Arturo Jauretche) &#8211; Liliana Guti\u00e9rrez (Dirigente sindical) &#8211; Alberto Lagostena (secretario adjunto) \u00a0&#8211; Juan Mart\u00edn Giachino Ch\u00e1vez (Arturo Jauretche).<\/p>\n","protected":false},"excerpt":{"rendered":"<p>Liliana Guti\u00e9rrez, titular de la Asociaci\u00f3n de trabajadores municipales de nuestra ciudad, recibi\u00f3 al ex intendente Interino, Mariano Castelucci. El &#8230; <a title=\"Castelucci se reuni\u00f3 con Liliana Gutierrez por situaci\u00f3n de empleados municipales\" class=\"read-more\" href=\"https:\/\/www.hoymercedes.com.ar\/principal\/2014\/10\/05\/castelucci-se-reunio-con-liliana-gutierrez-por-situacion-de-empleados-municipales\/\" aria-label=\"Leer m\u00e1s sobre Castelucci se reuni\u00f3 con Liliana Gutierrez por situaci\u00f3n de empleados municipales\">Leer m\u00e1s<\/a><\/p>\n","protected":false},"author":1,"featured_media":0,"comment_status":"open","ping_status":"open","sticky":false,"template":"","format":"standard","meta":{"_monsterinsights_skip_tracking":false,"_monsterinsights_sitenote_active":false,"_monsterinsights_sitenote_note":"","_monsterinsights_sitenote_category":0,"jetpack_post_was_ever_published":false,"_jetpack_newsletter_access":"","_jetpack_dont_email_post_to_subs":false,"_jetpack_newsletter_tier_id":0,"_jetpack_memberships_contains_paywalled_content":false,"_jetpack_memberships_contains_paid_content":false,"footnotes":"","jetpack_publicize_message":"","jetpack_publicize_feature_enabled":true,"jetpack_social_post_already_shared":false,"jetpack_social_options":{"image_generator_settings":{"template":"highway","default_image_id":0,"font":"","enabled":false},"version":2},"_wpas_customize_per_network":false},"categories":[5],"tags":[480,513],"class_list":["post-36658","post","type-post","status-publish","format-standard","hentry","category-politica","tag-liliana-gutierrez","tag-mariano-castelucci","generate-columns","tablet-grid-50","mobile-grid-100","grid-parent","grid-50"],"jetpack_publicize_connections":[],"jetpack_featured_media_url":"","wps_subtitle":"Pol\u00edtica y sindicalismo","jetpack_sharing_enabled":true,"_links":{"self":[{"href":"https:\/\/www.hoymercedes.com.ar\/principal\/wp-json\/wp\/v2\/posts\/36658","targetHints":{"allow":["GET"]}}],"collection":[{"href":"https:\/\/www.hoymercedes.com.ar\/principal\/wp-json\/wp\/v2\/posts"}],"about":[{"href":"https:\/\/www.hoymercedes.com.ar\/principal\/wp-json\/wp\/v2\/types\/post"}],"author":[{"embeddable":true,"href":"https:\/\/www.hoymercedes.com.ar\/principal\/wp-json\/wp\/v2\/users\/1"}],"replies":[{"embeddable":true,"href":"https:\/\/www.hoymercedes.com.ar\/principal\/wp-json\/wp\/v2\/comments?post=36658"}],"version-history":[{"count":0,"href":"https:\/\/www.hoymercedes.com.ar\/principal\/wp-json\/wp\/v2\/posts\/36658\/revisions"}],"wp:attachment":[{"href":"https:\/\/www.hoymercedes.com.ar\/principal\/wp-json\/wp\/v2\/media?parent=36658"}],"wp:term":[{"taxonomy":"category","embeddable":true,"href":"https:\/\/www.hoymercedes.com.ar\/principal\/wp-json\/wp\/v2\/categories?post=36658"},{"taxonomy":"post_tag","embeddable":true,"href":"https:\/\/www.hoymercedes.com.ar\/principal\/wp-json\/wp\/v2\/tags?post=36658"}],"curies":[{"name":"wp","href":"https:\/\/api.w.org\/{rel}","templated":true}]}}