{"id":36664,"date":"2014-10-05T21:44:45","date_gmt":"2014-10-06T00:44:45","guid":{"rendered":"http:\/\/www.hoymercedes.com.ar\/principal\/?p=36664"},"modified":"2014-10-06T10:05:35","modified_gmt":"2014-10-06T13:05:35","slug":"ministro-rossi-visitara-marcedes-y-entregara-actas-de-la-dictadura","status":"publish","type":"post","link":"https:\/\/www.hoymercedes.com.ar\/principal\/2014\/10\/05\/ministro-rossi-visitara-marcedes-y-entregara-actas-de-la-dictadura\/","title":{"rendered":"Ministro Rossi visitar\u00e1 Marcedes y entregar\u00e1 Actas de la Dictadura"},"content":{"rendered":"<p><a href=\"https:\/\/www.hoymercedes.com.ar\/principal\/wp-content\/uploads\/2014\/10\/Agust\u00ednRossi-MinistrodeDefensa.jpg\"><img loading=\"lazy\" decoding=\"async\" data-attachment-id=\"36666\" data-permalink=\"https:\/\/www.hoymercedes.com.ar\/principal\/2014\/10\/05\/ministro-rossi-visitara-marcedes-y-entregara-actas-de-la-dictadura\/agustinrossi-ministrodedefensa\/#main\" data-orig-file=\"https:\/\/www.hoymercedes.com.ar\/principal\/wp-content\/uploads\/2014\/10\/Agust\u00ednRossi-MinistrodeDefensa.jpg\" data-orig-size=\"620,349\" data-comments-opened=\"1\" data-image-meta=\"{&quot;aperture&quot;:&quot;0&quot;,&quot;credit&quot;:&quot;&quot;,&quot;camera&quot;:&quot;&quot;,&quot;caption&quot;:&quot;&quot;,&quot;created_timestamp&quot;:&quot;0&quot;,&quot;copyright&quot;:&quot;&quot;,&quot;focal_length&quot;:&quot;0&quot;,&quot;iso&quot;:&quot;0&quot;,&quot;shutter_speed&quot;:&quot;0&quot;,&quot;title&quot;:&quot;&quot;,&quot;orientation&quot;:&quot;0&quot;}\" data-image-title=\"Agust\u00ednRossi-MinistrodeDefensa\" data-image-description=\"\" data-image-caption=\"\" data-large-file=\"https:\/\/www.hoymercedes.com.ar\/principal\/wp-content\/uploads\/2014\/10\/Agust\u00ednRossi-MinistrodeDefensa.jpg\" class=\"Img2014 aligncenter wp-image-36666 size-full\" src=\"https:\/\/www.hoymercedes.com.ar\/principal\/wp-content\/uploads\/2014\/10\/Agust\u00ednRossi-MinistrodeDefensa.jpg\" alt=\"Agust\u00ednRossi-MinistrodeDefensa\" width=\"620\" height=\"349\" \/><\/a> <em><strong>El Ministro de Defensa de la Naci\u00f3n, Agust\u00edn Rossi, estar\u00e1 presente en nuestra ciudad el pr\u00f3ximo viernes para hacer entrega a la comuna de las Actas de la \u00faltima Dictadura C\u00edvico Militar. Se realizar\u00e1 un acto oficial.\u00a0<\/strong><\/em><\/p>\n<div class=\"citando\">Las actas el pasado 21 de julio fueron entregas por el Ministro a la Universidad de Luj\u00e1n. Ahora lo har\u00e1 en Mercedes.<\/div>\n<p>El encuentro se presume ser\u00eda sobre la ma\u00f1ana. Del asunto ya hab\u00edan dialogado el Diputado Nacional Eduardo De Pedro y el Coordinador de Derechos Humanos de la Municipalidad, Marcelo Melo, en el acto por los 30 a\u00f1os de la reapertura de la Universidad Nacional de Luj\u00e1n cuando varias personalidades de la regi\u00f3n estuvieron presentes en dicha instituci\u00f3n. Las actas de la \u00faltima Dictadura C\u00edvico Militar, con el apoyo de la iglesia cat\u00f3lica, los principales grupos empresarios y m\u00e1s grandes medios de comunicaci\u00f3n fueron descubiertas en el s\u00f3tano del edificio C\u00f3ndor y desde all\u00ed restauradas y editadas por el Ministerio de Defensa con la decisi\u00f3n pol\u00edtica de darlas a conocer a la ciudadan\u00eda. All\u00ed se pueden leer las resoluciones que la Junta Militar tomaba sobre diversos aspectos de la vida de los argentinos, desde la econom\u00eda a la decisi\u00f3n sobre la vida de los seres humanos. Las actas, cuando sean entregadas a la Municipalidad, se estima estar\u00e1n disponibles para toda la comunidad.<\/p>\n<div class=\"VideoP\">\n<div class=\"TVideoP\">Actas Dictadura Militar<\/div>\n<div class=\"TxtVideoP\">Video en el cual se explica c\u00f3mo se obtuvieron las Actas Secretas de la \u00daltima D\u00edctadura C\u00edvico Militar.<\/div>\n<p><iframe loading=\"lazy\" src=\"\/\/www.youtube.com\/embed\/bse-DGt06zE?rel=0&amp;showinfo=0\" width=\"620\" height=\"349\" frameborder=\"0\" allowfullscreen=\"allowfullscreen\"><\/iframe><\/div>\n<p>&nbsp;<\/p>\n","protected":false},"excerpt":{"rendered":"<p>El Ministro de Defensa de la Naci\u00f3n, Agust\u00edn Rossi, estar\u00e1 presente en nuestra ciudad el pr\u00f3ximo viernes para hacer entrega &#8230; <a title=\"Ministro Rossi visitar\u00e1 Marcedes y entregar\u00e1 Actas de la Dictadura\" class=\"read-more\" href=\"https:\/\/www.hoymercedes.com.ar\/principal\/2014\/10\/05\/ministro-rossi-visitara-marcedes-y-entregara-actas-de-la-dictadura\/\" aria-label=\"Leer m\u00e1s sobre Ministro Rossi visitar\u00e1 Marcedes y entregar\u00e1 Actas de la Dictadura\">Leer m\u00e1s<\/a><\/p>\n","protected":false},"author":1,"featured_media":0,"comment_status":"open","ping_status":"open","sticky":false,"template":"","format":"standard","meta":{"_monsterinsights_skip_tracking":false,"_monsterinsights_sitenote_active":false,"_monsterinsights_sitenote_note":"","_monsterinsights_sitenote_category":0,"jetpack_post_was_ever_published":false,"_jetpack_newsletter_access":"","_jetpack_dont_email_post_to_subs":false,"_jetpack_newsletter_tier_id":0,"_jetpack_memberships_contains_paywalled_content":false,"_jetpack_memberships_contains_paid_content":false,"footnotes":"","jetpack_publicize_message":"","jetpack_publicize_feature_enabled":true,"jetpack_social_post_already_shared":false,"jetpack_social_options":{"image_generator_settings":{"template":"highway","default_image_id":0,"font":"","enabled":false},"version":2},"_wpas_customize_per_network":false},"categories":[5],"tags":[5821,6166,403,5822,281],"class_list":["post-36664","post","type-post","status-publish","format-standard","hentry","category-politica","tag-actas-dictadura","tag-agustin-rossi","tag-marcelo-melo","tag-ministro-agustin-rossi","tag-wado-de-pedro","generate-columns","tablet-grid-50","mobile-grid-100","grid-parent","grid-50"],"jetpack_publicize_connections":[],"jetpack_featured_media_url":"","wps_subtitle":"Derechos Humanos y Dictadura genocida ","jetpack_sharing_enabled":true,"_links":{"self":[{"href":"https:\/\/www.hoymercedes.com.ar\/principal\/wp-json\/wp\/v2\/posts\/36664","targetHints":{"allow":["GET"]}}],"collection":[{"href":"https:\/\/www.hoymercedes.com.ar\/principal\/wp-json\/wp\/v2\/posts"}],"about":[{"href":"https:\/\/www.hoymercedes.com.ar\/principal\/wp-json\/wp\/v2\/types\/post"}],"author":[{"embeddable":true,"href":"https:\/\/www.hoymercedes.com.ar\/principal\/wp-json\/wp\/v2\/users\/1"}],"replies":[{"embeddable":true,"href":"https:\/\/www.hoymercedes.com.ar\/principal\/wp-json\/wp\/v2\/comments?post=36664"}],"version-history":[{"count":0,"href":"https:\/\/www.hoymercedes.com.ar\/principal\/wp-json\/wp\/v2\/posts\/36664\/revisions"}],"wp:attachment":[{"href":"https:\/\/www.hoymercedes.com.ar\/principal\/wp-json\/wp\/v2\/media?parent=36664"}],"wp:term":[{"taxonomy":"category","embeddable":true,"href":"https:\/\/www.hoymercedes.com.ar\/principal\/wp-json\/wp\/v2\/categories?post=36664"},{"taxonomy":"post_tag","embeddable":true,"href":"https:\/\/www.hoymercedes.com.ar\/principal\/wp-json\/wp\/v2\/tags?post=36664"}],"curies":[{"name":"wp","href":"https:\/\/api.w.org\/{rel}","templated":true}]}}