{"id":36679,"date":"2014-10-06T19:55:04","date_gmt":"2014-10-06T22:55:04","guid":{"rendered":"http:\/\/www.hoymercedes.com.ar\/principal\/?p=36679"},"modified":"2014-10-06T19:58:28","modified_gmt":"2014-10-06T22:58:28","slug":"ministerio-de-educacion-de-la-nacion-entrego-93-000-pesos-para-materiales-deportivos-a-escuelas-de-mercedes","status":"publish","type":"post","link":"https:\/\/www.hoymercedes.com.ar\/principal\/2014\/10\/06\/ministerio-de-educacion-de-la-nacion-entrego-93-000-pesos-para-materiales-deportivos-a-escuelas-de-mercedes\/","title":{"rendered":"Ministerio de Educaci\u00f3n de la Naci\u00f3n entrego 93.000 pesos para materiales deportivos a escuelas de Mercedes"},"content":{"rendered":"<p><a href=\"https:\/\/www.hoymercedes.com.ar\/principal\/wp-content\/uploads\/2014\/10\/MinistroSileoni.jpg\"><img loading=\"lazy\" decoding=\"async\" data-attachment-id=\"36680\" data-permalink=\"https:\/\/www.hoymercedes.com.ar\/principal\/2014\/10\/06\/ministerio-de-educacion-de-la-nacion-entrego-93-000-pesos-para-materiales-deportivos-a-escuelas-de-mercedes\/ministrosileoni\/#main\" data-orig-file=\"https:\/\/www.hoymercedes.com.ar\/principal\/wp-content\/uploads\/2014\/10\/MinistroSileoni.jpg\" data-orig-size=\"620,405\" data-comments-opened=\"1\" data-image-meta=\"{&quot;aperture&quot;:&quot;0&quot;,&quot;credit&quot;:&quot;&quot;,&quot;camera&quot;:&quot;&quot;,&quot;caption&quot;:&quot;&quot;,&quot;created_timestamp&quot;:&quot;0&quot;,&quot;copyright&quot;:&quot;&quot;,&quot;focal_length&quot;:&quot;0&quot;,&quot;iso&quot;:&quot;0&quot;,&quot;shutter_speed&quot;:&quot;0&quot;,&quot;title&quot;:&quot;&quot;,&quot;orientation&quot;:&quot;0&quot;}\" data-image-title=\"MinistroSileoni\" data-image-description=\"&lt;p&gt;Alberto Sileoni&lt;\/p&gt;\n\" data-image-caption=\"&lt;p&gt;Alberto Sileoni&lt;\/p&gt;\n\" data-large-file=\"https:\/\/www.hoymercedes.com.ar\/principal\/wp-content\/uploads\/2014\/10\/MinistroSileoni.jpg\" class=\"Img2014 aligncenter wp-image-36680 size-full\" src=\"https:\/\/www.hoymercedes.com.ar\/principal\/wp-content\/uploads\/2014\/10\/MinistroSileoni.jpg\" alt=\"MinistroSileoni\" width=\"620\" height=\"405\" \/><\/a><\/p>\n<p><em><strong>Casi 20 escuelas de nuestra ciudad recibieron subsidios de entre 3.000 y 7.000 pesos para la compra de materiales para la pr\u00e1ctica de Educaci\u00f3n F\u00edsica, luego de una gesti\u00f3n que se articul\u00f3 entre autoridades y docentes de los establecimientos; el presidente del bloque de concejales del Frente Mercedino para la Victoria, Juan Ignacio Ustarroz; y los coordinadores distritales de Pol\u00edtica Socioeducativa, Gabriela Cusa y Federico Belzunces.<\/strong><\/em><\/p>\n<p>El dinero lleg\u00f3 a trav\u00e9s del programa \u201cFondo Escolar para Materiales y Equipamiento de Educaci\u00f3n F\u00edsica\u201d, dependiente de la Direcci\u00f3n Nacional de Pol\u00edticas Educativas, del Ministerio de Educaci\u00f3n de la Naci\u00f3n.<\/p>\n<p>\u201cLos montos ya fueron depositados en las cuentas de cada una de las escuelas, y sus directivos, de hecho, ya est\u00e1n en la etapa de rendici\u00f3n del dinero, certificando su uso en la compra de materiales para la pr\u00e1ctica del deporte escolar\u201d, contaron los coordinadores.<\/p>\n<p>Ustarroz, a su vez, cont\u00f3: \u201cPedimos estos aportes a partir de las demandas recibidas por distintos establecimientos educativos de nuestra ciudad, entendiendo siempre la necesidad de fortalecer la educaci\u00f3n como herramienta de inclusi\u00f3n, mirando al presente y al futuro de Mercedes. Nos pone muy contentos poder ayudar desde nuestro lugar, porque adem\u00e1s el deporte es una herramienta extraordinaria para chicos y docentes\u201d.<\/p>\n<p>D\u00edas atr\u00e1s, y a trav\u00e9s de las gestiones del diputado nacional Eduardo \u2018Wado\u2019 de Pedro, el Frente Mercedino hab\u00eda cumplido con la entrega de materiales deportivos a la ESB 2.<\/p>\n<p>Las otras instituciones educativas mercedinas que recibieron el subsidio (entre 3.000 y 7.000 pesos, una suma total de 93 mil pesos), fueron: Escuelas Secundarias B\u00e1sicas n\u00fameros 3, 5 y 9; Escuelas de Educaci\u00f3n Especial Paul Harris y 504; Centro de Formaci\u00f3n Laboral 1; Jard\u00edn de Infantes 908 de Gowland; Escuela Media 1; Colegio Nacional; Escuela Normal; Escuelas Secundarias n\u00fameros 7, 8, 9, 10, 11 y 13; y escuela Almafuerte.<\/p>\n<p>Cusa y Belzunces expresaron su agradecimiento \u201ca todos los directivos y profesores de Educaci\u00f3n F\u00edsica que colaboran en buscar los presupuestos y seleccionar el material adecuado para las necesidades educativas de las respectivas instituciones. Ven\u00edamos recibiendo demanda de este tipo de materiales en muchas escuelas\u00a0\u00a0y as\u00ed lo comunicamos y lo solicitamos. Es una enorme alegr\u00eda poder cumplir con muchos de esos pedidos\u201d.<\/p>\n<p>\u201cY tambi\u00e9n es fundamental el trabajo que hacen Juani Ustarroz y los equipos de Educaci\u00f3n del Frente Mercedino para la Victoria, porque a trav\u00e9s de ellos recibimos diferentes inquietudes de docentes, padres o directivos de las escuelas y podemos articular para la gesti\u00f3n y la llegada de estas soluciones tan importantes\u201d, concluyeron.<\/p>\n<p><span style=\"color: #808080;\">Fuente: FMpV<\/span><\/p>\n<p>&nbsp;<\/p>\n<p>&nbsp;<\/p>\n","protected":false},"excerpt":{"rendered":"<p>Casi 20 escuelas de nuestra ciudad recibieron subsidios de entre 3.000 y 7.000 pesos para la compra de materiales para &#8230; <a title=\"Ministerio de Educaci\u00f3n de la Naci\u00f3n entrego 93.000 pesos para materiales deportivos a escuelas de Mercedes\" class=\"read-more\" href=\"https:\/\/www.hoymercedes.com.ar\/principal\/2014\/10\/06\/ministerio-de-educacion-de-la-nacion-entrego-93-000-pesos-para-materiales-deportivos-a-escuelas-de-mercedes\/\" aria-label=\"Leer m\u00e1s sobre Ministerio de Educaci\u00f3n de la Naci\u00f3n entrego 93.000 pesos para materiales deportivos a escuelas de Mercedes\">Leer m\u00e1s<\/a><\/p>\n","protected":false},"author":1,"featured_media":0,"comment_status":"open","ping_status":"open","sticky":false,"template":"","format":"standard","meta":{"_monsterinsights_skip_tracking":false,"_monsterinsights_sitenote_active":false,"_monsterinsights_sitenote_note":"","_monsterinsights_sitenote_category":0,"jetpack_post_was_ever_published":false,"_jetpack_newsletter_access":"","_jetpack_dont_email_post_to_subs":false,"_jetpack_newsletter_tier_id":0,"_jetpack_memberships_contains_paywalled_content":false,"_jetpack_memberships_contains_paid_content":false,"footnotes":"","jetpack_publicize_message":"","jetpack_publicize_feature_enabled":true,"jetpack_social_post_already_shared":false,"jetpack_social_options":{"image_generator_settings":{"template":"highway","default_image_id":0,"font":"","enabled":false},"version":2},"_wpas_customize_per_network":false},"categories":[23],"tags":[6167,6168],"class_list":["post-36679","post","type-post","status-publish","format-standard","hentry","category-educacion","tag-ministro-sileoni-educacion","tag-subsidios-educacion-mercedes","generate-columns","tablet-grid-50","mobile-grid-100","grid-parent","grid-50"],"jetpack_publicize_connections":[],"jetpack_featured_media_url":"","wps_subtitle":"Beneficio social ","jetpack_sharing_enabled":true,"_links":{"self":[{"href":"https:\/\/www.hoymercedes.com.ar\/principal\/wp-json\/wp\/v2\/posts\/36679","targetHints":{"allow":["GET"]}}],"collection":[{"href":"https:\/\/www.hoymercedes.com.ar\/principal\/wp-json\/wp\/v2\/posts"}],"about":[{"href":"https:\/\/www.hoymercedes.com.ar\/principal\/wp-json\/wp\/v2\/types\/post"}],"author":[{"embeddable":true,"href":"https:\/\/www.hoymercedes.com.ar\/principal\/wp-json\/wp\/v2\/users\/1"}],"replies":[{"embeddable":true,"href":"https:\/\/www.hoymercedes.com.ar\/principal\/wp-json\/wp\/v2\/comments?post=36679"}],"version-history":[{"count":0,"href":"https:\/\/www.hoymercedes.com.ar\/principal\/wp-json\/wp\/v2\/posts\/36679\/revisions"}],"wp:attachment":[{"href":"https:\/\/www.hoymercedes.com.ar\/principal\/wp-json\/wp\/v2\/media?parent=36679"}],"wp:term":[{"taxonomy":"category","embeddable":true,"href":"https:\/\/www.hoymercedes.com.ar\/principal\/wp-json\/wp\/v2\/categories?post=36679"},{"taxonomy":"post_tag","embeddable":true,"href":"https:\/\/www.hoymercedes.com.ar\/principal\/wp-json\/wp\/v2\/tags?post=36679"}],"curies":[{"name":"wp","href":"https:\/\/api.w.org\/{rel}","templated":true}]}}