{"id":36687,"date":"2014-10-06T22:05:19","date_gmt":"2014-10-07T01:05:19","guid":{"rendered":"http:\/\/www.hoymercedes.com.ar\/principal\/?p=36687"},"modified":"2014-10-21T21:09:16","modified_gmt":"2014-10-22T00:09:16","slug":"anuncian-gala-lirica-gratuita-en-el-teatro-municipal","status":"publish","type":"post","link":"https:\/\/www.hoymercedes.com.ar\/principal\/2014\/10\/06\/anuncian-gala-lirica-gratuita-en-el-teatro-municipal\/","title":{"rendered":"Anuncian Gala Lirica gratuita con Dario Volont\u00e9 en el Teatro Municipal"},"content":{"rendered":"<p><a href=\"https:\/\/www.hoymercedes.com.ar\/principal\/wp-content\/uploads\/2014\/10\/Gala-ColegioNacional.jpg\"><img loading=\"lazy\" decoding=\"async\" data-attachment-id=\"36688\" data-permalink=\"https:\/\/www.hoymercedes.com.ar\/principal\/2014\/10\/06\/anuncian-gala-lirica-gratuita-en-el-teatro-municipal\/gala-colegionacional\/#main\" data-orig-file=\"https:\/\/www.hoymercedes.com.ar\/principal\/wp-content\/uploads\/2014\/10\/Gala-ColegioNacional.jpg\" data-orig-size=\"620,260\" data-comments-opened=\"1\" data-image-meta=\"{&quot;aperture&quot;:&quot;0&quot;,&quot;credit&quot;:&quot;&quot;,&quot;camera&quot;:&quot;&quot;,&quot;caption&quot;:&quot;&quot;,&quot;created_timestamp&quot;:&quot;0&quot;,&quot;copyright&quot;:&quot;&quot;,&quot;focal_length&quot;:&quot;0&quot;,&quot;iso&quot;:&quot;0&quot;,&quot;shutter_speed&quot;:&quot;0&quot;,&quot;title&quot;:&quot;&quot;,&quot;orientation&quot;:&quot;0&quot;}\" data-image-title=\"Gala-ColegioNacional\" data-image-description=\"\" data-image-caption=\"\" data-large-file=\"https:\/\/www.hoymercedes.com.ar\/principal\/wp-content\/uploads\/2014\/10\/Gala-ColegioNacional.jpg\" class=\"Img2014 aligncenter wp-image-36688 size-full\" src=\"https:\/\/www.hoymercedes.com.ar\/principal\/wp-content\/uploads\/2014\/10\/Gala-ColegioNacional.jpg\" alt=\"Gala-ColegioNacional\" width=\"620\" height=\"260\" \/><\/a><\/p>\n<p><em><strong>(MM) El Centro de Egresados del Colegio Nacional y la Municipalidad de Mercedes, a trav\u00e9s de la Direcci\u00f3n de Cultura; anuncio la realizaci\u00f3n de una Gala L\u00edrica, este lunes 13 de octubre a las 19 hs, en las instalaciones del Centro Cultural Teatro Argentino \u201cInt. Dr. Julio C. Gioscio\u201d.<\/strong><\/em><br \/>\nEn esta ocasi\u00f3n se contar\u00e1 con la presentaci\u00f3n del tenor l\u00edrico Dar\u00edo Volont\u00e9 y la cantante mezzosoprano Vera Cirkovic, acompa\u00f1ados por el excelent\u00edsimo maestro y pianista Gerardo Delgado.<\/p>\n<p>En conferencia de prensa, estuvieron el Director de Cultura Gerardo Caballero junto a los integrantes del Centro de Egresados Horacio Llanos y Ricardo Espa\u00f1a.<\/p>\n<p>Contaron que el espect\u00e1culo ser\u00e1 con entrada libre y gratuita, y el p\u00fablico podr\u00e1 retirar sus entradas (hasta dos por persona) a partir del d\u00eda martes 7 en los horarios de boleter\u00eda (09 a 12 hs. \u2013 17 a 20 hs)<\/p>\n<p><span style=\"color: #808080;\">Fuente: Direcci\u00f3n de Cultura<\/span><\/p>\n<p>&nbsp;<\/p>\n<p>&nbsp;<\/p>\n<p>&nbsp;<\/p>\n","protected":false},"excerpt":{"rendered":"<p>(MM) El Centro de Egresados del Colegio Nacional y la Municipalidad de Mercedes, a trav\u00e9s de la Direcci\u00f3n de Cultura; &#8230; <a title=\"Anuncian Gala Lirica gratuita con Dario Volont\u00e9 en el Teatro Municipal\" class=\"read-more\" href=\"https:\/\/www.hoymercedes.com.ar\/principal\/2014\/10\/06\/anuncian-gala-lirica-gratuita-en-el-teatro-municipal\/\" aria-label=\"Leer m\u00e1s sobre Anuncian Gala Lirica gratuita con Dario Volont\u00e9 en el Teatro Municipal\">Leer m\u00e1s<\/a><\/p>\n","protected":false},"author":1,"featured_media":0,"comment_status":"open","ping_status":"open","sticky":false,"template":"","format":"standard","meta":{"_monsterinsights_skip_tracking":false,"_monsterinsights_sitenote_active":false,"_monsterinsights_sitenote_note":"","_monsterinsights_sitenote_category":0,"jetpack_post_was_ever_published":false,"_jetpack_newsletter_access":"","_jetpack_dont_email_post_to_subs":false,"_jetpack_newsletter_tier_id":0,"_jetpack_memberships_contains_paywalled_content":false,"_jetpack_memberships_contains_paid_content":false,"footnotes":"","jetpack_publicize_message":"","jetpack_publicize_feature_enabled":true,"jetpack_social_post_already_shared":false,"jetpack_social_options":{"image_generator_settings":{"template":"highway","default_image_id":0,"font":"","enabled":false},"version":2},"_wpas_customize_per_network":false},"categories":[104],"tags":[739,6172,3684],"class_list":["post-36687","post","type-post","status-publish","format-standard","hentry","category-cultura","tag-direccion-de-cultura","tag-gerardo-caballero-cultura-mercedes","tag-piky-caballero","generate-columns","tablet-grid-50","mobile-grid-100","grid-parent","grid-50"],"jetpack_publicize_connections":[],"jetpack_featured_media_url":"","wps_subtitle":"Dar\u00edo Volont\u00e9 y la cantante mezzosoprano Vera Cirkovic","jetpack_sharing_enabled":true,"_links":{"self":[{"href":"https:\/\/www.hoymercedes.com.ar\/principal\/wp-json\/wp\/v2\/posts\/36687","targetHints":{"allow":["GET"]}}],"collection":[{"href":"https:\/\/www.hoymercedes.com.ar\/principal\/wp-json\/wp\/v2\/posts"}],"about":[{"href":"https:\/\/www.hoymercedes.com.ar\/principal\/wp-json\/wp\/v2\/types\/post"}],"author":[{"embeddable":true,"href":"https:\/\/www.hoymercedes.com.ar\/principal\/wp-json\/wp\/v2\/users\/1"}],"replies":[{"embeddable":true,"href":"https:\/\/www.hoymercedes.com.ar\/principal\/wp-json\/wp\/v2\/comments?post=36687"}],"version-history":[{"count":0,"href":"https:\/\/www.hoymercedes.com.ar\/principal\/wp-json\/wp\/v2\/posts\/36687\/revisions"}],"wp:attachment":[{"href":"https:\/\/www.hoymercedes.com.ar\/principal\/wp-json\/wp\/v2\/media?parent=36687"}],"wp:term":[{"taxonomy":"category","embeddable":true,"href":"https:\/\/www.hoymercedes.com.ar\/principal\/wp-json\/wp\/v2\/categories?post=36687"},{"taxonomy":"post_tag","embeddable":true,"href":"https:\/\/www.hoymercedes.com.ar\/principal\/wp-json\/wp\/v2\/tags?post=36687"}],"curies":[{"name":"wp","href":"https:\/\/api.w.org\/{rel}","templated":true}]}}