{"id":3674,"date":"2011-04-21T17:16:43","date_gmt":"2011-04-21T17:16:43","guid":{"rendered":"http:\/\/www.hoymercedes.com.ar\/principal\/?p=3674"},"modified":"2011-04-21T17:16:43","modified_gmt":"2011-04-21T17:16:43","slug":"marcelo-suarez-opina-sobre-cooperativa-levin","status":"publish","type":"post","link":"https:\/\/www.hoymercedes.com.ar\/principal\/2011\/04\/21\/marcelo-suarez-opina-sobre-cooperativa-levin\/","title":{"rendered":"Marcelo Su\u00e1rez opina sobre Cooperativa Levin"},"content":{"rendered":"<p><span style=\"color: #003366;\"><strong>Por Marcelo Su\u00e1rez<\/strong><\/span><\/p>\n<p>El domingo por la ma\u00f1ana tuve el agrado de asistir a una nueva asamblea de\u00a0la Cooperativa de Electricidad Julio Levin. Y digo que lo hice con satisfacci\u00f3n\u00a0porque siempre me jacte de pertenecer a la misma como asociado o como consejero y participar. Nada m\u00e1s ni nada menos que eso.<\/p>\n<p>En otros tiempos m\u00e1s oscuros de la vida de la cooperativa cuando estaba en la administraci\u00f3n la Lista Verde tuve que lidiar junto a un grupo de asociados contra las irregularidades que se llevaban a cabo.<\/p>\n<p>No fuimos muchos los que levantamos la voz y me costaba creer como la mayor\u00eda de los socios silenciosos de la cooperativa no se expresaban con su voz y voto, castigando a quienes se hab\u00edan desviado del camino.<\/p>\n<p>En alg\u00fan momento escrib\u00ed  en estas mismas p\u00e1ginas que podr\u00eda suceder que con permiso del estatuto y de asambleas en las que lamentablemente concurr\u00edan muy pocos socios se pudiera cambiar los objetivos y dejar de lado el fin principal  para lo cual fue creada la cooperativa. Pero esto no era lo correcto ni lo saludable para una cooperativa.<\/p>\n<p>Por ejemplo, que una cooperativa el\u00e9ctrica comprara una cl\u00ednica en convocatoria parec\u00eda a todas luces un desprop\u00f3sito y sin embargo ocurri\u00f3.<\/p>\n<p>Y si ocurri\u00f3 fue porque existieron c\u00f3mplices y culpables: los que miraron para otro lado, los que se tocaron el bolsillo, los que buscaron votos pol\u00edticos, los que dijeron \u00abyo no me meto\u00bb, los que tuvieron miedo&#8230;<\/p>\n<p>La Cl\u00ednica Cruz Azul S.A. ubicada en la calle 29 al 353 ,lleg\u00f3 a tener una composici\u00f3n\u00a0del capital suscripto e integrado de 250,000 $ y su presidente fue Ernesto Gaspar que a su vez era presidente de la Cooperativa Levin.<\/p>\n<p>Aquellos que nos rebelamos y nos autodenominamos Lista Blanca fuimos cuestionados,  maltratados y  se\u00f1alados en el mejor de los casos como \u201csemilleros de maldad\u201d.Los integrantes de la conducci\u00f3n  oficialista emitieron cuanto comunicado pudieron en los medios de Mercedes para desprestigiarnos realizando denuncias que faltaban a la realidad. Quiz\u00e1s por ello todos sus juicios y acusaciones judiciales que nunca prosperaron.<\/p>\n<p>Lo que en verdad se pretend\u00eda era desviar la atenci\u00f3n al vaciamiento que se estaba realizando en la Levin.<\/p>\n<p>En efecto, en las cooperativas se deben distribuir los excedentes porque no existen ganancias.  O se reinvierte en el objetivo social buscado -como hoy  creo que se esta haciendo- o se le devuelve la plata al asociado. Se considera excedente repartible solo aquel que provenga de la diferencia entre el costo y el precio del servicio prestado a los asociados, teniendo en cuenta todos los gastos administrativos y sociales. Es mas, en nuestro estatuto esta claramente estipulado que no puede haber \u201cdesv\u00edos\u201d excepto los que se estipulan a saber: 1) un cinco por ciento como reserva legal  2) un cinco por ciento al fondo de acci\u00f3n asistencial y laboral como estimulo al personal 3) otro cinco por ciento para un fondo de educaci\u00f3n y participaci\u00f3n cooperativa.<\/p>\n<p>El resto debe distribuirse entre los asociados en concepto de retorno. En las cooperativas de consumos de bienes y servicios como las el\u00e9ctricas, este beneficio va de acuerdo al consumo de cada asociado. O sea, aquellos que consumen mas, son beneficiados por rebajas o devoluci\u00f3n de los excedentes. Aunque suena raro, eso es lo que dice el articulo 42 de la ley 20.337 madre de todos los estatutos de las cooperativas.<\/p>\n<p>Lamentablemente esto nunca sucedi\u00f3. Ni sucede por varias razones ( hoy la cooperativa es deficitaria y entre tantas cosas sigue pagando deudas y juicios de aquella gesti\u00f3n).<\/p>\n<p>En aquel momento nos preguntamos \u00bfpara qu\u00e9 comprar la Cl\u00ednica Cruz Azul que estaba en convocatoria en vez de bajar la luz o repartir el dinero excedente?.<\/p>\n<p>La explicaci\u00f3n estaba en que el destino de los excedentes generados por la prestaci\u00f3n de servicios a no asociados no se toman en cuenta y se ponen en una cuenta especial. Lo que ganaba la Cl\u00ednica, si suced\u00eda, en definitiva no volv\u00eda a las arcas de la Cooperativa.<\/p>\n<p>Por el contrario su compra, los prestamos, los bienes que se compraban y el trabajo que realizaban alguno de nuestros asociados eran un constante traspaso de dinero que pagamos todos los asociados de la Levin.<\/p>\n<p>El tiempo demostr\u00f3 lo que denunciamos.  El Quiebre de la Cl\u00ednica Cruz azul a\u00fan tiene consecuencias sobre la Cooperativa Levin. O ten\u00eda<\/p>\n<p>Porque este domingo, en el 58 ejercicio tuve la satisfacci\u00f3n de enterarme que las acciones de la Cl\u00ednica Cruz Azul que ten\u00eda un valor simb\u00f3lico en los \u00faltimos tiempo ya no existen mas para los asuntos contables.<\/p>\n<p>Posiblemente tengamos que enfrentar nuevos problemas: como promesas que no se cumplen desde el municipio o el gobierno, falta de subsidios, falta de recomposici\u00f3n de tarifas, pero lo que s\u00ed queda claro es que estamos en el rumbo adecuado.<\/p>\n<p>El actual presidente Eduardo Ra\u00fal Pedeuboy ( hoy Lista Violeta)  tuvo un gesto poco inusual al comenzar la asamblea y dijo &#8211; palabras m\u00e1s palabras menos- que hoy la cooperativa exist\u00eda gracias a un pu\u00f1ado de asociados que se jugaron por salvar la cooperativa y nombr\u00f3 a varios de los integrantes de la lista Blanca, algunos lamentablemente fallecidos.<\/p>\n<p>Esperemos que hayamos aprendido. Y as\u00ed parece, por la cantidad de asociados que\u00a0se presentan en cada asamblea. Quiz\u00e1s no estemos en todo de acuerdo. Siempre esta la posibilidad de cambiar la conducci\u00f3n o los integrantes a consejeros, pero lo que debemos de aprender de esta terrible lecci\u00f3n que nos llevo a\u00f1os resolverla, es que no nos tenemos que desviar en nuestros objetivos.<\/p>\n<p>Porque no nos olvidemos que todos somos due\u00f1os de la Cooperativa Levin.<\/p>\n<p>Y que tenemos que participar.<\/p>\n<p>Tan simple como eso.<\/p>\n<p>&nbsp;<\/p>\n<p>&nbsp;<\/p>\n<p>&nbsp;<\/p>\n<p>Marcelo C\u00e9sar Su\u00e1rez<\/p>\n<p>&nbsp;<\/p>\n<p>Altamira- Mercedes<\/p>\n<p>&nbsp;<\/p>\n","protected":false},"excerpt":{"rendered":"<p>Por Marcelo Su\u00e1rez El domingo por la ma\u00f1ana tuve el agrado de asistir a una nueva asamblea de\u00a0la Cooperativa de &#8230; <a title=\"Marcelo Su\u00e1rez opina sobre Cooperativa Levin\" class=\"read-more\" href=\"https:\/\/www.hoymercedes.com.ar\/principal\/2011\/04\/21\/marcelo-suarez-opina-sobre-cooperativa-levin\/\" aria-label=\"Leer m\u00e1s sobre Marcelo Su\u00e1rez opina sobre Cooperativa Levin\">Leer m\u00e1s<\/a><\/p>\n","protected":false},"author":1,"featured_media":0,"comment_status":"open","ping_status":"open","sticky":false,"template":"","format":"standard","meta":{"_monsterinsights_skip_tracking":false,"_monsterinsights_sitenote_active":false,"_monsterinsights_sitenote_note":"","_monsterinsights_sitenote_category":0,"jetpack_post_was_ever_published":false,"_jetpack_newsletter_access":"","_jetpack_dont_email_post_to_subs":false,"_jetpack_newsletter_tier_id":0,"_jetpack_memberships_contains_paywalled_content":false,"_jetpack_memberships_contains_paid_content":false,"footnotes":"","jetpack_publicize_message":"","jetpack_publicize_feature_enabled":true,"jetpack_social_post_already_shared":false,"jetpack_social_options":{"image_generator_settings":{"template":"highway","default_image_id":0,"font":"","enabled":false},"version":2},"_wpas_customize_per_network":false},"categories":[8],"tags":[712,713],"class_list":["post-3674","post","type-post","status-publish","format-standard","hentry","category-sociedad","tag-cooperativa-levin","tag-marcelo-suarez","generate-columns","tablet-grid-50","mobile-grid-100","grid-parent","grid-50"],"jetpack_publicize_connections":[],"jetpack_featured_media_url":"","wps_subtitle":"","jetpack_sharing_enabled":true,"_links":{"self":[{"href":"https:\/\/www.hoymercedes.com.ar\/principal\/wp-json\/wp\/v2\/posts\/3674","targetHints":{"allow":["GET"]}}],"collection":[{"href":"https:\/\/www.hoymercedes.com.ar\/principal\/wp-json\/wp\/v2\/posts"}],"about":[{"href":"https:\/\/www.hoymercedes.com.ar\/principal\/wp-json\/wp\/v2\/types\/post"}],"author":[{"embeddable":true,"href":"https:\/\/www.hoymercedes.com.ar\/principal\/wp-json\/wp\/v2\/users\/1"}],"replies":[{"embeddable":true,"href":"https:\/\/www.hoymercedes.com.ar\/principal\/wp-json\/wp\/v2\/comments?post=3674"}],"version-history":[{"count":0,"href":"https:\/\/www.hoymercedes.com.ar\/principal\/wp-json\/wp\/v2\/posts\/3674\/revisions"}],"wp:attachment":[{"href":"https:\/\/www.hoymercedes.com.ar\/principal\/wp-json\/wp\/v2\/media?parent=3674"}],"wp:term":[{"taxonomy":"category","embeddable":true,"href":"https:\/\/www.hoymercedes.com.ar\/principal\/wp-json\/wp\/v2\/categories?post=3674"},{"taxonomy":"post_tag","embeddable":true,"href":"https:\/\/www.hoymercedes.com.ar\/principal\/wp-json\/wp\/v2\/tags?post=3674"}],"curies":[{"name":"wp","href":"https:\/\/api.w.org\/{rel}","templated":true}]}}