{"id":36817,"date":"2014-10-13T01:45:04","date_gmt":"2014-10-13T04:45:04","guid":{"rendered":"http:\/\/www.hoymercedes.com.ar\/principal\/?p=36817"},"modified":"2014-10-13T02:40:49","modified_gmt":"2014-10-13T05:40:49","slug":"desde-casa-jovenyael-noelia-y-belenen-el-encuentro-nacional-de-mujeres-en-salta","status":"publish","type":"post","link":"https:\/\/www.hoymercedes.com.ar\/principal\/2014\/10\/13\/desde-casa-jovenyael-noelia-y-belenen-el-encuentro-nacional-de-mujeres-en-salta\/","title":{"rendered":"Desde Casa Joven: Yael, Noelia y Bel\u00e9n,en el Encuentro Nacional de Mujeres en Salta"},"content":{"rendered":"<p><a href=\"https:\/\/www.hoymercedes.com.ar\/principal\/wp-content\/uploads\/2014\/10\/CongresoMujeres.jpg\"><img loading=\"lazy\" decoding=\"async\" data-attachment-id=\"36818\" data-permalink=\"https:\/\/www.hoymercedes.com.ar\/principal\/2014\/10\/13\/desde-casa-jovenyael-noelia-y-belenen-el-encuentro-nacional-de-mujeres-en-salta\/congresomujeres\/#main\" data-orig-file=\"https:\/\/www.hoymercedes.com.ar\/principal\/wp-content\/uploads\/2014\/10\/CongresoMujeres.jpg\" data-orig-size=\"960,693\" data-comments-opened=\"1\" data-image-meta=\"{&quot;aperture&quot;:&quot;0&quot;,&quot;credit&quot;:&quot;&quot;,&quot;camera&quot;:&quot;&quot;,&quot;caption&quot;:&quot;&quot;,&quot;created_timestamp&quot;:&quot;0&quot;,&quot;copyright&quot;:&quot;&quot;,&quot;focal_length&quot;:&quot;0&quot;,&quot;iso&quot;:&quot;0&quot;,&quot;shutter_speed&quot;:&quot;0&quot;,&quot;title&quot;:&quot;&quot;,&quot;orientation&quot;:&quot;0&quot;}\" data-image-title=\"CongresoMujeres\" data-image-description=\"\" data-image-caption=\"\" data-large-file=\"https:\/\/www.hoymercedes.com.ar\/principal\/wp-content\/uploads\/2014\/10\/CongresoMujeres.jpg\" class=\"Img2014 aligncenter wp-image-36818 size-medium\" src=\"https:\/\/www.hoymercedes.com.ar\/principal\/wp-content\/uploads\/2014\/10\/CongresoMujeres-630x454.jpg\" alt=\"CongresoMujeres\" width=\"630\" height=\"454\" srcset=\"https:\/\/www.hoymercedes.com.ar\/principal\/wp-content\/uploads\/2014\/10\/CongresoMujeres-630x454.jpg 630w, https:\/\/www.hoymercedes.com.ar\/principal\/wp-content\/uploads\/2014\/10\/CongresoMujeres.jpg 960w\" sizes=\"auto, (max-width: 630px) 100vw, 630px\" \/><\/a><\/p>\n<p><em><strong>En la ciudad de Salta se est\u00e1 llevando a cabo el Encuentro Nacional de Mujeres y entre ellas las mercedinas, e integrantes de Casa Joven, la Agrupaci\u00f3n Peronista con Juan Pablo L\u00f3pez como m\u00e1ximo referente,\u00a0\u00a0Yael Peralta, Noelia Leonetti y Belen Recalde.<\/strong> <\/em><\/p>\n<p>Est\u00e1 presente tambi\u00e9n la diputada nacional y titular de la Secretar\u00eda de la Mujer del PJ Nacional, Mayra Mendoza.<\/p>\n<p><span data-reactid=\".2p.$mid=11413069326392=24b7dedbb57eddc8b29.2:0.0.0.0.0.0.$end:0:$8:0\">El esp\u00edritu del encuentro tiene como eje central el debate en torno a m\u00faltiples problem\u00e1ticas que atraviesan al g\u00e9nero y a la sociedad en su conjunto. <\/span><br data-reactid=\".2p.$mid=11413069326392=24b7dedbb57eddc8b29.2:0.0.0.0.0.0.$end:0:$9:0\" \/><br data-reactid=\".2p.$mid=11413069326392=24b7dedbb57eddc8b29.2:0.0.0.0.0.0.$end:0:$11:0\" \/><span data-reactid=\".2p.$mid=11413069326392=24b7dedbb57eddc8b29.2:0.0.0.0.0.0.$end:0:$12:0\"> De este modo el 29\u00b0 Encuentro Nacional de Mujeres que comenz\u00f3\u00a0este\u00a0s\u00e1bado y seguir\u00e1 durante el fin de semana largo con la m\u00e1xima convocatoria de su historia desde 1986.<\/span><br data-reactid=\".2p.$mid=11413069326392=24b7dedbb57eddc8b29.2:0.0.0.0.0.0.$end:0:$13:0\" \/> <br data-reactid=\".2p.$mid=11413069326392=24b7dedbb57eddc8b29.2:0.0.0.0.0.0.$end:0:$15:0\" \/><span data-reactid=\".2p.$mid=11413069326392=24b7dedbb57eddc8b29.2:0.0.0.0.0.0.$end:0:$16:0\">Los talleres se realizar\u00e1n en escuelas p\u00fablicas de la ciudad, en aulas que se colman de mujeres de todas las edades, de ideas, de testimonios, de sensaciones y de solidaridad.<\/span><br data-reactid=\".2p.$mid=11413069326392=24b7dedbb57eddc8b29.2:0.0.0.0.0.0.$end:0:$17:0\" \/><br data-reactid=\".2p.$mid=11413069326392=24b7dedbb57eddc8b29.2:0.0.0.0.0.0.$end:0:$19:0\" \/><span data-reactid=\".2p.$mid=11413069326392=24b7dedbb57eddc8b29.2:0.0.0.0.0.0.$end:0:$20:0\">El domingo, al caer la tarde, se realiz\u00f3 una gran marcha por las calles del centro salte\u00f1o dando visibilidad a los principales reclamos del movimiento de mujeres.<\/span><br data-reactid=\".2p.$mid=11413069326392=24b7dedbb57eddc8b29.2:0.0.0.0.0.0.$end:0:$21:0\" \/><br data-reactid=\".2p.$mid=11413069326392=24b7dedbb57eddc8b29.2:0.0.0.0.0.0.$end:0:$23:0\" \/><span data-reactid=\".2p.$mid=11413069326392=24b7dedbb57eddc8b29.2:0.0.0.0.0.0.$end:0:$24:0\">El cierre se llevar\u00e1 a cabo el lunes en el mismo estadio, donde se leer\u00e1n las conclusiones de los m\u00e1s de 60 talleres y se elegir\u00e1 la sede del encuentro 2015.<\/span><br data-reactid=\".2p.$mid=11413069326392=24b7dedbb57eddc8b29.2:0.0.0.0.0.0.$end:0:$25:0\" \/><br data-reactid=\".2p.$mid=11413069326392=24b7dedbb57eddc8b29.2:0.0.0.0.0.0.$end:0:$27:0\" \/><span data-reactid=\".2p.$mid=11413069326392=24b7dedbb57eddc8b29.2:0.0.0.0.0.0.$end:0:$28:0\">El gobernador Juan Manuel Urtubey y el intendente capitalino Miguel declararon la jornada de inter\u00e9s provincial y municipal.<\/span><\/p>\n<p>&nbsp;<\/p>\n<p>&nbsp;<\/p>\n<p>&nbsp;<\/p>\n<p>&nbsp;<\/p>\n<p>&nbsp;<\/p>\n","protected":false},"excerpt":{"rendered":"<p>En la ciudad de Salta se est\u00e1 llevando a cabo el Encuentro Nacional de Mujeres y entre ellas las mercedinas, &#8230; <a title=\"Desde Casa Joven: Yael, Noelia y Bel\u00e9n,en el Encuentro Nacional de Mujeres en Salta\" class=\"read-more\" href=\"https:\/\/www.hoymercedes.com.ar\/principal\/2014\/10\/13\/desde-casa-jovenyael-noelia-y-belenen-el-encuentro-nacional-de-mujeres-en-salta\/\" aria-label=\"Leer m\u00e1s sobre Desde Casa Joven: Yael, Noelia y Bel\u00e9n,en el Encuentro Nacional de Mujeres en Salta\">Leer m\u00e1s<\/a><\/p>\n","protected":false},"author":1,"featured_media":0,"comment_status":"open","ping_status":"open","sticky":false,"template":"","format":"standard","meta":{"_monsterinsights_skip_tracking":false,"_monsterinsights_sitenote_active":false,"_monsterinsights_sitenote_note":"","_monsterinsights_sitenote_category":0,"jetpack_post_was_ever_published":false,"_jetpack_newsletter_access":"","_jetpack_dont_email_post_to_subs":false,"_jetpack_newsletter_tier_id":0,"_jetpack_memberships_contains_paywalled_content":false,"_jetpack_memberships_contains_paid_content":false,"footnotes":"","jetpack_publicize_message":"","jetpack_publicize_feature_enabled":true,"jetpack_social_post_already_shared":false,"jetpack_social_options":{"image_generator_settings":{"template":"highway","default_image_id":0,"font":"","enabled":false},"version":2},"_wpas_customize_per_network":false},"categories":[5],"tags":[6200,6203,4180,6202,6201],"class_list":["post-36817","post","type-post","status-publish","format-standard","hentry","category-politica","tag-desde-casa-joven","tag-en-el-encuentro-nacional-de-mujeres-en-salta","tag-juan-pablo-lopez-baggio","tag-noelia-y-belen","tag-yael","generate-columns","tablet-grid-50","mobile-grid-100","grid-parent","grid-50"],"jetpack_publicize_connections":[],"jetpack_featured_media_url":"","wps_subtitle":"Participaci\u00f3n y Lucha","jetpack_sharing_enabled":true,"_links":{"self":[{"href":"https:\/\/www.hoymercedes.com.ar\/principal\/wp-json\/wp\/v2\/posts\/36817","targetHints":{"allow":["GET"]}}],"collection":[{"href":"https:\/\/www.hoymercedes.com.ar\/principal\/wp-json\/wp\/v2\/posts"}],"about":[{"href":"https:\/\/www.hoymercedes.com.ar\/principal\/wp-json\/wp\/v2\/types\/post"}],"author":[{"embeddable":true,"href":"https:\/\/www.hoymercedes.com.ar\/principal\/wp-json\/wp\/v2\/users\/1"}],"replies":[{"embeddable":true,"href":"https:\/\/www.hoymercedes.com.ar\/principal\/wp-json\/wp\/v2\/comments?post=36817"}],"version-history":[{"count":0,"href":"https:\/\/www.hoymercedes.com.ar\/principal\/wp-json\/wp\/v2\/posts\/36817\/revisions"}],"wp:attachment":[{"href":"https:\/\/www.hoymercedes.com.ar\/principal\/wp-json\/wp\/v2\/media?parent=36817"}],"wp:term":[{"taxonomy":"category","embeddable":true,"href":"https:\/\/www.hoymercedes.com.ar\/principal\/wp-json\/wp\/v2\/categories?post=36817"},{"taxonomy":"post_tag","embeddable":true,"href":"https:\/\/www.hoymercedes.com.ar\/principal\/wp-json\/wp\/v2\/tags?post=36817"}],"curies":[{"name":"wp","href":"https:\/\/api.w.org\/{rel}","templated":true}]}}