{"id":36822,"date":"2014-10-13T01:58:59","date_gmt":"2014-10-13T04:58:59","guid":{"rendered":"http:\/\/www.hoymercedes.com.ar\/principal\/?p=36822"},"modified":"2014-10-13T01:59:28","modified_gmt":"2014-10-13T04:59:28","slug":"socialismo-mercedino-presente-en-el-29-encuentro-nacional-de-mujeres","status":"publish","type":"post","link":"https:\/\/www.hoymercedes.com.ar\/principal\/2014\/10\/13\/socialismo-mercedino-presente-en-el-29-encuentro-nacional-de-mujeres\/","title":{"rendered":"Socialismo Mercedino presente en el 29\u00b0 Encuentro Nacional de Mujeres"},"content":{"rendered":"<div><a href=\"https:\/\/www.hoymercedes.com.ar\/principal\/wp-content\/uploads\/2014\/10\/socialimo.encuentro.mujeres.jpg\"><img loading=\"lazy\" decoding=\"async\" data-attachment-id=\"36823\" data-permalink=\"https:\/\/www.hoymercedes.com.ar\/principal\/2014\/10\/13\/socialismo-mercedino-presente-en-el-29-encuentro-nacional-de-mujeres\/socialimo-encuentro-mujeres\/#main\" data-orig-file=\"https:\/\/www.hoymercedes.com.ar\/principal\/wp-content\/uploads\/2014\/10\/socialimo.encuentro.mujeres.jpg\" data-orig-size=\"620,567\" data-comments-opened=\"1\" data-image-meta=\"{&quot;aperture&quot;:&quot;0&quot;,&quot;credit&quot;:&quot;&quot;,&quot;camera&quot;:&quot;&quot;,&quot;caption&quot;:&quot;&quot;,&quot;created_timestamp&quot;:&quot;0&quot;,&quot;copyright&quot;:&quot;&quot;,&quot;focal_length&quot;:&quot;0&quot;,&quot;iso&quot;:&quot;0&quot;,&quot;shutter_speed&quot;:&quot;0&quot;,&quot;title&quot;:&quot;&quot;,&quot;orientation&quot;:&quot;0&quot;}\" data-image-title=\"socialimo.encuentro.mujeres\" data-image-description=\"\" data-image-caption=\"\" data-large-file=\"https:\/\/www.hoymercedes.com.ar\/principal\/wp-content\/uploads\/2014\/10\/socialimo.encuentro.mujeres.jpg\" class=\"Img2014 aligncenter wp-image-36823 size-full\" src=\"https:\/\/www.hoymercedes.com.ar\/principal\/wp-content\/uploads\/2014\/10\/socialimo.encuentro.mujeres.jpg\" alt=\"socialimo.encuentro.mujeres\" width=\"620\" height=\"567\" \/><\/a><\/div>\n<div><\/div>\n<div><em><strong>Los d\u00edas 11, 12 y 13 de octubre, la provincia de Salta esla anfitriona del XXIX Encuentro Nacional de Mujeres. Seg\u00fan datos de la Comisi\u00f3n Organizadora, se espera la participaci\u00f3n de alrededor de 40 mil mujeres de todo el pa\u00eds, cifra que convertir\u00eda a este encuentro en el m\u00e1s numeroso de las \u00faltimas tres d\u00e9cadas. Entre ellas, participa Pamela Herrera, militante del SOCIALISMO MERCEDINO, quien se encuentra en Salta junto a las compa\u00f1eras del Movimiento Popular PATRIA GRANDE, espacio con el cual nos encontramos articulando actividades y militancia.<\/strong><\/em>Los Encuentros Nacionales de Mujeres son el evento pol\u00edtico, social y cultural m\u00e1s masivo y unitario de la Argentina. Un acontecimiento que se realiza desde hace tres d\u00e9cadas y cuyas exclusivas protagonistas son las mujeres. No existe una iniciativa similar que se haya sostenido durante tanto tiempo de manera ininterrumpida. Miles de mujeres llegan de todo el pa\u00eds de manera autoconvocada y autofinanciada todos los a\u00f1os a una provincia diferente durante tres d\u00edas, para debatir, confrontar posiciones, intercambiar experiencias, movilizarse, cantar y bailar en una pe\u00f1a multitudinaria.<\/p>\n<p>Es una la ocasi\u00f3n para discutir y cuestionar desde las propias mujeres c\u00f3mo cada regi\u00f3n del pa\u00eds fue enfrentando la desocupaci\u00f3n, la precarizaci\u00f3n, la criminalizaci\u00f3n de la protesta y de la pobreza, la represi\u00f3n institucional, la polarizaci\u00f3n campo \/ gobierno, la persecuci\u00f3n de las luchadoras y luchadores populares, los avances de las pol\u00edticas extractivistas y de los agronegocios. Y mucho m\u00e1s. Porque de este mismo espacio surgieron importantes luchas y conquistas para el movimiento de mujeres, como la lucha por la Ley de Divorcio y la patria potestad compartida, la Ley Nacional de Salud Sexual y Procreaci\u00f3n Responsable, la Ley de Educaci\u00f3n Sexual Integral o la Campa\u00f1a Nacional por el Derecho al Aborto Legal, Seguro y Gratuito, entre otras.<\/p>\n<p>En un escenario nacional complejo desde el punto de vista de la situaci\u00f3n econ\u00f3mica y pol\u00edtica, el movimiento de mujeres moviliz\u00e1ndose masivamente a una provincia como Salta nos demuestra claramente que no ser\u00e1 f\u00e1cil para los sectores conservadores y antiderechos frenar a multitudes dispuestas a no dar un paso atr\u00e1s y a ir por m\u00e1s.<\/p>\n<p>Desde Mercedes llevamos nuestra voz para luchar por consignas como: Ni\u00a0una mujer menos, ni una muerta m\u00e1s.\u00a0Exigimos la reglamentaci\u00f3n e implementaci\u00f3n de todos los art\u00edculos de la Ley de Identidad de G\u00e9nero.\u00a0\u00a0Desmantelamiento de las redes de trata y reglamentaci\u00f3n de la ley contra la trata de personas. Por la\u00a0soberan\u00eda sobre nuestros cuerpos. Porque las mujeres no vamos a seguir soportando los ajustes y por la soberan\u00eda de nuestros territorios!<\/p>\n<\/div>\n","protected":false},"excerpt":{"rendered":"<p>Los d\u00edas 11, 12 y 13 de octubre, la provincia de Salta esla anfitriona del XXIX Encuentro Nacional de Mujeres. &#8230; <a title=\"Socialismo Mercedino presente en el 29\u00b0 Encuentro Nacional de Mujeres\" class=\"read-more\" href=\"https:\/\/www.hoymercedes.com.ar\/principal\/2014\/10\/13\/socialismo-mercedino-presente-en-el-29-encuentro-nacional-de-mujeres\/\" aria-label=\"Leer m\u00e1s sobre Socialismo Mercedino presente en el 29\u00b0 Encuentro Nacional de Mujeres\">Leer m\u00e1s<\/a><\/p>\n","protected":false},"author":1,"featured_media":0,"comment_status":"open","ping_status":"open","sticky":false,"template":"","format":"standard","meta":{"_monsterinsights_skip_tracking":false,"_monsterinsights_sitenote_active":false,"_monsterinsights_sitenote_note":"","_monsterinsights_sitenote_category":0,"jetpack_post_was_ever_published":false,"_jetpack_newsletter_access":"","_jetpack_dont_email_post_to_subs":false,"_jetpack_newsletter_tier_id":0,"_jetpack_memberships_contains_paywalled_content":false,"_jetpack_memberships_contains_paid_content":false,"footnotes":"","jetpack_publicize_message":"","jetpack_publicize_feature_enabled":true,"jetpack_social_post_already_shared":false,"jetpack_social_options":{"image_generator_settings":{"template":"highway","default_image_id":0,"font":"","enabled":false},"version":2},"_wpas_customize_per_network":false},"categories":[5],"tags":[317,6204],"class_list":["post-36822","post","type-post","status-publish","format-standard","hentry","category-politica","tag-casa-del-pueblo","tag-socialimo-mercedes","generate-columns","tablet-grid-50","mobile-grid-100","grid-parent","grid-50"],"jetpack_publicize_connections":[],"jetpack_featured_media_url":"","wps_subtitle":"Lucha y mejoras sociales ","jetpack_sharing_enabled":true,"_links":{"self":[{"href":"https:\/\/www.hoymercedes.com.ar\/principal\/wp-json\/wp\/v2\/posts\/36822","targetHints":{"allow":["GET"]}}],"collection":[{"href":"https:\/\/www.hoymercedes.com.ar\/principal\/wp-json\/wp\/v2\/posts"}],"about":[{"href":"https:\/\/www.hoymercedes.com.ar\/principal\/wp-json\/wp\/v2\/types\/post"}],"author":[{"embeddable":true,"href":"https:\/\/www.hoymercedes.com.ar\/principal\/wp-json\/wp\/v2\/users\/1"}],"replies":[{"embeddable":true,"href":"https:\/\/www.hoymercedes.com.ar\/principal\/wp-json\/wp\/v2\/comments?post=36822"}],"version-history":[{"count":0,"href":"https:\/\/www.hoymercedes.com.ar\/principal\/wp-json\/wp\/v2\/posts\/36822\/revisions"}],"wp:attachment":[{"href":"https:\/\/www.hoymercedes.com.ar\/principal\/wp-json\/wp\/v2\/media?parent=36822"}],"wp:term":[{"taxonomy":"category","embeddable":true,"href":"https:\/\/www.hoymercedes.com.ar\/principal\/wp-json\/wp\/v2\/categories?post=36822"},{"taxonomy":"post_tag","embeddable":true,"href":"https:\/\/www.hoymercedes.com.ar\/principal\/wp-json\/wp\/v2\/tags?post=36822"}],"curies":[{"name":"wp","href":"https:\/\/api.w.org\/{rel}","templated":true}]}}