{"id":36847,"date":"2014-10-14T09:49:51","date_gmt":"2014-10-14T12:49:51","guid":{"rendered":"http:\/\/www.hoymercedes.com.ar\/principal\/?p=36847"},"modified":"2014-10-21T21:03:24","modified_gmt":"2014-10-22T00:03:24","slug":"suteba-mercedes-expresa-su-dolor-por-la-muerte-de-stella-maldonado","status":"publish","type":"post","link":"https:\/\/www.hoymercedes.com.ar\/principal\/2014\/10\/14\/suteba-mercedes-expresa-su-dolor-por-la-muerte-de-stella-maldonado\/","title":{"rendered":"Suteba Mercedes expresa su dolor por la muerte de Stella Maldonado"},"content":{"rendered":"<p><del><a href=\"https:\/\/www.hoymercedes.com.ar\/principal\/wp-content\/uploads\/2014\/10\/estelamaldonado-ctera.jpg\"><img loading=\"lazy\" decoding=\"async\" data-attachment-id=\"36848\" data-permalink=\"https:\/\/www.hoymercedes.com.ar\/principal\/2014\/10\/14\/suteba-mercedes-expresa-su-dolor-por-la-muerte-de-stella-maldonado\/estelamaldonado-ctera\/#main\" data-orig-file=\"https:\/\/www.hoymercedes.com.ar\/principal\/wp-content\/uploads\/2014\/10\/estelamaldonado-ctera.jpg\" data-orig-size=\"620,465\" data-comments-opened=\"1\" data-image-meta=\"{&quot;aperture&quot;:&quot;0&quot;,&quot;credit&quot;:&quot;&quot;,&quot;camera&quot;:&quot;&quot;,&quot;caption&quot;:&quot;&quot;,&quot;created_timestamp&quot;:&quot;0&quot;,&quot;copyright&quot;:&quot;&quot;,&quot;focal_length&quot;:&quot;0&quot;,&quot;iso&quot;:&quot;0&quot;,&quot;shutter_speed&quot;:&quot;0&quot;,&quot;title&quot;:&quot;&quot;,&quot;orientation&quot;:&quot;0&quot;}\" data-image-title=\"estelamaldonado-ctera\" data-image-description=\"\" data-image-caption=\"\" data-large-file=\"https:\/\/www.hoymercedes.com.ar\/principal\/wp-content\/uploads\/2014\/10\/estelamaldonado-ctera.jpg\" class=\"Img2014 aligncenter wp-image-36848 size-full\" src=\"https:\/\/www.hoymercedes.com.ar\/principal\/wp-content\/uploads\/2014\/10\/estelamaldonado-ctera.jpg\" alt=\"estelamaldonado-ctera\" width=\"620\" height=\"465\" \/><\/a><\/del><\/p>\n<p><strong>Suteba Mercedes<\/strong> expresa\u00a0su enorme tristeza por el fallecimiento de nuestra compa\u00f1era Stella Maldonado, Secretaria General de CTERA. Queremos sumarnos a su familia y a nuestros compa\u00f1eros en el dolor por esta p\u00e8rdida que nos llena de profundo pesar.<br \/>\nStella Maldonado fue una militante pol\u00edtica, social y sindical de un compromiso enorme por la justicia social y la educaci\u00f3n p\u00fablica.<\/p>\n<p>Estudi\u00f3 como Maestra Normal Nacional en el colegio Inmaculada Concepci\u00f3n de La Plata; se desempe\u00f1\u00f3 como asistente social y maestra en la Provincia de Buenos Aires. En los 70 fue maestra de adultos en el programa DINEA.<\/p>\n<p>Del 2000 al 2006 se desempe\u00f1\u00f3 como Secretaria de Derechos Humanos de SUTEBA y Secretaria de Educaci\u00f3n de CTERA del 2004 al 2007.<\/p>\n<p>Actualmente Stella Maldonado se desempe\u00f1aba como Secretaria General de CTERA y Secretaria de Formaci\u00f3n de la CTA Nacional.<\/p>\n<p>Tambi\u00e9n formaba parte del Consejo Ejecutivo de la Internacional de la Educaci\u00f3n.<\/p>\n<p>Se destac\u00f3 asimismo como militante de los derechos humanos, fue miembro del CELS y orgullosa acompa\u00f1\u00f3 la lucha de las Madres y Abuelas de Plaza de Mayo y de la agrupaci\u00f3n HIJOS.<\/p>\n<p>Stella Maldonado le otorg\u00f3 siempre un papel preponderante a la juventud y su inserci\u00f3n en la vida pol\u00edtica y sindical.<\/p>\n<p>Su preocupaci\u00f3n por los derechos humanos, la situaci\u00f3n del pa\u00eds y de la educaci\u00f3n p\u00fablica hicieron de Stella Maldonado una militante incansable y una luchadora imprescindible para el movimiento obrero y para los docentes argentinos.<br \/>\nCon la partida de Stella queda un vac\u00edo enorme, no s\u00f3lo por su compromiso y militancia, sino por la calidad humana de esta Compa\u00f1era que infatigablemente nos ense\u00f1\u00f3, con amor y humildad, una nueva forma de militar.<\/p>\n<p>Por este motivo, y para acompa\u00f1ar en el duelo a familiares y compa\u00f1eros, todas las seccionales del Suteba permanecer\u00e1n cerradas durante el d\u00eda martes 14.<\/p>\n<p>&nbsp;<\/p>\n<p>&nbsp;<\/p>\n","protected":false},"excerpt":{"rendered":"<p>Suteba Mercedes expresa\u00a0su enorme tristeza por el fallecimiento de nuestra compa\u00f1era Stella Maldonado, Secretaria General de CTERA. Queremos sumarnos a &#8230; <a title=\"Suteba Mercedes expresa su dolor por la muerte de Stella Maldonado\" class=\"read-more\" href=\"https:\/\/www.hoymercedes.com.ar\/principal\/2014\/10\/14\/suteba-mercedes-expresa-su-dolor-por-la-muerte-de-stella-maldonado\/\" aria-label=\"Leer m\u00e1s sobre Suteba Mercedes expresa su dolor por la muerte de Stella Maldonado\">Leer m\u00e1s<\/a><\/p>\n","protected":false},"author":1,"featured_media":0,"comment_status":"open","ping_status":"open","sticky":false,"template":"","format":"standard","meta":{"_monsterinsights_skip_tracking":false,"_monsterinsights_sitenote_active":false,"_monsterinsights_sitenote_note":"","_monsterinsights_sitenote_category":0,"jetpack_post_was_ever_published":false,"_jetpack_newsletter_access":"","_jetpack_dont_email_post_to_subs":false,"_jetpack_newsletter_tier_id":0,"_jetpack_memberships_contains_paywalled_content":false,"_jetpack_memberships_contains_paid_content":false,"footnotes":"","jetpack_publicize_message":"","jetpack_publicize_feature_enabled":true,"jetpack_social_post_already_shared":false,"jetpack_social_options":{"image_generator_settings":{"template":"highway","default_image_id":0,"font":"","enabled":false},"version":2},"_wpas_customize_per_network":false},"categories":[5],"tags":[6210],"class_list":["post-36847","post","type-post","status-publish","format-standard","hentry","category-politica","tag-muere-estela-maldonado","generate-columns","tablet-grid-50","mobile-grid-100","grid-parent","grid-50"],"jetpack_publicize_connections":[],"jetpack_featured_media_url":"","wps_subtitle":"Dolor tras perder una luchadora","jetpack_sharing_enabled":true,"_links":{"self":[{"href":"https:\/\/www.hoymercedes.com.ar\/principal\/wp-json\/wp\/v2\/posts\/36847","targetHints":{"allow":["GET"]}}],"collection":[{"href":"https:\/\/www.hoymercedes.com.ar\/principal\/wp-json\/wp\/v2\/posts"}],"about":[{"href":"https:\/\/www.hoymercedes.com.ar\/principal\/wp-json\/wp\/v2\/types\/post"}],"author":[{"embeddable":true,"href":"https:\/\/www.hoymercedes.com.ar\/principal\/wp-json\/wp\/v2\/users\/1"}],"replies":[{"embeddable":true,"href":"https:\/\/www.hoymercedes.com.ar\/principal\/wp-json\/wp\/v2\/comments?post=36847"}],"version-history":[{"count":0,"href":"https:\/\/www.hoymercedes.com.ar\/principal\/wp-json\/wp\/v2\/posts\/36847\/revisions"}],"wp:attachment":[{"href":"https:\/\/www.hoymercedes.com.ar\/principal\/wp-json\/wp\/v2\/media?parent=36847"}],"wp:term":[{"taxonomy":"category","embeddable":true,"href":"https:\/\/www.hoymercedes.com.ar\/principal\/wp-json\/wp\/v2\/categories?post=36847"},{"taxonomy":"post_tag","embeddable":true,"href":"https:\/\/www.hoymercedes.com.ar\/principal\/wp-json\/wp\/v2\/tags?post=36847"}],"curies":[{"name":"wp","href":"https:\/\/api.w.org\/{rel}","templated":true}]}}