{"id":36851,"date":"2014-10-14T10:02:34","date_gmt":"2014-10-14T13:02:34","guid":{"rendered":"http:\/\/www.hoymercedes.com.ar\/principal\/?p=36851"},"modified":"2014-10-21T21:08:58","modified_gmt":"2014-10-22T00:08:58","slug":"cta-regional-mercedes-en-plenario-en-la-plata","status":"publish","type":"post","link":"https:\/\/www.hoymercedes.com.ar\/principal\/2014\/10\/14\/cta-regional-mercedes-en-plenario-en-la-plata\/","title":{"rendered":"CTA Regional Mercedes en plenario en La Plata"},"content":{"rendered":"<div><a href=\"https:\/\/www.hoymercedes.com.ar\/principal\/wp-content\/uploads\/2014\/10\/ctera.jpg\"><img loading=\"lazy\" decoding=\"async\" data-attachment-id=\"36852\" data-permalink=\"https:\/\/www.hoymercedes.com.ar\/principal\/2014\/10\/14\/cta-regional-mercedes-en-plenario-en-la-plata\/ctera\/#main\" data-orig-file=\"https:\/\/www.hoymercedes.com.ar\/principal\/wp-content\/uploads\/2014\/10\/ctera.jpg\" data-orig-size=\"620,349\" data-comments-opened=\"1\" data-image-meta=\"{&quot;aperture&quot;:&quot;0&quot;,&quot;credit&quot;:&quot;&quot;,&quot;camera&quot;:&quot;&quot;,&quot;caption&quot;:&quot;&quot;,&quot;created_timestamp&quot;:&quot;0&quot;,&quot;copyright&quot;:&quot;&quot;,&quot;focal_length&quot;:&quot;0&quot;,&quot;iso&quot;:&quot;0&quot;,&quot;shutter_speed&quot;:&quot;0&quot;,&quot;title&quot;:&quot;&quot;,&quot;orientation&quot;:&quot;0&quot;}\" data-image-title=\"ctera\" data-image-description=\"\" data-image-caption=\"\" data-large-file=\"https:\/\/www.hoymercedes.com.ar\/principal\/wp-content\/uploads\/2014\/10\/ctera.jpg\" class=\"Img2014 aligncenter wp-image-36852 size-full\" src=\"https:\/\/www.hoymercedes.com.ar\/principal\/wp-content\/uploads\/2014\/10\/ctera.jpg\" alt=\"ctera\" width=\"620\" height=\"349\" \/><\/a><\/div>\n<div><strong><em><span style=\"font-family: Arial;\">El d\u00eda 8 de octubre una delegaci\u00f3n de esta central particip\u00f3 en la ciudad de La Plata de un plenario en el que se present\u00f3 la Lista N\u00ba 10 de la CTA de Los Trabajadores que participar\u00e1 de las pr\u00f3ximas elecciones de esta central prevista para el 18 de Noviembre en todo el pa\u00eds.<\/span><span style=\"font-family: Arial;\">Encabezada en la Pcia. de Bs. As. por Roberto \u00bb Roby\u00bb Baradel.<\/span><\/em><\/strong><\/div>\n<div><\/div>\n<div><span style=\"font-family: Arial;\"><em>\u00abDespu\u00e9s de la presentaci\u00f3n de la lista hicieron uso de la palabra varios candidatos de la lista, cerrando el acto el\u00a0 Secretario General de la\u00a0<strong>CTA Nacional<\/strong> el <strong>Compa\u00f1ero Hugo<\/strong> <strong>Yaski<\/strong>, quien puntualiz\u00f3 el rol de los trabajadores en esta nueva etapa de cara a la realidad pol\u00edtica en la lucha por la distribuci\u00f3n de la riqueza, en la disputa con los sectores de poder y la presi\u00f3n de los fondos buitres por volver a los 90, lo que representa un retroceso para el conjunto del pueblo y en\u00a0 particular para los trabajadores.\u00bb,<\/em> remarcaron.<\/span><\/div>\n<div><\/div>\n<div><span style=\"font-family: Arial;\">Actualmente la <strong>CTA<\/strong> a logrado a trav\u00e9s de la justicia la legalidad\u00a0que siempre tuvimos, pero lleg\u00f3 el momento de legitimarla\u00a0con el voto del conjunto de los Trabajadores afiliados a nuestra central el pr\u00f3ximo 18 de Noviembre.<\/span><\/div>\n<div><\/div>\n<div><span style=\"font-family: Arial;\">Participaron de la delegaci\u00f3n los Compa\u00f1eros y Compa\u00f1eras <strong>Claudia Repetto<\/strong> ( Suteba Lujan), <strong>Sebastian Maldonado<\/strong> ( Suteba Suipacha),<strong>Liliana Cannizzaro<\/strong> ( Suteba Gral. Rodriguez), <strong>Claudia Torelli<\/strong> ( Suteba Suipacha), <strong>Miguel Ver\u00f3n<\/strong> ( AJB Mercedes), <strong>Silvia Vega<\/strong> y otros copa\u00f1eros que integran la <strong>Lista N\u00ba 10<\/strong> de esta regional.<\/span><\/div>\n<div><\/div>\n<div>\n<table style=\"height: 508px;\" border=\"0\" width=\"618\" frame=\"void\" rules=\"none\" cellspacing=\"0\">\n<tbody>\n<tr>\n<td align=\"middle\" valign=\"center\" width=\"282\" height=\"27\">SECRETAR\u00cdA GENERAL<\/td>\n<td align=\"middle\" valign=\"center\" width=\"327\">VERON MIGUEL ANGEL<\/td>\n<td align=\"middle\" valign=\"center\" width=\"12\"><\/td>\n<td align=\"middle\" valign=\"center\" width=\"219\">AJB MERCEDES<\/td>\n<\/tr>\n<tr>\n<td align=\"middle\" valign=\"center\" height=\"27\">SECRETAR\u00cdA ADJUNTA<\/td>\n<td align=\"middle\" valign=\"center\">REPETTO CLAUDIA LEONOR<\/td>\n<td align=\"middle\" valign=\"center\"><\/td>\n<td align=\"middle\" valign=\"center\">SUTEBA LUJAN<\/td>\n<\/tr>\n<tr>\n<td align=\"middle\" valign=\"center\" height=\"27\">SECRETAR\u00cdA ADMINISTRATIVA<\/td>\n<td align=\"middle\" valign=\"center\">SMERDEL VALERIA<\/td>\n<td align=\"middle\" valign=\"center\"><\/td>\n<td align=\"middle\" valign=\"center\">SUTEBA GRAL RODRIGUEZ<\/td>\n<\/tr>\n<tr>\n<td align=\"middle\" valign=\"center\" height=\"27\">SECRETARIA GREMIAL<\/td>\n<td align=\"middle\" valign=\"center\">GUERRA JES\u00daS MARIA<\/td>\n<td align=\"middle\" valign=\"center\"><\/td>\n<td align=\"middle\" valign=\"center\">FETIA MERCEDES<\/td>\n<\/tr>\n<tr>\n<td align=\"middle\" valign=\"center\" height=\"27\">SECRETAR\u00cdA DE ORGANIZACI\u00d3N<\/td>\n<td align=\"middle\" valign=\"center\">CONDE NAZARENO PASCUAL<\/td>\n<td align=\"middle\" valign=\"center\"><\/td>\n<td align=\"middle\" valign=\"center\">SUTEBA GRAL RODRIGUEZ<\/td>\n<\/tr>\n<tr>\n<td align=\"middle\" valign=\"center\" height=\"27\">SECRETARIA DE INTERIOR<\/td>\n<td align=\"middle\" valign=\"center\">GROSSO JOS\u00c9 ERNESTO<\/td>\n<td align=\"middle\" valign=\"center\"><\/td>\n<td align=\"middle\" valign=\"center\">SUTEBA SAN A. GILES<\/td>\n<\/tr>\n<tr>\n<td align=\"middle\" valign=\"center\" height=\"27\">SECRETAR\u00cdA DE COMUNICACI\u00d3N Y DIFUSI\u00d3N<\/td>\n<td align=\"middle\" valign=\"center\">GARAVENTA FEDERICO<\/td>\n<td align=\"middle\" valign=\"center\"><\/td>\n<td align=\"middle\" valign=\"center\">SIMECA MERCEDES<\/td>\n<\/tr>\n<tr>\n<td align=\"middle\" valign=\"center\" height=\"27\">SECRETAR\u00cdA DE CONTABILIDAD Y FINANZAS<\/td>\n<td align=\"middle\" valign=\"center\">MOROSINI NORMA LEONOR<\/td>\n<td align=\"middle\" valign=\"center\"><\/td>\n<td align=\"middle\" valign=\"center\">FRENTE ESTATALES LUJAN<\/td>\n<\/tr>\n<tr>\n<td align=\"middle\" valign=\"center\" height=\"27\">SECRETAR\u00cdA DE DERECHOS HUMANOS<\/td>\n<td align=\"middle\" valign=\"center\">MALDONADO SEBASTIAN<\/td>\n<td align=\"middle\" valign=\"center\"><\/td>\n<td align=\"middle\" valign=\"center\">SUTEBA SUIPACHA<\/td>\n<\/tr>\n<tr>\n<td align=\"middle\" valign=\"center\" height=\"27\">SECRETAR\u00cdA DE ASISTENCIA SOCIAL<\/td>\n<td align=\"middle\" valign=\"center\">COMPARIN HUGO<\/td>\n<td align=\"middle\" valign=\"center\"><\/td>\n<td align=\"middle\" valign=\"center\">MONTE GRAL RODRIGUEZ<\/td>\n<\/tr>\n<tr>\n<td align=\"middle\" valign=\"center\" height=\"52\">SECRETAR\u00cdA DE FORMACI\u00d3N INVESTIGACI\u00d3N PROYECTOS Y ESTAD\u00cdSTICAS<\/td>\n<td align=\"middle\" valign=\"center\">D\u00cdAZ FABIAN FELIPE<\/td>\n<td align=\"middle\" valign=\"center\"><\/td>\n<td align=\"middle\" valign=\"center\">SUTEBA MERCEDES<\/td>\n<\/tr>\n<tr>\n<td align=\"middle\" valign=\"center\" height=\"36\">SECRETARIA DE CONDICIONES Y MEDIO AMBIENTE DE TRABAJO<\/td>\n<td align=\"middle\" valign=\"center\">SLAVEN JES\u00daS FABIAN<\/td>\n<td align=\"middle\" valign=\"center\"><\/td>\n<td align=\"middle\" valign=\"center\">FETIA MERCEDES<\/td>\n<\/tr>\n<tr>\n<td align=\"middle\" valign=\"center\" height=\"36\">SECRETAR\u00cdA DE IGUALDAD DE G\u00c9NERO Y OPORTUNIDADES<\/td>\n<td align=\"middle\" valign=\"center\">CACHEDA ROSANA PATRICIA<\/td>\n<td align=\"middle\" valign=\"center\"><\/td>\n<td align=\"middle\" valign=\"center\">SUTEBA LUJAN<\/td>\n<\/tr>\n<tr>\n<td align=\"middle\" valign=\"center\" height=\"27\">SECRETAR\u00cdA DE ACTAS<\/td>\n<td align=\"middle\" valign=\"center\">CORREA FAVIO SERGIO<\/td>\n<td align=\"middle\" valign=\"center\"><\/td>\n<td align=\"middle\" valign=\"center\">SUTEBA LUJAN<\/td>\n<\/tr>\n<tr>\n<td align=\"middle\" valign=\"center\" height=\"27\">SECRETAR\u00cdA DE RELACIONES INSTITUCIONALES<\/td>\n<td align=\"middle\" valign=\"center\">ZABALO JORGE CEFERINO<\/td>\n<td align=\"middle\" valign=\"center\"><\/td>\n<td align=\"middle\" valign=\"center\">FRENTE DE ESTATALES LUJAN<\/td>\n<\/tr>\n<\/tbody>\n<\/table>\n<\/div>\n","protected":false},"excerpt":{"rendered":"<p>El d\u00eda 8 de octubre una delegaci\u00f3n de esta central particip\u00f3 en la ciudad de La Plata de un plenario &#8230; <a title=\"CTA Regional Mercedes en plenario en La Plata\" class=\"read-more\" href=\"https:\/\/www.hoymercedes.com.ar\/principal\/2014\/10\/14\/cta-regional-mercedes-en-plenario-en-la-plata\/\" aria-label=\"Leer m\u00e1s sobre CTA Regional Mercedes en plenario en La Plata\">Leer m\u00e1s<\/a><\/p>\n","protected":false},"author":1,"featured_media":0,"comment_status":"open","ping_status":"open","sticky":false,"template":"","format":"standard","meta":{"_monsterinsights_skip_tracking":false,"_monsterinsights_sitenote_active":false,"_monsterinsights_sitenote_note":"","_monsterinsights_sitenote_category":0,"jetpack_post_was_ever_published":false,"_jetpack_newsletter_access":"","_jetpack_dont_email_post_to_subs":false,"_jetpack_newsletter_tier_id":0,"_jetpack_memberships_contains_paywalled_content":false,"_jetpack_memberships_contains_paid_content":false,"footnotes":"","jetpack_publicize_message":"","jetpack_publicize_feature_enabled":true,"jetpack_social_post_already_shared":false,"jetpack_social_options":{"image_generator_settings":{"template":"highway","default_image_id":0,"font":"","enabled":false},"version":2},"_wpas_customize_per_network":false},"categories":[5],"tags":[1217,416],"class_list":["post-36851","post","type-post","status-publish","format-standard","hentry","category-politica","tag-cta-mercedes","tag-miguel-veron","generate-columns","tablet-grid-50","mobile-grid-100","grid-parent","grid-50"],"jetpack_publicize_connections":[],"jetpack_featured_media_url":"","wps_subtitle":"Tarea sindical","jetpack_sharing_enabled":true,"_links":{"self":[{"href":"https:\/\/www.hoymercedes.com.ar\/principal\/wp-json\/wp\/v2\/posts\/36851","targetHints":{"allow":["GET"]}}],"collection":[{"href":"https:\/\/www.hoymercedes.com.ar\/principal\/wp-json\/wp\/v2\/posts"}],"about":[{"href":"https:\/\/www.hoymercedes.com.ar\/principal\/wp-json\/wp\/v2\/types\/post"}],"author":[{"embeddable":true,"href":"https:\/\/www.hoymercedes.com.ar\/principal\/wp-json\/wp\/v2\/users\/1"}],"replies":[{"embeddable":true,"href":"https:\/\/www.hoymercedes.com.ar\/principal\/wp-json\/wp\/v2\/comments?post=36851"}],"version-history":[{"count":0,"href":"https:\/\/www.hoymercedes.com.ar\/principal\/wp-json\/wp\/v2\/posts\/36851\/revisions"}],"wp:attachment":[{"href":"https:\/\/www.hoymercedes.com.ar\/principal\/wp-json\/wp\/v2\/media?parent=36851"}],"wp:term":[{"taxonomy":"category","embeddable":true,"href":"https:\/\/www.hoymercedes.com.ar\/principal\/wp-json\/wp\/v2\/categories?post=36851"},{"taxonomy":"post_tag","embeddable":true,"href":"https:\/\/www.hoymercedes.com.ar\/principal\/wp-json\/wp\/v2\/tags?post=36851"}],"curies":[{"name":"wp","href":"https:\/\/api.w.org\/{rel}","templated":true}]}}