{"id":36856,"date":"2014-10-14T10:31:47","date_gmt":"2014-10-14T13:31:47","guid":{"rendered":"http:\/\/www.hoymercedes.com.ar\/principal\/?p=36856"},"modified":"2014-10-14T10:32:27","modified_gmt":"2014-10-14T13:32:27","slug":"concejo-enterate-los-temas-que-trataran-los-ediles","status":"publish","type":"post","link":"https:\/\/www.hoymercedes.com.ar\/principal\/2014\/10\/14\/concejo-enterate-los-temas-que-trataran-los-ediles\/","title":{"rendered":"Concejo: enterate los temas que tratar\u00e1n los ediles"},"content":{"rendered":"<p><em><strong>La pr\u00f3xima sesi\u00f3n del Concejo Deliberante tendr\u00e1 un amplio y variado temario. Entre los asuntos que los ediles tratar\u00e1n una elevaci\u00f3n de pedido a Vialidad Provincial pidiendo por la Ruta N\u00b041, varios pedidos de reparaciones en espacios p\u00fablicos y obras, pedido de ampliaci\u00f3n de la red de agua en Barrio Nueva Austral, pedido de asfalto por la Federaci\u00f3n de Sociedades de Fomento entre tantos otros asuntos.\u00a0<\/strong><\/em><\/p>\n<p>Sesi\u00f3n: el encuentro que estaba previsto para \u00e9ste lunes pas\u00f3 para el pr\u00f3ximo viernes a las 19.00hs en el recinto de 29 e\/26 y 24.<\/p>\n<p>&nbsp;<\/p>\n<div data-configid=\"5622510\/9715977\" style=\"width: 620px; height: 802px;\" class=\"issuuembed\"><\/div>\n<p><script type=\"text\/javascript\" src=\"\/\/e.issuu.com\/embed.js\" async=\"true\"><\/script><\/p>\n","protected":false},"excerpt":{"rendered":"<p>La pr\u00f3xima sesi\u00f3n del Concejo Deliberante tendr\u00e1 un amplio y variado temario. Entre los asuntos que los ediles tratar\u00e1n una &#8230; <a title=\"Concejo: enterate los temas que tratar\u00e1n los ediles\" class=\"read-more\" href=\"https:\/\/www.hoymercedes.com.ar\/principal\/2014\/10\/14\/concejo-enterate-los-temas-que-trataran-los-ediles\/\" aria-label=\"Leer m\u00e1s sobre Concejo: enterate los temas que tratar\u00e1n los ediles\">Leer m\u00e1s<\/a><\/p>\n","protected":false},"author":1,"featured_media":0,"comment_status":"open","ping_status":"open","sticky":false,"template":"","format":"standard","meta":{"_monsterinsights_skip_tracking":false,"_monsterinsights_sitenote_active":false,"_monsterinsights_sitenote_note":"","_monsterinsights_sitenote_category":0,"jetpack_post_was_ever_published":false,"_jetpack_newsletter_access":"","_jetpack_dont_email_post_to_subs":false,"_jetpack_newsletter_tier_id":0,"_jetpack_memberships_contains_paywalled_content":false,"_jetpack_memberships_contains_paid_content":false,"footnotes":"","jetpack_publicize_message":"","jetpack_publicize_feature_enabled":true,"jetpack_social_post_already_shared":false,"jetpack_social_options":{"image_generator_settings":{"template":"highway","default_image_id":0,"font":"","enabled":false},"version":2},"_wpas_customize_per_network":false},"categories":[5],"tags":[45],"class_list":["post-36856","post","type-post","status-publish","format-standard","hentry","category-politica","tag-concejo-deliberante-mercedes","generate-columns","tablet-grid-50","mobile-grid-100","grid-parent","grid-50"],"jetpack_publicize_connections":[],"jetpack_featured_media_url":"","wps_subtitle":"Nuestros representantes","jetpack_sharing_enabled":true,"_links":{"self":[{"href":"https:\/\/www.hoymercedes.com.ar\/principal\/wp-json\/wp\/v2\/posts\/36856","targetHints":{"allow":["GET"]}}],"collection":[{"href":"https:\/\/www.hoymercedes.com.ar\/principal\/wp-json\/wp\/v2\/posts"}],"about":[{"href":"https:\/\/www.hoymercedes.com.ar\/principal\/wp-json\/wp\/v2\/types\/post"}],"author":[{"embeddable":true,"href":"https:\/\/www.hoymercedes.com.ar\/principal\/wp-json\/wp\/v2\/users\/1"}],"replies":[{"embeddable":true,"href":"https:\/\/www.hoymercedes.com.ar\/principal\/wp-json\/wp\/v2\/comments?post=36856"}],"version-history":[{"count":0,"href":"https:\/\/www.hoymercedes.com.ar\/principal\/wp-json\/wp\/v2\/posts\/36856\/revisions"}],"wp:attachment":[{"href":"https:\/\/www.hoymercedes.com.ar\/principal\/wp-json\/wp\/v2\/media?parent=36856"}],"wp:term":[{"taxonomy":"category","embeddable":true,"href":"https:\/\/www.hoymercedes.com.ar\/principal\/wp-json\/wp\/v2\/categories?post=36856"},{"taxonomy":"post_tag","embeddable":true,"href":"https:\/\/www.hoymercedes.com.ar\/principal\/wp-json\/wp\/v2\/tags?post=36856"}],"curies":[{"name":"wp","href":"https:\/\/api.w.org\/{rel}","templated":true}]}}