{"id":36869,"date":"2014-10-14T14:25:46","date_gmt":"2014-10-14T17:25:46","guid":{"rendered":"http:\/\/www.hoymercedes.com.ar\/principal\/?p=36869"},"modified":"2014-10-14T14:26:56","modified_gmt":"2014-10-14T17:26:56","slug":"anibal-fernandez-presentara-su-nuevo-libro-en-mercedes","status":"publish","type":"post","link":"https:\/\/www.hoymercedes.com.ar\/principal\/2014\/10\/14\/anibal-fernandez-presentara-su-nuevo-libro-en-mercedes\/","title":{"rendered":"Anibal Fern\u00e1ndez presentar\u00e1 su nuevo libro en Mercedes"},"content":{"rendered":"<p><a href=\"https:\/\/www.hoymercedes.com.ar\/principal\/wp-content\/uploads\/2014\/10\/anibalfernandez.jpg\"><img loading=\"lazy\" decoding=\"async\" data-attachment-id=\"36870\" data-permalink=\"https:\/\/www.hoymercedes.com.ar\/principal\/2014\/10\/14\/anibal-fernandez-presentara-su-nuevo-libro-en-mercedes\/anibalfernandez\/#main\" data-orig-file=\"https:\/\/www.hoymercedes.com.ar\/principal\/wp-content\/uploads\/2014\/10\/anibalfernandez.jpg\" data-orig-size=\"620,412\" data-comments-opened=\"1\" data-image-meta=\"{&quot;aperture&quot;:&quot;0&quot;,&quot;credit&quot;:&quot;&quot;,&quot;camera&quot;:&quot;&quot;,&quot;caption&quot;:&quot;&quot;,&quot;created_timestamp&quot;:&quot;0&quot;,&quot;copyright&quot;:&quot;&quot;,&quot;focal_length&quot;:&quot;0&quot;,&quot;iso&quot;:&quot;0&quot;,&quot;shutter_speed&quot;:&quot;0&quot;,&quot;title&quot;:&quot;&quot;,&quot;orientation&quot;:&quot;0&quot;}\" data-image-title=\"anibalfernandez\" data-image-description=\"\" data-image-caption=\"\" data-large-file=\"https:\/\/www.hoymercedes.com.ar\/principal\/wp-content\/uploads\/2014\/10\/anibalfernandez.jpg\" class=\"Img2014 aligncenter wp-image-36870 size-full\" src=\"https:\/\/www.hoymercedes.com.ar\/principal\/wp-content\/uploads\/2014\/10\/anibalfernandez.jpg\" alt=\"anibalfernandez\" width=\"620\" height=\"412\" \/><\/a><\/p>\n<p><strong><em>El senador nacional An\u00edbal Fern\u00e1ndez (Frente para la Victoria) estar\u00e1 en nuestra ciudad pasado ma\u00f1ana, jueves, para presentar su \u00faltimo libro, \u00abConducci\u00f3n Pol\u00edtica: as\u00ed hablaba Juan Per\u00f3n\u00bb: ser\u00e1 a partir de las 19 en el club Comunicaciones (calle 28 entre 31 y 33).<\/em><\/strong><\/p>\n<div>Fern\u00e1ndez llega invitado por el diputado nacional Eduardo &#8216;Wado&#8217; de Pedro y el presidente del bloque de concejales del Frente Mercedino para la Victoria, Juan Ignacio Ustarroz, quienes aprovechar\u00e1n la ocasi\u00f3n para agasajar a viejos militantes peronistas de nuestra ciudad a prop\u00f3sito del D\u00eda de la Lealtad (del que el viernes 17 se cumplen 69 a\u00f1os).<\/div>\n<div><\/div>\n<div>La obra consta de \u00abnueve clases que Per\u00f3n dio en 1951. Tomamos del libro del General temas sueltos de acci\u00f3n pol\u00edtica y los vinculamos con la actualidad. Esperamos aportar a los m\u00e1s chicos que no conocieron al General\u00bb, explic\u00f3 el ex\u00a0Jefe de Gabinete y ex ministro del Interior al momento de presentar la publicaci\u00f3n, en agosto de este a\u00f1o en la Biblioteca Nacional.<\/div>\n<div><\/div>\n<div><\/div>\n<div><\/div>\n<div><\/div>\n<div>\u00abConducci\u00f3n pol\u00edtica&#8230;\u00bb no es el primer libro de Fern\u00e1ndez: previamente hab\u00eda publicado \u00abZonceras argentinas y otras yerbas\u00bb (prologado nada menos que por la presidenta Cristina Fern\u00e1ndez de Kirchner) y su continuidad, \u00abZonceras argentinas al sol\u00bb.<\/div>\n","protected":false},"excerpt":{"rendered":"<p>El senador nacional An\u00edbal Fern\u00e1ndez (Frente para la Victoria) estar\u00e1 en nuestra ciudad pasado ma\u00f1ana, jueves, para presentar su \u00faltimo &#8230; <a title=\"Anibal Fern\u00e1ndez presentar\u00e1 su nuevo libro en Mercedes\" class=\"read-more\" href=\"https:\/\/www.hoymercedes.com.ar\/principal\/2014\/10\/14\/anibal-fernandez-presentara-su-nuevo-libro-en-mercedes\/\" aria-label=\"Leer m\u00e1s sobre Anibal Fern\u00e1ndez presentar\u00e1 su nuevo libro en Mercedes\">Leer m\u00e1s<\/a><\/p>\n","protected":false},"author":1,"featured_media":0,"comment_status":"open","ping_status":"open","sticky":false,"template":"","format":"standard","meta":{"_monsterinsights_skip_tracking":false,"_monsterinsights_sitenote_active":false,"_monsterinsights_sitenote_note":"","_monsterinsights_sitenote_category":0,"jetpack_post_was_ever_published":false,"_jetpack_newsletter_access":"","_jetpack_dont_email_post_to_subs":false,"_jetpack_newsletter_tier_id":0,"_jetpack_memberships_contains_paywalled_content":false,"_jetpack_memberships_contains_paid_content":false,"footnotes":"","jetpack_publicize_message":"","jetpack_publicize_feature_enabled":true,"jetpack_social_post_already_shared":false,"jetpack_social_options":{"image_generator_settings":{"template":"highway","default_image_id":0,"font":"","enabled":false},"version":2},"_wpas_customize_per_network":false},"categories":[5],"tags":[6211,6212,6213],"class_list":["post-36869","post","type-post","status-publish","format-standard","hentry","category-politica","tag-anibal-fernandez","tag-libro-fernandez","tag-manual-de-zonzeras","generate-columns","tablet-grid-50","mobile-grid-100","grid-parent","grid-50"],"jetpack_publicize_connections":[],"jetpack_featured_media_url":"","wps_subtitle":"\"Conducci\u00f3n Pol\u00edtica. As\u00ed hablaba Juan Per\u00f3n\"","jetpack_sharing_enabled":true,"_links":{"self":[{"href":"https:\/\/www.hoymercedes.com.ar\/principal\/wp-json\/wp\/v2\/posts\/36869","targetHints":{"allow":["GET"]}}],"collection":[{"href":"https:\/\/www.hoymercedes.com.ar\/principal\/wp-json\/wp\/v2\/posts"}],"about":[{"href":"https:\/\/www.hoymercedes.com.ar\/principal\/wp-json\/wp\/v2\/types\/post"}],"author":[{"embeddable":true,"href":"https:\/\/www.hoymercedes.com.ar\/principal\/wp-json\/wp\/v2\/users\/1"}],"replies":[{"embeddable":true,"href":"https:\/\/www.hoymercedes.com.ar\/principal\/wp-json\/wp\/v2\/comments?post=36869"}],"version-history":[{"count":0,"href":"https:\/\/www.hoymercedes.com.ar\/principal\/wp-json\/wp\/v2\/posts\/36869\/revisions"}],"wp:attachment":[{"href":"https:\/\/www.hoymercedes.com.ar\/principal\/wp-json\/wp\/v2\/media?parent=36869"}],"wp:term":[{"taxonomy":"category","embeddable":true,"href":"https:\/\/www.hoymercedes.com.ar\/principal\/wp-json\/wp\/v2\/categories?post=36869"},{"taxonomy":"post_tag","embeddable":true,"href":"https:\/\/www.hoymercedes.com.ar\/principal\/wp-json\/wp\/v2\/tags?post=36869"}],"curies":[{"name":"wp","href":"https:\/\/api.w.org\/{rel}","templated":true}]}}