{"id":36890,"date":"2014-10-14T21:18:38","date_gmt":"2014-10-15T00:18:38","guid":{"rendered":"http:\/\/www.hoymercedes.com.ar\/principal\/?p=36890"},"modified":"2014-10-15T08:59:31","modified_gmt":"2014-10-15T11:59:31","slug":"siguen-5-fugados-de-la-comisaria-de-lujan-y-dan-a-conocer-sus-fotos","status":"publish","type":"post","link":"https:\/\/www.hoymercedes.com.ar\/principal\/2014\/10\/14\/siguen-5-fugados-de-la-comisaria-de-lujan-y-dan-a-conocer-sus-fotos\/","title":{"rendered":"Siguen 6 fugados de la comisar\u00eda de Luj\u00e1n y dan a conocer sus fotos"},"content":{"rendered":"<p><a href=\"https:\/\/www.hoymercedes.com.ar\/principal\/wp-content\/uploads\/2014\/10\/profugos-lujan.jpg\"><img loading=\"lazy\" decoding=\"async\" data-attachment-id=\"36892\" data-permalink=\"https:\/\/www.hoymercedes.com.ar\/principal\/2014\/10\/14\/siguen-5-fugados-de-la-comisaria-de-lujan-y-dan-a-conocer-sus-fotos\/profugos-lujan\/#main\" data-orig-file=\"https:\/\/www.hoymercedes.com.ar\/principal\/wp-content\/uploads\/2014\/10\/profugos-lujan.jpg\" data-orig-size=\"620,412\" data-comments-opened=\"1\" data-image-meta=\"{&quot;aperture&quot;:&quot;0&quot;,&quot;credit&quot;:&quot;&quot;,&quot;camera&quot;:&quot;&quot;,&quot;caption&quot;:&quot;&quot;,&quot;created_timestamp&quot;:&quot;0&quot;,&quot;copyright&quot;:&quot;&quot;,&quot;focal_length&quot;:&quot;0&quot;,&quot;iso&quot;:&quot;0&quot;,&quot;shutter_speed&quot;:&quot;0&quot;,&quot;title&quot;:&quot;&quot;,&quot;orientation&quot;:&quot;0&quot;}\" data-image-title=\"profugos-lujan\" data-image-description=\"\" data-image-caption=\"\" data-large-file=\"https:\/\/www.hoymercedes.com.ar\/principal\/wp-content\/uploads\/2014\/10\/profugos-lujan.jpg\" class=\"Img2014 aligncenter wp-image-36892 size-full\" src=\"https:\/\/www.hoymercedes.com.ar\/principal\/wp-content\/uploads\/2014\/10\/profugos-lujan.jpg\" alt=\"profugos-lujan\" width=\"620\" height=\"412\" \/><\/a><\/p>\n<p><em><strong>La polic\u00eda bonaerense dio a conocer las fotos de detenci\u00f3n de los pr\u00f3fugos de la comisar\u00eda de Luj\u00e1n. Finalmente fueron 11 y 5 siguen a\u00fan sin ser nuevamente encarcelados. Gran preocupaci\u00f3n en la vecina localidad. Reuniones de funcionarios locales y provinciales en b\u00fasqueda de una soluci\u00f3n.<\/strong><\/em><\/p>\n<p>La prensa de la ciudad de Luj\u00e1n expuso las fotos de los pr\u00f3fugos. Es en el marco de un pedido a la ciudadan\u00eda para que ayude a encontrarlos. La polic\u00eda bonaerense contin\u00faa efectuando rastrillajes e investigaciones.<\/p>\n<p>El intendete Oscar Lucciani se reuni\u00f3 en las \u00faltimas horas con el Ministro de Seguridad de la provincia, Alejandro Granados. En la madrugada del d\u00eda fuga estuvo tambi\u00e9n el jefe de la polic\u00eda, Hugo Matzkin.<\/p>\n<p>Los fugados son: Lautaro Amalfi, Gonzalo Cesar Contreras, Jos\u00e9 M\u00e1rquez, Rub\u00e9n Horacio Rodr\u00edguez, Alfredo Oscar Cardozo, Alan Nicol\u00e1s Costa.<\/p>\n<p>Recordemos que en un primer momento se pensaba eran 12, pero, finalmente se logr\u00f3 saber que son 11 de los cuales 6 r\u00e1pidamente fueron recapturados. El resto sigue en la calle.<\/p>\n<p>&nbsp;<\/p>\n<p>&nbsp;<\/p>\n<p>&nbsp;<\/p>\n","protected":false},"excerpt":{"rendered":"<p>La polic\u00eda bonaerense dio a conocer las fotos de detenci\u00f3n de los pr\u00f3fugos de la comisar\u00eda de Luj\u00e1n. Finalmente fueron &#8230; <a title=\"Siguen 6 fugados de la comisar\u00eda de Luj\u00e1n y dan a conocer sus fotos\" class=\"read-more\" href=\"https:\/\/www.hoymercedes.com.ar\/principal\/2014\/10\/14\/siguen-5-fugados-de-la-comisaria-de-lujan-y-dan-a-conocer-sus-fotos\/\" aria-label=\"Leer m\u00e1s sobre Siguen 6 fugados de la comisar\u00eda de Luj\u00e1n y dan a conocer sus fotos\">Leer m\u00e1s<\/a><\/p>\n","protected":false},"author":1,"featured_media":0,"comment_status":"open","ping_status":"open","sticky":false,"template":"","format":"standard","meta":{"_monsterinsights_skip_tracking":false,"_monsterinsights_sitenote_active":false,"_monsterinsights_sitenote_note":"","_monsterinsights_sitenote_category":0,"jetpack_post_was_ever_published":false,"_jetpack_newsletter_access":"","_jetpack_dont_email_post_to_subs":false,"_jetpack_newsletter_tier_id":0,"_jetpack_memberships_contains_paywalled_content":false,"_jetpack_memberships_contains_paid_content":false,"footnotes":"","jetpack_publicize_message":"","jetpack_publicize_feature_enabled":true,"jetpack_social_post_already_shared":false,"jetpack_social_options":{"image_generator_settings":{"template":"highway","default_image_id":0,"font":"","enabled":false},"version":2},"_wpas_customize_per_network":false},"categories":[85],"tags":[6219,6205],"class_list":["post-36890","post","type-post","status-publish","format-standard","hentry","category-policial","tag-comisaria-lujan-primera","tag-fuga-de-presos-en-lujan","generate-columns","tablet-grid-50","mobile-grid-100","grid-parent","grid-50"],"jetpack_publicize_connections":[],"jetpack_featured_media_url":"","wps_subtitle":"De pel\u00edcula...","jetpack_sharing_enabled":true,"_links":{"self":[{"href":"https:\/\/www.hoymercedes.com.ar\/principal\/wp-json\/wp\/v2\/posts\/36890","targetHints":{"allow":["GET"]}}],"collection":[{"href":"https:\/\/www.hoymercedes.com.ar\/principal\/wp-json\/wp\/v2\/posts"}],"about":[{"href":"https:\/\/www.hoymercedes.com.ar\/principal\/wp-json\/wp\/v2\/types\/post"}],"author":[{"embeddable":true,"href":"https:\/\/www.hoymercedes.com.ar\/principal\/wp-json\/wp\/v2\/users\/1"}],"replies":[{"embeddable":true,"href":"https:\/\/www.hoymercedes.com.ar\/principal\/wp-json\/wp\/v2\/comments?post=36890"}],"version-history":[{"count":0,"href":"https:\/\/www.hoymercedes.com.ar\/principal\/wp-json\/wp\/v2\/posts\/36890\/revisions"}],"wp:attachment":[{"href":"https:\/\/www.hoymercedes.com.ar\/principal\/wp-json\/wp\/v2\/media?parent=36890"}],"wp:term":[{"taxonomy":"category","embeddable":true,"href":"https:\/\/www.hoymercedes.com.ar\/principal\/wp-json\/wp\/v2\/categories?post=36890"},{"taxonomy":"post_tag","embeddable":true,"href":"https:\/\/www.hoymercedes.com.ar\/principal\/wp-json\/wp\/v2\/tags?post=36890"}],"curies":[{"name":"wp","href":"https:\/\/api.w.org\/{rel}","templated":true}]}}