{"id":36894,"date":"2014-10-14T21:29:02","date_gmt":"2014-10-15T00:29:02","guid":{"rendered":"http:\/\/www.hoymercedes.com.ar\/principal\/?p=36894"},"modified":"2014-10-14T21:29:02","modified_gmt":"2014-10-15T00:29:02","slug":"ministro-de-vido-visitara-mercedes-y-realizaria-anuncios","status":"publish","type":"post","link":"https:\/\/www.hoymercedes.com.ar\/principal\/2014\/10\/14\/ministro-de-vido-visitara-mercedes-y-realizaria-anuncios\/","title":{"rendered":"Ministro De Vido visitar\u00e1 Mercedes y realizar\u00eda anuncios"},"content":{"rendered":"<p><a href=\"https:\/\/www.hoymercedes.com.ar\/principal\/wp-content\/uploads\/2014\/10\/juliodevido2.jpg\"><img loading=\"lazy\" decoding=\"async\" data-attachment-id=\"36896\" data-permalink=\"https:\/\/www.hoymercedes.com.ar\/principal\/2014\/10\/14\/ministro-de-vido-visitara-mercedes-y-realizaria-anuncios\/juliodevido-3\/#main\" data-orig-file=\"https:\/\/www.hoymercedes.com.ar\/principal\/wp-content\/uploads\/2014\/10\/juliodevido2.jpg\" data-orig-size=\"620,412\" data-comments-opened=\"1\" data-image-meta=\"{&quot;aperture&quot;:&quot;0&quot;,&quot;credit&quot;:&quot;&quot;,&quot;camera&quot;:&quot;&quot;,&quot;caption&quot;:&quot;&quot;,&quot;created_timestamp&quot;:&quot;0&quot;,&quot;copyright&quot;:&quot;&quot;,&quot;focal_length&quot;:&quot;0&quot;,&quot;iso&quot;:&quot;0&quot;,&quot;shutter_speed&quot;:&quot;0&quot;,&quot;title&quot;:&quot;&quot;,&quot;orientation&quot;:&quot;0&quot;}\" data-image-title=\"juliodevido\" data-image-description=\"\" data-image-caption=\"\" data-large-file=\"https:\/\/www.hoymercedes.com.ar\/principal\/wp-content\/uploads\/2014\/10\/juliodevido2.jpg\" class=\"Img2014 aligncenter wp-image-36896 size-full\" src=\"https:\/\/www.hoymercedes.com.ar\/principal\/wp-content\/uploads\/2014\/10\/juliodevido2.jpg\" alt=\"juliodevido\" width=\"620\" height=\"412\" \/><\/a><\/p>\n<p><em><strong>El pr\u00f3ximo viernes estar\u00e1 en Mercedes y se estima en el espacio del Hospital Dubarry el Ministro de Planificaci\u00f3n Federal, Julio de Vido. Se prev\u00e9 har\u00eda importantes anuncios. La visita se enmarca en actividades en conjunto con el Frente para la Victoria.<\/strong><\/em><\/p>\n<p>El Ministro de Planificaci\u00f3n Federal, Julio de Vido, visitar\u00e1 el pr\u00f3ximo viernes nuestra ciudad.<\/p>\n<p>Estar\u00e1 acompa\u00f1ado, se especula, por el presidente del bloque del Frente para la Victoria, Juan Ignacio Ustarroz y el espacio pol\u00edtico que conduce. Tambi\u00e9n ser\u00edan de la partida De Pedro y Espa\u00f1a.<\/p>\n<p>La visita ser\u00eda antes del mediod\u00eda. El hospital Dubarry ser\u00eda uno de los lugares que visitar\u00e1 y se espera realice anuncios relacionado a obras.<\/p>\n<p>&nbsp;<\/p>\n<p>&nbsp;<\/p>\n<p>&nbsp;<\/p>\n","protected":false},"excerpt":{"rendered":"<p>El pr\u00f3ximo viernes estar\u00e1 en Mercedes y se estima en el espacio del Hospital Dubarry el Ministro de Planificaci\u00f3n Federal, &#8230; <a title=\"Ministro De Vido visitar\u00e1 Mercedes y realizar\u00eda anuncios\" class=\"read-more\" href=\"https:\/\/www.hoymercedes.com.ar\/principal\/2014\/10\/14\/ministro-de-vido-visitara-mercedes-y-realizaria-anuncios\/\" aria-label=\"Leer m\u00e1s sobre Ministro De Vido visitar\u00e1 Mercedes y realizar\u00eda anuncios\">Leer m\u00e1s<\/a><\/p>\n","protected":false},"author":1,"featured_media":0,"comment_status":"open","ping_status":"open","sticky":false,"template":"","format":"standard","meta":{"_monsterinsights_skip_tracking":false,"_monsterinsights_sitenote_active":false,"_monsterinsights_sitenote_note":"","_monsterinsights_sitenote_category":0,"jetpack_post_was_ever_published":false,"_jetpack_newsletter_access":"","_jetpack_dont_email_post_to_subs":false,"_jetpack_newsletter_tier_id":0,"_jetpack_memberships_contains_paywalled_content":false,"_jetpack_memberships_contains_paid_content":false,"footnotes":"","jetpack_publicize_message":"","jetpack_publicize_feature_enabled":true,"jetpack_social_post_already_shared":false,"jetpack_social_options":{"image_generator_settings":{"template":"highway","default_image_id":0,"font":"","enabled":false},"version":2},"_wpas_customize_per_network":false},"categories":[5],"tags":[6223,6224,6220,6221,6222],"class_list":["post-36894","post","type-post","status-publish","format-standard","hentry","category-politica","tag-de-vido-y-ustarroz","tag-devido-y-wado-de-pedro","tag-julio-de-vido","tag-julio-de-vido-mercedes","tag-ministro-de-planificacion-federal-en-mercedes","generate-columns","tablet-grid-50","mobile-grid-100","grid-parent","grid-50"],"jetpack_publicize_connections":[],"jetpack_featured_media_url":"","wps_subtitle":"Gobierno nacional ","jetpack_sharing_enabled":true,"_links":{"self":[{"href":"https:\/\/www.hoymercedes.com.ar\/principal\/wp-json\/wp\/v2\/posts\/36894","targetHints":{"allow":["GET"]}}],"collection":[{"href":"https:\/\/www.hoymercedes.com.ar\/principal\/wp-json\/wp\/v2\/posts"}],"about":[{"href":"https:\/\/www.hoymercedes.com.ar\/principal\/wp-json\/wp\/v2\/types\/post"}],"author":[{"embeddable":true,"href":"https:\/\/www.hoymercedes.com.ar\/principal\/wp-json\/wp\/v2\/users\/1"}],"replies":[{"embeddable":true,"href":"https:\/\/www.hoymercedes.com.ar\/principal\/wp-json\/wp\/v2\/comments?post=36894"}],"version-history":[{"count":0,"href":"https:\/\/www.hoymercedes.com.ar\/principal\/wp-json\/wp\/v2\/posts\/36894\/revisions"}],"wp:attachment":[{"href":"https:\/\/www.hoymercedes.com.ar\/principal\/wp-json\/wp\/v2\/media?parent=36894"}],"wp:term":[{"taxonomy":"category","embeddable":true,"href":"https:\/\/www.hoymercedes.com.ar\/principal\/wp-json\/wp\/v2\/categories?post=36894"},{"taxonomy":"post_tag","embeddable":true,"href":"https:\/\/www.hoymercedes.com.ar\/principal\/wp-json\/wp\/v2\/tags?post=36894"}],"curies":[{"name":"wp","href":"https:\/\/api.w.org\/{rel}","templated":true}]}}