{"id":36898,"date":"2014-10-14T21:35:45","date_gmt":"2014-10-15T00:35:45","guid":{"rendered":"http:\/\/www.hoymercedes.com.ar\/principal\/?p=36898"},"modified":"2014-10-21T21:03:13","modified_gmt":"2014-10-22T00:03:13","slug":"benitez-recordo-a-cafiero-en-una-antigua-foto-juntos","status":"publish","type":"post","link":"https:\/\/www.hoymercedes.com.ar\/principal\/2014\/10\/14\/benitez-recordo-a-cafiero-en-una-antigua-foto-juntos\/","title":{"rendered":"Benitez record\u00f3 a Cafiero en una antigua foto juntos"},"content":{"rendered":"<p><a href=\"https:\/\/www.hoymercedes.com.ar\/principal\/wp-content\/uploads\/2014\/10\/benitez-cafiero.jpg\"><img loading=\"lazy\" decoding=\"async\" data-attachment-id=\"36899\" data-permalink=\"https:\/\/www.hoymercedes.com.ar\/principal\/2014\/10\/14\/benitez-recordo-a-cafiero-en-una-antigua-foto-juntos\/benitez-cafiero\/#main\" data-orig-file=\"https:\/\/www.hoymercedes.com.ar\/principal\/wp-content\/uploads\/2014\/10\/benitez-cafiero.jpg\" data-orig-size=\"620,423\" data-comments-opened=\"1\" data-image-meta=\"{&quot;aperture&quot;:&quot;0&quot;,&quot;credit&quot;:&quot;&quot;,&quot;camera&quot;:&quot;&quot;,&quot;caption&quot;:&quot;&quot;,&quot;created_timestamp&quot;:&quot;0&quot;,&quot;copyright&quot;:&quot;&quot;,&quot;focal_length&quot;:&quot;0&quot;,&quot;iso&quot;:&quot;0&quot;,&quot;shutter_speed&quot;:&quot;0&quot;,&quot;title&quot;:&quot;&quot;,&quot;orientation&quot;:&quot;0&quot;}\" data-image-title=\"benitez-cafiero\" data-image-description=\"\" data-image-caption=\"\" data-large-file=\"https:\/\/www.hoymercedes.com.ar\/principal\/wp-content\/uploads\/2014\/10\/benitez-cafiero.jpg\" class=\"Img2014 aligncenter wp-image-36899 size-full\" src=\"https:\/\/www.hoymercedes.com.ar\/principal\/wp-content\/uploads\/2014\/10\/benitez-cafiero.jpg\" alt=\"benitez-cafiero\" width=\"620\" height=\"423\" \/><\/a><\/p>\n<p><em><strong>El concejal Juan Carlos Benitez record\u00f3 tras su fallecimiento al ex gobernador y ministro de Per\u00f3n Antonio Cafiero. Benitez expuso una antigua fotograf\u00eda donde muy j\u00f3venes ambos se los puede ver all\u00e1 por 1984.<\/strong><\/em><\/p>\n<p>El concejal del PRO record\u00f3 que la imagen es en el camping de Luz y Fuerza, en Acasusso, all\u00e1 por 1984.<\/p>\n<div>\u00abEn la foto de izquierda a derecha, Miguel Ver\u00f3n, Luis Figueredo, Juan C. Ben\u00edtez, Alberto Espa\u00f1a, ANTONIO CAFIERO, Dr. Monaco (Chivilcoy), Alberto Sanchez, \u00abGato\u00bb Fusco (asimra). Ninguno de esa foto era funcionario o legislador, ni siquiera ANTONIO, y desde el llano cambiamos el Peronismo. Otros tiempos\u00bb, record\u00f3 el edil.<\/div>\n<div><\/div>\n<div><\/div>\n<div><\/div>\n<div><\/div>\n<div><\/div>\n","protected":false},"excerpt":{"rendered":"<p>El concejal Juan Carlos Benitez record\u00f3 tras su fallecimiento al ex gobernador y ministro de Per\u00f3n Antonio Cafiero. Benitez expuso &#8230; <a title=\"Benitez record\u00f3 a Cafiero en una antigua foto juntos\" class=\"read-more\" href=\"https:\/\/www.hoymercedes.com.ar\/principal\/2014\/10\/14\/benitez-recordo-a-cafiero-en-una-antigua-foto-juntos\/\" aria-label=\"Leer m\u00e1s sobre Benitez record\u00f3 a Cafiero en una antigua foto juntos\">Leer m\u00e1s<\/a><\/p>\n","protected":false},"author":1,"featured_media":0,"comment_status":"open","ping_status":"open","sticky":false,"template":"","format":"standard","meta":{"_monsterinsights_skip_tracking":false,"_monsterinsights_sitenote_active":false,"_monsterinsights_sitenote_note":"","_monsterinsights_sitenote_category":0,"jetpack_post_was_ever_published":false,"_jetpack_newsletter_access":"","_jetpack_dont_email_post_to_subs":false,"_jetpack_newsletter_tier_id":0,"_jetpack_memberships_contains_paywalled_content":false,"_jetpack_memberships_contains_paid_content":false,"footnotes":"","jetpack_publicize_message":"","jetpack_publicize_feature_enabled":true,"jetpack_social_post_already_shared":false,"jetpack_social_options":{"image_generator_settings":{"template":"highway","default_image_id":0,"font":"","enabled":false},"version":2},"_wpas_customize_per_network":false},"categories":[5],"tags":[6225,313],"class_list":["post-36898","post","type-post","status-publish","format-standard","hentry","category-politica","tag-antonio-cafiero","tag-juan-carlos-benitez","generate-columns","tablet-grid-50","mobile-grid-100","grid-parent","grid-50"],"jetpack_publicize_connections":[],"jetpack_featured_media_url":"","wps_subtitle":"Cl\u00e1sico dirigente peronista","jetpack_sharing_enabled":true,"_links":{"self":[{"href":"https:\/\/www.hoymercedes.com.ar\/principal\/wp-json\/wp\/v2\/posts\/36898","targetHints":{"allow":["GET"]}}],"collection":[{"href":"https:\/\/www.hoymercedes.com.ar\/principal\/wp-json\/wp\/v2\/posts"}],"about":[{"href":"https:\/\/www.hoymercedes.com.ar\/principal\/wp-json\/wp\/v2\/types\/post"}],"author":[{"embeddable":true,"href":"https:\/\/www.hoymercedes.com.ar\/principal\/wp-json\/wp\/v2\/users\/1"}],"replies":[{"embeddable":true,"href":"https:\/\/www.hoymercedes.com.ar\/principal\/wp-json\/wp\/v2\/comments?post=36898"}],"version-history":[{"count":0,"href":"https:\/\/www.hoymercedes.com.ar\/principal\/wp-json\/wp\/v2\/posts\/36898\/revisions"}],"wp:attachment":[{"href":"https:\/\/www.hoymercedes.com.ar\/principal\/wp-json\/wp\/v2\/media?parent=36898"}],"wp:term":[{"taxonomy":"category","embeddable":true,"href":"https:\/\/www.hoymercedes.com.ar\/principal\/wp-json\/wp\/v2\/categories?post=36898"},{"taxonomy":"post_tag","embeddable":true,"href":"https:\/\/www.hoymercedes.com.ar\/principal\/wp-json\/wp\/v2\/tags?post=36898"}],"curies":[{"name":"wp","href":"https:\/\/api.w.org\/{rel}","templated":true}]}}