{"id":36908,"date":"2014-10-15T20:23:43","date_gmt":"2014-10-15T23:23:43","guid":{"rendered":"http:\/\/www.hoymercedes.com.ar\/principal\/?p=36908"},"modified":"2014-10-15T20:25:11","modified_gmt":"2014-10-15T23:25:11","slug":"el-ministerio-de-desarrollo-social-de-la-nacion-se-dicta-taller-sobre-plantas-aromaticas","status":"publish","type":"post","link":"https:\/\/www.hoymercedes.com.ar\/principal\/2014\/10\/15\/el-ministerio-de-desarrollo-social-de-la-nacion-se-dicta-taller-sobre-plantas-aromaticas\/","title":{"rendered":"El Ministerio de Desarrollo Social de la naci\u00f3n se dicta taller sobre plantas arom\u00e1ticas"},"content":{"rendered":"<p><strong><em>Se dictar\u00e1 taller sobre plantas arom\u00e1ticas. Se llevar\u00e1 a cabo el d\u00eda 20 de Octubre a las 14 horas en la sede el Centro de Referencia local del Ministerio. Esta iniciativa se enmarca en las actividades conjuntas que realiza el Centro de Referencia local y el INTA en el marco del programa Pro Huerta. La capacitaci\u00f3n es gratuita y abierta. \u00a0<\/em><\/strong><\/p>\n<p>El taller que ser\u00e1 brindado por el <strong>Ing. Agr\u00f3nomo Arturo Bojorge<\/strong> de la Agencia de Extensi\u00f3n Rural del <strong>INTA, se dictar\u00e1 durante tres lunes comenzando el d\u00eda 20 de octubre a las 14:00 hs<\/strong>. Se requiere inscripci\u00f3n previa en la sede del Centro Av. 2 Nro. 240 casi esquina 11, o a los tel\u00e9fonos 426-226 o 435-137.<\/p>\n<p>El <strong>programa Pro Huerta<\/strong> es una pol\u00edtica p\u00fablica implementada por el <strong>Ministerio de Desarrollo Social de la Naci\u00f3n y<\/strong><strong>\u00a0<\/strong><strong>el<\/strong><strong>\u00a0<\/strong><strong><a href=\"http:\/\/www.inta.gov.ar\/extension\/prohuerta\/\" target=\"_blank\" rel=\"noopener\">Instituto Nacional de Tecnolog\u00eda Agropecuaria (INTA)<\/a><\/strong>. El mismo fue creado en 1990 mediante\u00a0Resoluci\u00f3n N\u00ba 239\/90.<\/p>\n<p>Con 23 a\u00f1os de desarrollo, el <strong>Pro Huerta<\/strong> trabaja en la capacitaci\u00f3n y asistencia t\u00e9cnica de familias, entidades y organizaciones de la comunidad, brindando insumos tales como semillas, frutales, animales de granja y herramientas. Junto a la puesta en marcha de huertas familiares, comunitarias y escolares, este programa capacita a promotores voluntarios de la comunidad; genera, adapta y aplica tecnolog\u00edas apropiadas; asiste t\u00e9cnicamente en los procesos de producci\u00f3n de excedentes en ferias de econom\u00eda social agroecol\u00f3gicas y en la adquisici\u00f3n de capacidades para asumir emprendimientos productivos.<\/p>\n<p>&nbsp;<\/p>\n<p>&nbsp;<\/p>\n<p>&nbsp;<\/p>\n","protected":false},"excerpt":{"rendered":"<p>Se dictar\u00e1 taller sobre plantas arom\u00e1ticas. Se llevar\u00e1 a cabo el d\u00eda 20 de Octubre a las 14 horas en &#8230; <a title=\"El Ministerio de Desarrollo Social de la naci\u00f3n se dicta taller sobre plantas arom\u00e1ticas\" class=\"read-more\" href=\"https:\/\/www.hoymercedes.com.ar\/principal\/2014\/10\/15\/el-ministerio-de-desarrollo-social-de-la-nacion-se-dicta-taller-sobre-plantas-aromaticas\/\" aria-label=\"Leer m\u00e1s sobre El Ministerio de Desarrollo Social de la naci\u00f3n se dicta taller sobre plantas arom\u00e1ticas\">Leer m\u00e1s<\/a><\/p>\n","protected":false},"author":1,"featured_media":0,"comment_status":"open","ping_status":"open","sticky":false,"template":"","format":"standard","meta":{"_monsterinsights_skip_tracking":false,"_monsterinsights_sitenote_active":false,"_monsterinsights_sitenote_note":"","_monsterinsights_sitenote_category":0,"jetpack_post_was_ever_published":false,"_jetpack_newsletter_access":"","_jetpack_dont_email_post_to_subs":false,"_jetpack_newsletter_tier_id":0,"_jetpack_memberships_contains_paywalled_content":false,"_jetpack_memberships_contains_paid_content":false,"footnotes":"","jetpack_publicize_message":"","jetpack_publicize_feature_enabled":true,"jetpack_social_post_already_shared":false,"jetpack_social_options":{"image_generator_settings":{"template":"highway","default_image_id":0,"font":"","enabled":false},"version":2},"_wpas_customize_per_network":false},"categories":[5],"tags":[6226],"class_list":["post-36908","post","type-post","status-publish","format-standard","hentry","category-politica","tag-el-ministerio-de-desarrollo-social-de-la-nacion-se-dicta-taller-sobre-plantas-aromaticas","generate-columns","tablet-grid-50","mobile-grid-100","grid-parent","grid-50"],"jetpack_publicize_connections":[],"jetpack_featured_media_url":"","wps_subtitle":"Formaci\u00f3n productiva ","jetpack_sharing_enabled":true,"_links":{"self":[{"href":"https:\/\/www.hoymercedes.com.ar\/principal\/wp-json\/wp\/v2\/posts\/36908","targetHints":{"allow":["GET"]}}],"collection":[{"href":"https:\/\/www.hoymercedes.com.ar\/principal\/wp-json\/wp\/v2\/posts"}],"about":[{"href":"https:\/\/www.hoymercedes.com.ar\/principal\/wp-json\/wp\/v2\/types\/post"}],"author":[{"embeddable":true,"href":"https:\/\/www.hoymercedes.com.ar\/principal\/wp-json\/wp\/v2\/users\/1"}],"replies":[{"embeddable":true,"href":"https:\/\/www.hoymercedes.com.ar\/principal\/wp-json\/wp\/v2\/comments?post=36908"}],"version-history":[{"count":0,"href":"https:\/\/www.hoymercedes.com.ar\/principal\/wp-json\/wp\/v2\/posts\/36908\/revisions"}],"wp:attachment":[{"href":"https:\/\/www.hoymercedes.com.ar\/principal\/wp-json\/wp\/v2\/media?parent=36908"}],"wp:term":[{"taxonomy":"category","embeddable":true,"href":"https:\/\/www.hoymercedes.com.ar\/principal\/wp-json\/wp\/v2\/categories?post=36908"},{"taxonomy":"post_tag","embeddable":true,"href":"https:\/\/www.hoymercedes.com.ar\/principal\/wp-json\/wp\/v2\/tags?post=36908"}],"curies":[{"name":"wp","href":"https:\/\/api.w.org\/{rel}","templated":true}]}}