{"id":36918,"date":"2014-10-15T21:04:37","date_gmt":"2014-10-16T00:04:37","guid":{"rendered":"http:\/\/www.hoymercedes.com.ar\/principal\/?p=36918"},"modified":"2014-10-15T21:05:45","modified_gmt":"2014-10-16T00:05:45","slug":"la-provincia-anuncia-obras-ya-anunciadas-y-transferencias-irrisorias-a-mercedes","status":"publish","type":"post","link":"https:\/\/www.hoymercedes.com.ar\/principal\/2014\/10\/15\/la-provincia-anuncia-obras-ya-anunciadas-y-transferencias-irrisorias-a-mercedes\/","title":{"rendered":"La provincia anuncia obras ya \u201canunciadas\u201d y transferencias irrisorias a Mercedes"},"content":{"rendered":"<p><em><strong>Se dio a conocer una serie de datos sobre lo que la provincia de Buenos Aires est\u00e1 planificando en t\u00e9rminos de obras y transferencias a las comunidades. A Mercedes vuelve a anunciar el agua corriente en Tom\u00e1s Jofr\u00e9 y un m\u00ednimo saldo para el recientemente inaugurada \u201cMesa zonal\u201d.<\/strong><\/em><\/p>\n<p>Se trata del desprendimiento del presupuesto 2015 que la Provincia de Buenos Aires est\u00e1 planificando.<\/p>\n<p>A <strong>Mercedes <\/strong>anuncian transferencia: $ 1.764.464 y ser\u00e1 de la siguiente manera:<\/p>\n<p>Iglesia Catedral: $58.708 (Infraestructura para la puesta en valor)<\/p>\n<p>Servicio zonal: $8.708.<\/p>\n<p>Cloacas: $1.510.000 y agua potable en Tom\u00e1s Jofr\u00e9 $195.756 le demandar\u00e1n al SPAR $1.705.756.<\/p>\n<p>Otra vez las anunciadas obras en Jofr\u00e9 y las eternas en puesta en valor de la Iglesia Catedral, que ya supo tener carteler\u00eda naranja y todo.<\/p>\n<p>Localidades vecinas:<\/p>\n<p><strong>Luj\u00e1n<\/strong><\/p>\n<p>$593.969: agua para Carlos Keen<\/p>\n<p>$7.499.900: cartera de obras p\u00fablicas<\/p>\n<p><strong>\u00a0Giles<\/strong><\/p>\n<p>$1.500.000 infraestrura desag\u00fces pluviales.<\/p>\n<p>$3.050.000 vialidad y asfalto<\/p>\n<p>$198.576 proveer\u00e1 SPAR para agua potable en Solis.<\/p>\n<p><strong>Suipacha<\/strong><\/p>\n<p>$570.000 llegan desde Infraestructura para el Prosede.<\/p>\n<p>$3.000.000 a Vialidad para accesos a jard\u00edn de infantes N\u00ba 904, Escuela<\/p>\n<p>N\u00ba 8, sala de primeros auxilios y sal\u00f3n comedor C\u00e1ritas.<\/p>\n<p>$3.204.519 de SPAR: $3.000.000 para estaci\u00f3n elevadora y planta de tratamiento compacta en Rivas.<\/p>\n<p>$3.341.526 para 40 casas.<\/p>\n<p>$136.531 de DGCyE para 1 jard\u00edn de infantes.<\/p>\n<p>&nbsp;<\/p>\n<p><img loading=\"lazy\" decoding=\"async\" data-attachment-id=\"36919\" data-permalink=\"https:\/\/www.hoymercedes.com.ar\/principal\/2014\/10\/15\/la-provincia-anuncia-obras-ya-anunciadas-y-transferencias-irrisorias-a-mercedes\/pic5\/#main\" data-orig-file=\"https:\/\/www.hoymercedes.com.ar\/principal\/wp-content\/uploads\/2014\/10\/pic5.jpg\" data-orig-size=\"620,932\" data-comments-opened=\"1\" data-image-meta=\"{&quot;aperture&quot;:&quot;0&quot;,&quot;credit&quot;:&quot;&quot;,&quot;camera&quot;:&quot;&quot;,&quot;caption&quot;:&quot;&quot;,&quot;created_timestamp&quot;:&quot;0&quot;,&quot;copyright&quot;:&quot;&quot;,&quot;focal_length&quot;:&quot;0&quot;,&quot;iso&quot;:&quot;0&quot;,&quot;shutter_speed&quot;:&quot;0&quot;,&quot;title&quot;:&quot;&quot;,&quot;orientation&quot;:&quot;0&quot;}\" data-image-title=\"pic5\" data-image-description=\"\" data-image-caption=\"\" data-large-file=\"https:\/\/www.hoymercedes.com.ar\/principal\/wp-content\/uploads\/2014\/10\/pic5.jpg\" class=\"Img2014 aligncenter wp-image-36919 size-full\" src=\"https:\/\/www.hoymercedes.com.ar\/principal\/wp-content\/uploads\/2014\/10\/pic5.jpg\" alt=\"pic5\" width=\"620\" height=\"932\" srcset=\"https:\/\/www.hoymercedes.com.ar\/principal\/wp-content\/uploads\/2014\/10\/pic5.jpg 620w, https:\/\/www.hoymercedes.com.ar\/principal\/wp-content\/uploads\/2014\/10\/pic5-412x620.jpg 412w\" sizes=\"auto, (max-width: 620px) 100vw, 620px\" \/><\/p>\n<p>&nbsp;<\/p>\n<p>&nbsp;<\/p>\n<p>&nbsp;<\/p>\n","protected":false},"excerpt":{"rendered":"<p>Se dio a conocer una serie de datos sobre lo que la provincia de Buenos Aires est\u00e1 planificando en t\u00e9rminos &#8230; <a title=\"La provincia anuncia obras ya \u201canunciadas\u201d y transferencias irrisorias a Mercedes\" class=\"read-more\" href=\"https:\/\/www.hoymercedes.com.ar\/principal\/2014\/10\/15\/la-provincia-anuncia-obras-ya-anunciadas-y-transferencias-irrisorias-a-mercedes\/\" aria-label=\"Leer m\u00e1s sobre La provincia anuncia obras ya \u201canunciadas\u201d y transferencias irrisorias a Mercedes\">Leer m\u00e1s<\/a><\/p>\n","protected":false},"author":1,"featured_media":0,"comment_status":"open","ping_status":"open","sticky":false,"template":"","format":"standard","meta":{"_monsterinsights_skip_tracking":false,"_monsterinsights_sitenote_active":false,"_monsterinsights_sitenote_note":"","_monsterinsights_sitenote_category":0,"jetpack_post_was_ever_published":false,"_jetpack_newsletter_access":"","_jetpack_dont_email_post_to_subs":false,"_jetpack_newsletter_tier_id":0,"_jetpack_memberships_contains_paywalled_content":false,"_jetpack_memberships_contains_paid_content":false,"footnotes":"","jetpack_publicize_message":"","jetpack_publicize_feature_enabled":true,"jetpack_social_post_already_shared":false,"jetpack_social_options":{"image_generator_settings":{"template":"highway","default_image_id":0,"font":"","enabled":false},"version":2},"_wpas_customize_per_network":false},"categories":[5],"tags":[6229,6228,6227],"class_list":["post-36918","post","type-post","status-publish","format-standard","hentry","category-politica","tag-la-provincia","tag-mercedes-obras","tag-presupusto-2015-buenos-aires","generate-columns","tablet-grid-50","mobile-grid-100","grid-parent","grid-50"],"jetpack_publicize_connections":[],"jetpack_featured_media_url":"","wps_subtitle":"Presupuesto 2015","jetpack_sharing_enabled":true,"_links":{"self":[{"href":"https:\/\/www.hoymercedes.com.ar\/principal\/wp-json\/wp\/v2\/posts\/36918","targetHints":{"allow":["GET"]}}],"collection":[{"href":"https:\/\/www.hoymercedes.com.ar\/principal\/wp-json\/wp\/v2\/posts"}],"about":[{"href":"https:\/\/www.hoymercedes.com.ar\/principal\/wp-json\/wp\/v2\/types\/post"}],"author":[{"embeddable":true,"href":"https:\/\/www.hoymercedes.com.ar\/principal\/wp-json\/wp\/v2\/users\/1"}],"replies":[{"embeddable":true,"href":"https:\/\/www.hoymercedes.com.ar\/principal\/wp-json\/wp\/v2\/comments?post=36918"}],"version-history":[{"count":0,"href":"https:\/\/www.hoymercedes.com.ar\/principal\/wp-json\/wp\/v2\/posts\/36918\/revisions"}],"wp:attachment":[{"href":"https:\/\/www.hoymercedes.com.ar\/principal\/wp-json\/wp\/v2\/media?parent=36918"}],"wp:term":[{"taxonomy":"category","embeddable":true,"href":"https:\/\/www.hoymercedes.com.ar\/principal\/wp-json\/wp\/v2\/categories?post=36918"},{"taxonomy":"post_tag","embeddable":true,"href":"https:\/\/www.hoymercedes.com.ar\/principal\/wp-json\/wp\/v2\/tags?post=36918"}],"curies":[{"name":"wp","href":"https:\/\/api.w.org\/{rel}","templated":true}]}}