{"id":36930,"date":"2014-10-16T13:21:52","date_gmt":"2014-10-16T16:21:52","guid":{"rendered":"http:\/\/www.hoymercedes.com.ar\/principal\/?p=36930"},"modified":"2014-10-16T13:29:28","modified_gmt":"2014-10-16T16:29:28","slug":"ustarroz-y-la-nueva-iluminacion-en-el-cruce-de-las-rutas-5-y-41-esto-es-fruto-del-trabajo-en-conjunto","status":"publish","type":"post","link":"https:\/\/www.hoymercedes.com.ar\/principal\/2014\/10\/16\/ustarroz-y-la-nueva-iluminacion-en-el-cruce-de-las-rutas-5-y-41-esto-es-fruto-del-trabajo-en-conjunto\/","title":{"rendered":"Ustarroz y la nueva iluminaci\u00f3n en el cruce de las rutas 5 y 41: \u201cesto es fruto del trabajo en conjunto\u201d"},"content":{"rendered":"<p><a href=\"https:\/\/www.hoymercedes.com.ar\/principal\/wp-content\/uploads\/2014\/10\/luces-ingresomercedes-2014.jpg\"><img loading=\"lazy\" decoding=\"async\" data-attachment-id=\"36931\" data-permalink=\"https:\/\/www.hoymercedes.com.ar\/principal\/2014\/10\/16\/ustarroz-y-la-nueva-iluminacion-en-el-cruce-de-las-rutas-5-y-41-esto-es-fruto-del-trabajo-en-conjunto\/luces-ingresomercedes-2014\/#main\" data-orig-file=\"https:\/\/www.hoymercedes.com.ar\/principal\/wp-content\/uploads\/2014\/10\/luces-ingresomercedes-2014.jpg\" data-orig-size=\"620,288\" data-comments-opened=\"1\" data-image-meta=\"{&quot;aperture&quot;:&quot;0&quot;,&quot;credit&quot;:&quot;&quot;,&quot;camera&quot;:&quot;&quot;,&quot;caption&quot;:&quot;&quot;,&quot;created_timestamp&quot;:&quot;0&quot;,&quot;copyright&quot;:&quot;&quot;,&quot;focal_length&quot;:&quot;0&quot;,&quot;iso&quot;:&quot;0&quot;,&quot;shutter_speed&quot;:&quot;0&quot;,&quot;title&quot;:&quot;&quot;,&quot;orientation&quot;:&quot;0&quot;}\" data-image-title=\"luces-ingresomercedes-2014\" data-image-description=\"\" data-image-caption=\"\" data-large-file=\"https:\/\/www.hoymercedes.com.ar\/principal\/wp-content\/uploads\/2014\/10\/luces-ingresomercedes-2014.jpg\" class=\"Img2014 aligncenter wp-image-36931 size-full\" src=\"https:\/\/www.hoymercedes.com.ar\/principal\/wp-content\/uploads\/2014\/10\/luces-ingresomercedes-2014.jpg\" alt=\"luces-ingresomercedes-2014\" width=\"620\" height=\"288\" \/><\/a><\/p>\n<p><em><strong>El presidente del bloque de concejales del Frente Mercedino para la Victoria, Juan Ignacio Ustarroz, expres\u00f3 su satisfacci\u00f3n por la puesta en funcionamiento de la nueva iluminaci\u00f3n en el cruce de las rutas 5 y 41 y mostr\u00f3 su alegr\u00eda \u201cporque esto es fruto de un trabajo en conjunto, de unir los esfuerzos de todos detr\u00e1s del objetivo del bien com\u00fan\u201d.<\/strong><\/em><\/p>\n<p>La iluminaci\u00f3n, instalada a partir de requerimientos t\u00e9cnicos y de seguridad espec\u00edficos, fue gestionada el a\u00f1o pasado ante las autoridades de Vialidad Nacional por los diputados mercedinos Eduardo \u2018Wado\u2019 de Pedro y Alberto Espa\u00f1a; por el propio Ustarroz; y por los vecinos de la Comisi\u00f3n de Usuarios Viales (entre ellos varios mercedinos). La empresa concesionaria de la ruta 5 (Homac) ya puso en funcionamiento alrededor del 50% de la nueva estructura lum\u00ednica, y se espera que en los pr\u00f3ximos d\u00edas se ponga a pleno.<\/p>\n<p>\u201cA nosotros nos da mucha satisfacci\u00f3n poder hacer estos aportes desde nuestro lugar, y tambi\u00e9n que se pueda articular con otros actores m\u00e1s all\u00e1 de las diferencias que podamos tener, porque el objetivo es el bien com\u00fan. Esto es para todos\u201d, agreg\u00f3 Juani Ustarroz.<\/p>\n<p>Y sigui\u00f3: \u201cPor eso remarcamos la importancia del trabajo que, en este caso, hizo la Comisi\u00f3n de Usuarios Viales, porque le dio visibilidad a la problem\u00e1tica, la puso en la agenda cotidiana y articul\u00f3 para alcanzar una soluci\u00f3n. Fuimos con ellos a la reuni\u00f3n con el director de Vialidad Nacional, Nelson Periotti; y fueron ellos los que, entre varios puntos, incluyeron espec\u00edficamente esta necesidad de iluminar la rotonda del cruce\u201d.<\/p>\n<p>En el grupo de Usuarios Viales se encuentran varios mercedinos como Carlos Mosso, Marcelo Su\u00e1rez, Eduardo Rando y el concejal mandato cumplido del GEN-FAP Jos\u00e9 Luis Ramos. Algunos de ellos estuvieron en la reuni\u00f3n con Periotti, lo mismo que el concejal de Guamin\u00ed Ignacio Zabaleta, nexo de los 50 municipios que integran la Comisi\u00f3n.<\/p>\n<p>\u201cLa articulaci\u00f3n de los diversos sectores es fundamental \u2013insisti\u00f3 Ustarroz-. Buscar el bien com\u00fan nos impone la necesidad de dejar a un lado las diferencias que podamos tener. As\u00ed sucedi\u00f3 en este caso y as\u00ed lo hacemos tambi\u00e9n en el hospital, para dar otro ejemplo en que se demuestra que los resultados son producto del esfuerzo colectivo\u201d.<\/p>\n<p>Seg\u00fan las disposiciones del Organo de Control de las Concesiones Viales (OCCOVI), y a partir de un an\u00e1lisis t\u00e9cnico preciso, en el \u201cintercambiador tipo tr\u00e9bol\u201d del cruce de las rutas 5 y 41 se instalaron \u201clas luminarias m\u00e1s apropiadas, de acuerdo a los c\u00e1lculos luminot\u00e9cnicos\u201d y tambi\u00e9n se estableci\u00f3 \u201cla ubicaci\u00f3n ideal de las columnas\u201d. El trabajo se hizo tomando en consideraci\u00f3n las disposiciones del pliego y recomendaciones de la Comisi\u00f3n Internacional de Alumbrado, especific\u00f3 el OCCOVI en el informe sobre la obra.<\/p>\n<p>Tal como lo se\u00f1alaron distintos especialistas, \u201cuna iluminaci\u00f3n excesiva es tan poco recomendable como una iluminaci\u00f3n deficiente, sobre todo en arterias secundarias\u201d. Las columnas de alumbrado tienen 12 metros de altura en las calzadas principales del cruce, 7 metros en ramas y rulos y 16 metros para la llamada iluminaci\u00f3n de destaque.<\/p>\n<p>Junto con la nueva iluminaci\u00f3n en la rotonda, la empresa concesionaria viene haciendo los trabajos de repavimentaci\u00f3n completa en la calzada de la ruta nacional 5 -mano a Luj\u00e1n- que va desde el peaje hasta el cruce de ingreso a la localidad de Olivera. \u201cEl compromiso es tener finalmente una autopista con altos niveles de seguridad, con patrullas viales permanentes y un canon destinado a los bomberos\u201d, cerr\u00f3 el referente del FMPV.<\/p>\n<p><span style=\"color: #808080;\">Fuente: FMpV<\/span><\/p>\n","protected":false},"excerpt":{"rendered":"<p>El presidente del bloque de concejales del Frente Mercedino para la Victoria, Juan Ignacio Ustarroz, expres\u00f3 su satisfacci\u00f3n por la &#8230; <a title=\"Ustarroz y la nueva iluminaci\u00f3n en el cruce de las rutas 5 y 41: \u201cesto es fruto del trabajo en conjunto\u201d\" class=\"read-more\" href=\"https:\/\/www.hoymercedes.com.ar\/principal\/2014\/10\/16\/ustarroz-y-la-nueva-iluminacion-en-el-cruce-de-las-rutas-5-y-41-esto-es-fruto-del-trabajo-en-conjunto\/\" aria-label=\"Leer m\u00e1s sobre Ustarroz y la nueva iluminaci\u00f3n en el cruce de las rutas 5 y 41: \u201cesto es fruto del trabajo en conjunto\u201d\">Leer m\u00e1s<\/a><\/p>\n","protected":false},"author":1,"featured_media":0,"comment_status":"open","ping_status":"open","sticky":false,"template":"","format":"standard","meta":{"_monsterinsights_skip_tracking":false,"_monsterinsights_sitenote_active":false,"_monsterinsights_sitenote_note":"","_monsterinsights_sitenote_category":0,"jetpack_post_was_ever_published":false,"_jetpack_newsletter_access":"","_jetpack_dont_email_post_to_subs":false,"_jetpack_newsletter_tier_id":0,"_jetpack_memberships_contains_paywalled_content":false,"_jetpack_memberships_contains_paid_content":false,"footnotes":"","jetpack_publicize_message":"","jetpack_publicize_feature_enabled":true,"jetpack_social_post_already_shared":false,"jetpack_social_options":{"image_generator_settings":{"template":"highway","default_image_id":0,"font":"","enabled":false},"version":2},"_wpas_customize_per_network":false},"categories":[5],"tags":[6232],"class_list":["post-36930","post","type-post","status-publish","format-standard","hentry","category-politica","tag-ustarroz-y-la-nueva-iluminacion-en-el-cruce-de-las-rutas-5-y-41-esto-es-fruto-del-trabajo-en-conjunto","generate-columns","tablet-grid-50","mobile-grid-100","grid-parent","grid-50"],"jetpack_publicize_connections":[],"jetpack_featured_media_url":"","wps_subtitle":"Obra p\u00fablica ","jetpack_sharing_enabled":true,"_links":{"self":[{"href":"https:\/\/www.hoymercedes.com.ar\/principal\/wp-json\/wp\/v2\/posts\/36930","targetHints":{"allow":["GET"]}}],"collection":[{"href":"https:\/\/www.hoymercedes.com.ar\/principal\/wp-json\/wp\/v2\/posts"}],"about":[{"href":"https:\/\/www.hoymercedes.com.ar\/principal\/wp-json\/wp\/v2\/types\/post"}],"author":[{"embeddable":true,"href":"https:\/\/www.hoymercedes.com.ar\/principal\/wp-json\/wp\/v2\/users\/1"}],"replies":[{"embeddable":true,"href":"https:\/\/www.hoymercedes.com.ar\/principal\/wp-json\/wp\/v2\/comments?post=36930"}],"version-history":[{"count":0,"href":"https:\/\/www.hoymercedes.com.ar\/principal\/wp-json\/wp\/v2\/posts\/36930\/revisions"}],"wp:attachment":[{"href":"https:\/\/www.hoymercedes.com.ar\/principal\/wp-json\/wp\/v2\/media?parent=36930"}],"wp:term":[{"taxonomy":"category","embeddable":true,"href":"https:\/\/www.hoymercedes.com.ar\/principal\/wp-json\/wp\/v2\/categories?post=36930"},{"taxonomy":"post_tag","embeddable":true,"href":"https:\/\/www.hoymercedes.com.ar\/principal\/wp-json\/wp\/v2\/tags?post=36930"}],"curies":[{"name":"wp","href":"https:\/\/api.w.org\/{rel}","templated":true}]}}