{"id":36947,"date":"2014-10-17T11:46:18","date_gmt":"2014-10-17T14:46:18","guid":{"rendered":"http:\/\/www.hoymercedes.com.ar\/principal\/?p=36947"},"modified":"2014-12-29T23:26:28","modified_gmt":"2014-12-30T02:26:28","slug":"ate-mercedes-tambien-presente-en-el-encuentro-nacional-de-mujeres","status":"publish","type":"post","link":"https:\/\/www.hoymercedes.com.ar\/principal\/2014\/10\/17\/ate-mercedes-tambien-presente-en-el-encuentro-nacional-de-mujeres\/","title":{"rendered":"ATE Mercedes tambi\u00e9n presente en el Encuentro Nacional de Mujeres"},"content":{"rendered":"<p><a href=\"https:\/\/www.hoymercedes.com.ar\/principal\/wp-content\/uploads\/2014\/10\/encuentroatesalta.jpg\"><img loading=\"lazy\" decoding=\"async\" data-attachment-id=\"36948\" data-permalink=\"https:\/\/www.hoymercedes.com.ar\/principal\/2014\/10\/17\/ate-mercedes-tambien-presente-en-el-encuentro-nacional-de-mujeres\/encuentroatesalta\/#main\" data-orig-file=\"https:\/\/www.hoymercedes.com.ar\/principal\/wp-content\/uploads\/2014\/10\/encuentroatesalta.jpg\" data-orig-size=\"620,348\" data-comments-opened=\"1\" data-image-meta=\"{&quot;aperture&quot;:&quot;0&quot;,&quot;credit&quot;:&quot;&quot;,&quot;camera&quot;:&quot;&quot;,&quot;caption&quot;:&quot;&quot;,&quot;created_timestamp&quot;:&quot;0&quot;,&quot;copyright&quot;:&quot;&quot;,&quot;focal_length&quot;:&quot;0&quot;,&quot;iso&quot;:&quot;0&quot;,&quot;shutter_speed&quot;:&quot;0&quot;,&quot;title&quot;:&quot;&quot;,&quot;orientation&quot;:&quot;0&quot;}\" data-image-title=\"encuentroatesalta\" data-image-description=\"\" data-image-caption=\"\" data-large-file=\"https:\/\/www.hoymercedes.com.ar\/principal\/wp-content\/uploads\/2014\/10\/encuentroatesalta.jpg\" class=\"Img2014 aligncenter wp-image-36948 size-full\" src=\"https:\/\/www.hoymercedes.com.ar\/principal\/wp-content\/uploads\/2014\/10\/encuentroatesalta.jpg\" alt=\"encuentroatesalta\" width=\"620\" height=\"348\" \/><\/a><\/p>\n<p><em><strong>El encuentro se realiz\u00f3 los d\u00edas 11, 12 y 13 de octubre en la localidad de Salta, donde m\u00e1s de 44.000 mujeres debatieron por sus derechos civiles y sociales en m\u00e1s de 60 talleres con tem\u00e1ticas diferentes.<\/strong><\/em><\/p>\n<p>El primer d\u00eda desde horas tempranas arribaron a la ciudad delegaciones de mujeres de todo el pa\u00eds. El primer punto de encuentro fue en el Estadio Delmi donde se realiz\u00f3 el acto de apertura, acreditaci\u00f3n e inscripci\u00f3n; pasado el mediod\u00eda, y hasta la tarde se dio\u00a0 el inicio en m\u00e1s de 15 escuelas y colegios del casco c\u00e9ntrico los talleres. En la segunda jornada durante la ma\u00f1ana y la tarde continuaron deliberando para concluir con una multitudinaria \u201cMarcha el Encuentro\u201d recorriendo las calles de Salta para finalizar al tercer d\u00eda con el acto de cierre, lectura de las conclusiones y elecci\u00f3n de la nueva sede del XXX Encuentro Nacional 2015 que se desarrollar\u00e1 en la ciudad de Mar del Plata.<\/p>\n<p>Desde CTA se present\u00f3 un documento pol\u00edtico con propuestas que son producto de una construcci\u00f3n colectiva. Entre ellas podemos mencionar:<\/p>\n<p>&#8211; NO A LAS 48 HS. que quiere implementar el gobierno de la Pcia. de Bs. As. en los trabajadores auxiliares de la educaci\u00f3n. Que significar\u00eda m\u00e1s carga laboral, menos salario y menos cargos en las escuelas,<\/p>\n<p>&#8211; Promover e impulsar el Proyecto de Ley de la LICENCIA POR VIOLENCIA DE<\/p>\n<p>G\u00c9NERO. Este proyecto est\u00e1 siendo debatido con todas las organizaciones y en todo el pa\u00eds, porque ser\u00e1 presentado el 25 de noviembre en el marco de la marcha al<\/p>\n<p>Congreso en el d\u00eda contra la violencia hacia la mujer para lograr un cambio cultural colectivo,<\/p>\n<p>&#8211; el reclamo del 82 % m\u00f3vil para los jubilados,<\/p>\n<p>&#8211; la libertad y democracia sindical,<\/p>\n<p>&#8211; no a la criminalizaci\u00f3n de la protesta social,<\/p>\n<p>&#8211; derogaci\u00f3n de la Ley 11.757 para los\/as trabajadores \/as Municipales de la Provincia de<\/p>\n<p>Bs. As.,<\/p>\n<p>&#8211; sueldos dignos acordes a la canasta familiar,<\/p>\n<p>&#8211; derogaci\u00f3n del 21 % del IVA,<\/p>\n<p>&#8211; no a la precarizaci\u00f3n laboral,<\/p>\n<p>&#8211; por la universalizaci\u00f3n de las asignaciones familiares,<\/p>\n<p>&#8211; eliminaci\u00f3n del impuesto a las ganancias en el salario y recuperaci\u00f3n del IOMA e<\/p>\n<p>IPS por parte de los trabajadores,<\/p>\n<p>&#8211; recuperar todos los derechos que nos quitaron de la ley 10.430,<\/p>\n<p>&#8211; exigir en todos los \u00f3rganos del Estado la creaci\u00f3n de los Comit\u00e9s Mixtos.<\/p>\n<p><strong>En representaci\u00f3n de la seccional de ATE Mercedes participaron de este encuentro las compa\u00f1eras Evangelina Vicoli, Graciela Gonz\u00e1lez y Karina Ram\u00edrez<\/strong><\/p>\n<p>&nbsp;<\/p>\n<p>&nbsp;<\/p>\n<p>&nbsp;<\/p>\n","protected":false},"excerpt":{"rendered":"<p>El encuentro se realiz\u00f3 los d\u00edas 11, 12 y 13 de octubre en la localidad de Salta, donde m\u00e1s de &#8230; <a title=\"ATE Mercedes tambi\u00e9n presente en el Encuentro Nacional de Mujeres\" class=\"read-more\" href=\"https:\/\/www.hoymercedes.com.ar\/principal\/2014\/10\/17\/ate-mercedes-tambien-presente-en-el-encuentro-nacional-de-mujeres\/\" aria-label=\"Leer m\u00e1s sobre ATE Mercedes tambi\u00e9n presente en el Encuentro Nacional de Mujeres\">Leer m\u00e1s<\/a><\/p>\n","protected":false},"author":1,"featured_media":0,"comment_status":"open","ping_status":"open","sticky":false,"template":"","format":"standard","meta":{"_monsterinsights_skip_tracking":false,"_monsterinsights_sitenote_active":false,"_monsterinsights_sitenote_note":"","_monsterinsights_sitenote_category":0,"jetpack_post_was_ever_published":false,"_jetpack_newsletter_access":"","_jetpack_dont_email_post_to_subs":false,"_jetpack_newsletter_tier_id":0,"_jetpack_memberships_contains_paywalled_content":false,"_jetpack_memberships_contains_paid_content":false,"footnotes":"","jetpack_publicize_message":"","jetpack_publicize_feature_enabled":true,"jetpack_social_post_already_shared":false,"jetpack_social_options":{"image_generator_settings":{"template":"highway","default_image_id":0,"font":"","enabled":false},"version":2},"_wpas_customize_per_network":false},"categories":[5],"tags":[6235],"class_list":["post-36947","post","type-post","status-publish","format-standard","hentry","category-politica","tag-encuentro-nacional-de-mujeres","generate-columns","tablet-grid-50","mobile-grid-100","grid-parent","grid-50"],"jetpack_publicize_connections":[],"jetpack_featured_media_url":"","wps_subtitle":"Lucha por los derechos","jetpack_sharing_enabled":true,"_links":{"self":[{"href":"https:\/\/www.hoymercedes.com.ar\/principal\/wp-json\/wp\/v2\/posts\/36947","targetHints":{"allow":["GET"]}}],"collection":[{"href":"https:\/\/www.hoymercedes.com.ar\/principal\/wp-json\/wp\/v2\/posts"}],"about":[{"href":"https:\/\/www.hoymercedes.com.ar\/principal\/wp-json\/wp\/v2\/types\/post"}],"author":[{"embeddable":true,"href":"https:\/\/www.hoymercedes.com.ar\/principal\/wp-json\/wp\/v2\/users\/1"}],"replies":[{"embeddable":true,"href":"https:\/\/www.hoymercedes.com.ar\/principal\/wp-json\/wp\/v2\/comments?post=36947"}],"version-history":[{"count":0,"href":"https:\/\/www.hoymercedes.com.ar\/principal\/wp-json\/wp\/v2\/posts\/36947\/revisions"}],"wp:attachment":[{"href":"https:\/\/www.hoymercedes.com.ar\/principal\/wp-json\/wp\/v2\/media?parent=36947"}],"wp:term":[{"taxonomy":"category","embeddable":true,"href":"https:\/\/www.hoymercedes.com.ar\/principal\/wp-json\/wp\/v2\/categories?post=36947"},{"taxonomy":"post_tag","embeddable":true,"href":"https:\/\/www.hoymercedes.com.ar\/principal\/wp-json\/wp\/v2\/tags?post=36947"}],"curies":[{"name":"wp","href":"https:\/\/api.w.org\/{rel}","templated":true}]}}