{"id":36961,"date":"2014-10-17T21:57:32","date_gmt":"2014-10-18T00:57:32","guid":{"rendered":"http:\/\/www.hoymercedes.com.ar\/principal\/?p=36961"},"modified":"2014-10-21T21:02:18","modified_gmt":"2014-10-22T00:02:18","slug":"ustarroz-sobre-obras-al-hospital-este-es-uno-de-esos-dias-en-los-que-la-felicidad-te-inunda","status":"publish","type":"post","link":"https:\/\/www.hoymercedes.com.ar\/principal\/2014\/10\/17\/ustarroz-sobre-obras-al-hospital-este-es-uno-de-esos-dias-en-los-que-la-felicidad-te-inunda\/","title":{"rendered":"Ustarroz sobre obras al hospital: \u00abEste es uno de esos d\u00edas en los que la felicidad te inunda\u00bb"},"content":{"rendered":"<p><a href=\"https:\/\/www.hoymercedes.com.ar\/principal\/wp-content\/uploads\/2014\/10\/wado-juani-devido-20141.jpg\"><img loading=\"lazy\" decoding=\"async\" data-attachment-id=\"36962\" data-permalink=\"https:\/\/www.hoymercedes.com.ar\/principal\/2014\/10\/17\/ustarroz-sobre-obras-al-hospital-este-es-uno-de-esos-dias-en-los-que-la-felicidad-te-inunda\/wado-juani-devido-2014-2\/#main\" data-orig-file=\"https:\/\/www.hoymercedes.com.ar\/principal\/wp-content\/uploads\/2014\/10\/wado-juani-devido-20141.jpg\" data-orig-size=\"620,413\" data-comments-opened=\"1\" data-image-meta=\"{&quot;aperture&quot;:&quot;5&quot;,&quot;credit&quot;:&quot;&quot;,&quot;camera&quot;:&quot;Canon EOS REBEL T3i&quot;,&quot;caption&quot;:&quot;&quot;,&quot;created_timestamp&quot;:&quot;1413550639&quot;,&quot;copyright&quot;:&quot;&quot;,&quot;focal_length&quot;:&quot;42&quot;,&quot;iso&quot;:&quot;3200&quot;,&quot;shutter_speed&quot;:&quot;0.0166666666667&quot;,&quot;title&quot;:&quot;&quot;,&quot;orientation&quot;:&quot;0&quot;}\" data-image-title=\"wado-juani-devido-2014\" data-image-description=\"\" data-image-caption=\"\" data-large-file=\"https:\/\/www.hoymercedes.com.ar\/principal\/wp-content\/uploads\/2014\/10\/wado-juani-devido-20141.jpg\" class=\"Img2014 aligncenter wp-image-36962 size-full\" src=\"https:\/\/www.hoymercedes.com.ar\/principal\/wp-content\/uploads\/2014\/10\/wado-juani-devido-20141.jpg\" alt=\"wado-juani-devido-2014\" width=\"620\" height=\"413\" \/><\/a><\/p>\n<p><em><strong>El presidente del bloque de concejales del Frente Mercedino para la Victoria, Juan Ignacio Ustarroz, asegur\u00f3 que el anuncio de una inversi\u00f3n millonaria para poner a nuevo el hospital Blas Dubarry \u201cconvirti\u00f3 a este viernes en uno de esos d\u00edas en los que la felicidad te inunda\u201d y agradeci\u00f3 la visita del ministro de Planificaci\u00f3n Federal, Inversi\u00f3n P\u00fablica y Servicios, Julio De Vido, quien estuvo este mediod\u00eda en el establecimiento.<\/strong><\/em><\/p>\n<p>\u201cEs uno de esos d\u00edas en los que la felicidad te inunda, un d\u00eda de alegr\u00eda para todos los mercedinos, por eso quiero agradecer la presencia del ministro De Vido y trasladar ese agradecimiento a nuestra presidenta, Cristina Fern\u00e1ndez de Kirchner\u201d, puntualiz\u00f3.<\/p>\n<p>De Vido anunci\u00f3 hoy una inversi\u00f3n de m\u00e1s de 17 millones de pesos para poner \u201ccompletamente a nuevo\u201d el hospital Blas Lorenzo Dubarry, en el marco de un Plan Quinquenal de renovaci\u00f3n y obras en Salud como \u201cuna pol\u00edtica de Estado\u201d.<\/p>\n<p>Juani record\u00f3 el momento en que desde el Frente Mercedino se acercaron al director del hospital, Rodolfo Pr\u00edncipi, a pesar de ser entonces el presidente del bloque de ediles del selvismo; y lo puso como ejemplo de la necesidad de ponerse por encima de las diferencias: \u201cLa salud no es una cuesti\u00f3n partidaria sino parte de una pol\u00edtica p\u00fablica. Por eso quiero celebrar este anuncio como resumen de la articulaci\u00f3n, del esfuerzo colectivo que se hizo y se hace con la Cooperadora, con todos los trabajadores del hospital, con los directivos\u2026 Es lo que corresponde. Porque esto nos trasciende y es una obra de todos\u201d.<\/p>\n<p>&nbsp;<\/p>\n<p>\u201cSiempre recordamos el esp\u00edritu de aquellas cenas solidarias inolvidables que se hicieron, con m\u00e1s de 1.000 personas por noche, un reflejo del cari\u00f1o, la valoraci\u00f3n y el compromiso que tienen todos los mercedinos cuando hablamos del hospital\u201d, a\u00f1adi\u00f3.<\/p>\n<p>&nbsp;<\/p>\n<p>Ustarroz tambi\u00e9n resalt\u00f3 las gestiones permanentes por la ciudad que hacen los diputados Eduardo \u2018Wado\u2019 de Pedro y Alberto Espa\u00f1a; salud\u00f3 a los intendentes presentes en el acto \u201cpor su sacrificio cotidiano por hacer un pa\u00eds m\u00e1s justo\u201d; volvi\u00f3 a remarcar el objetivo \u201cde poner siempre por delante el bien com\u00fan, porque primero est\u00e1 Mercedes\u201d;\u00a0 enumer\u00f3 que \u201cesta obra, como la construcci\u00f3n del nuevo edificio del Centro de Formaci\u00f3n Laboral por dar otro ejemplo, son hechos concretos, son realidades para todos los vecinos\u201d.<\/p>\n<p>&nbsp;<\/p>\n<p>Finalmente, el concejal del Frente Mercedino volvi\u00f3 a agradecer la presencia de De Vido y subray\u00f3 que, tras el viaje a la Guayana francesa para asistir al lanzamiento del sat\u00e9lite Arsat-1, estaba pr\u00e1cticamente sin dormir: \u201cAlgunos me dec\u00edan \u2018es imposible que llegue\u2019, y sin embargo ac\u00e1 est\u00e1. Pero bueno, en definitiva eso es un buen s\u00edmbolo de este gobierno, de su trabajo incansable, que es lo que se debe hacer al lado de N\u00e9stor y Cristina\u201d.<\/p>\n<p>&nbsp;<\/p>\n<p>Por su parte, \u2018Wado\u2019 de Pedro expres\u00f3 su alegr\u00eda \u201cpor esta inversi\u00f3n tan importante\u201d para el hospital de Mercedes; y la calific\u00f3 como \u201cun s\u00edmbolo de las pol\u00edticas de Estado llevadas adelante por el gobierno de N\u00e9stor Kirchner, primero; y de la presidenta Cristina despu\u00e9s, siempre ampliando derechos, con inclusi\u00f3n social, generando igualdad\u201d.<\/p>\n<p>&nbsp;<\/p>\n<p>\u2018Wado\u2019, finalmente y a prop\u00f3sito del 17 de octubre, calific\u00f3 a De Vido como \u201cel ministro de la Lealtad, despu\u00e9s de tantos a\u00f1os acompa\u00f1ando a N\u00e9stor y Cristina\u201d; a lo que el propio De Vido respondi\u00f3: \u201cEs el mejor elogio que puede recibir un militante pol\u00edtico\u201d.<\/p>\n","protected":false},"excerpt":{"rendered":"<p>El presidente del bloque de concejales del Frente Mercedino para la Victoria, Juan Ignacio Ustarroz, asegur\u00f3 que el anuncio de &#8230; <a title=\"Ustarroz sobre obras al hospital: \u00abEste es uno de esos d\u00edas en los que la felicidad te inunda\u00bb\" class=\"read-more\" href=\"https:\/\/www.hoymercedes.com.ar\/principal\/2014\/10\/17\/ustarroz-sobre-obras-al-hospital-este-es-uno-de-esos-dias-en-los-que-la-felicidad-te-inunda\/\" aria-label=\"Leer m\u00e1s sobre Ustarroz sobre obras al hospital: \u00abEste es uno de esos d\u00edas en los que la felicidad te inunda\u00bb\">Leer m\u00e1s<\/a><\/p>\n","protected":false},"author":1,"featured_media":0,"comment_status":"open","ping_status":"open","sticky":false,"template":"","format":"standard","meta":{"_monsterinsights_skip_tracking":false,"_monsterinsights_sitenote_active":false,"_monsterinsights_sitenote_note":"","_monsterinsights_sitenote_category":0,"jetpack_post_was_ever_published":false,"_jetpack_newsletter_access":"","_jetpack_dont_email_post_to_subs":false,"_jetpack_newsletter_tier_id":0,"_jetpack_memberships_contains_paywalled_content":false,"_jetpack_memberships_contains_paid_content":false,"footnotes":"","jetpack_publicize_message":"","jetpack_publicize_feature_enabled":true,"jetpack_social_post_already_shared":false,"jetpack_social_options":{"image_generator_settings":{"template":"highway","default_image_id":0,"font":"","enabled":false},"version":2},"_wpas_customize_per_network":false},"categories":[5],"tags":[585,6220,10,281],"class_list":["post-36961","post","type-post","status-publish","format-standard","hentry","category-politica","tag-juan-ustarroz","tag-julio-de-vido","tag-mercedes","tag-wado-de-pedro","generate-columns","tablet-grid-50","mobile-grid-100","grid-parent","grid-50"],"jetpack_publicize_connections":[],"jetpack_featured_media_url":"","wps_subtitle":"Obras p\u00fablicas ","jetpack_sharing_enabled":true,"_links":{"self":[{"href":"https:\/\/www.hoymercedes.com.ar\/principal\/wp-json\/wp\/v2\/posts\/36961","targetHints":{"allow":["GET"]}}],"collection":[{"href":"https:\/\/www.hoymercedes.com.ar\/principal\/wp-json\/wp\/v2\/posts"}],"about":[{"href":"https:\/\/www.hoymercedes.com.ar\/principal\/wp-json\/wp\/v2\/types\/post"}],"author":[{"embeddable":true,"href":"https:\/\/www.hoymercedes.com.ar\/principal\/wp-json\/wp\/v2\/users\/1"}],"replies":[{"embeddable":true,"href":"https:\/\/www.hoymercedes.com.ar\/principal\/wp-json\/wp\/v2\/comments?post=36961"}],"version-history":[{"count":0,"href":"https:\/\/www.hoymercedes.com.ar\/principal\/wp-json\/wp\/v2\/posts\/36961\/revisions"}],"wp:attachment":[{"href":"https:\/\/www.hoymercedes.com.ar\/principal\/wp-json\/wp\/v2\/media?parent=36961"}],"wp:term":[{"taxonomy":"category","embeddable":true,"href":"https:\/\/www.hoymercedes.com.ar\/principal\/wp-json\/wp\/v2\/categories?post=36961"},{"taxonomy":"post_tag","embeddable":true,"href":"https:\/\/www.hoymercedes.com.ar\/principal\/wp-json\/wp\/v2\/tags?post=36961"}],"curies":[{"name":"wp","href":"https:\/\/api.w.org\/{rel}","templated":true}]}}