{"id":36967,"date":"2014-10-17T22:09:45","date_gmt":"2014-10-18T01:09:45","guid":{"rendered":"http:\/\/www.hoymercedes.com.ar\/principal\/?p=36967"},"modified":"2014-10-17T22:10:46","modified_gmt":"2014-10-18T01:10:46","slug":"denapole-conmemoro-el-dia-de-la-lealtad-junto-a-massa","status":"publish","type":"post","link":"https:\/\/www.hoymercedes.com.ar\/principal\/2014\/10\/17\/denapole-conmemoro-el-dia-de-la-lealtad-junto-a-massa\/","title":{"rendered":"Den\u00e1pole conmemor\u00f3 el D\u00eda de la Lealtad junto a Massa"},"content":{"rendered":"<p><a href=\"https:\/\/www.hoymercedes.com.ar\/principal\/wp-content\/uploads\/2014\/10\/Denapole-1.jpg\"><img loading=\"lazy\" decoding=\"async\" data-attachment-id=\"36968\" data-permalink=\"https:\/\/www.hoymercedes.com.ar\/principal\/2014\/10\/17\/denapole-conmemoro-el-dia-de-la-lealtad-junto-a-massa\/denapole-1-2\/#main\" data-orig-file=\"https:\/\/www.hoymercedes.com.ar\/principal\/wp-content\/uploads\/2014\/10\/Denapole-1.jpg\" data-orig-size=\"620,285\" data-comments-opened=\"1\" data-image-meta=\"{&quot;aperture&quot;:&quot;2.8&quot;,&quot;credit&quot;:&quot;&quot;,&quot;camera&quot;:&quot;COOLPIX L10&quot;,&quot;caption&quot;:&quot;&quot;,&quot;created_timestamp&quot;:&quot;1324368653&quot;,&quot;copyright&quot;:&quot;Copyright 2006&quot;,&quot;focal_length&quot;:&quot;6.2&quot;,&quot;iso&quot;:&quot;64&quot;,&quot;shutter_speed&quot;:&quot;0.0166666666667&quot;,&quot;title&quot;:&quot;&quot;,&quot;orientation&quot;:&quot;0&quot;}\" data-image-title=\"Denapole (1)\" data-image-description=\"\" data-image-caption=\"\" data-large-file=\"https:\/\/www.hoymercedes.com.ar\/principal\/wp-content\/uploads\/2014\/10\/Denapole-1.jpg\" class=\"Img2014 aligncenter wp-image-36968 size-full\" src=\"https:\/\/www.hoymercedes.com.ar\/principal\/wp-content\/uploads\/2014\/10\/Denapole-1.jpg\" alt=\"Denapole (1)\" width=\"620\" height=\"285\" \/><\/a><\/p>\n<p><em><strong>El presidente del Concejo Deliberante Marcelo Den\u00e1pole particip\u00f3 junto al diputado nacional Sergio Massa de un acto conmemorativo del D\u00eda de la Lealtad Peronista que se llev\u00f3 adelante en la Isla Mart\u00edn Garc\u00eda.<\/strong><\/em><\/p>\n<p>Den\u00e1pole particip\u00f3 del evento en representaci\u00f3n del intendente Carlos Selva, quien se encuentra en la ciudad uruguaya hermana de Maldonado concretando una visita protocolar.<\/p>\n<p>Con motivo de celebrarse el D\u00eda de la Lealtad Peronista, el diputado nacional por el Frente Renovador Sergio Massa, se acerc\u00f3 a la Isla Mart\u00edn Garc\u00eda donde record\u00f3 con emoci\u00f3n al General Juan Domingo Per\u00f3n. En dicho marco, Massa manifest\u00f3: \u00abLa gente tiene miedo a la inflaci\u00f3n y a la inseguridad. Al futuro lo mira con esperanza y lo espera con ansiedad\u00bb.<\/p>\n<p>Tras colocar una ofrenda floral debajo del busto de Per\u00f3n, Massa expres\u00f3: \u00abEstamos en el lugar donde germin\u00f3 el peronismo, un movimiento pol\u00edtico que trascendi\u00f3 los l\u00edmites de la Argentina y de una persona en el tiempo. En un momento donde quisieron silenciar voces y tapar lo que significaba el reclamo de la gente, apareci\u00f3 un liderazgo que interpretaba esa demanda colectiva y social. Los que hacen abuso del poder quieren silenciar la realidad escondiendo los liderazgos\u00bb.<\/p>\n<p>\u00abHoy tenemos que reivindicar la lealtad a las convicciones y a las ideas porque la mejor forma de ser leales con la historia del peronismo es expresando los sue\u00f1os, las esperanzas y las demandas colectivas\u201d, destac\u00f3 el diputado.<\/p>\n<p>Adem\u00e1s, Massa record\u00f3: \u201cHoy la gente tiene miedo a la inflaci\u00f3n y a la inseguridad. Al futuro lo mira con esperanza y lo espera con ansiedad. M\u00e1s all\u00e1 de que quieran eludir la realidad, el miedo real es el de los jubilados que ven que la plata no les alcanza para llegar a fin de mes por la inflaci\u00f3n. El miedo lo sufren los comerciantes, que salen a la ma\u00f1ana, rumbo a su trabajo, y sienten que se juegan la vida porque nadie los cuida, el miedo real lo tienen los trabajadores que sienten que pueden perder su trabajo por falta de rumbo econ\u00f3mico. Ese es el miedo. La gente pide un cambio. El miedo a la inflaci\u00f3n y a la inseguridad ya es muy grande\u00bb.<\/p>\n<p>Estuvieron presentes los intendentes Julio Zamora (Tigre), Joaqu\u00edn De la Torre (San Miguel), Humberto Z\u00faccaro (Pilar), Daniel Bolettieri (Almirante Brown), Fernando Carballo (Magdalena), los\u00a0 diputados Dar\u00edo Giustozzi y Rub\u00e9n Sciutto, el economista Aldo Pignanelli, Malena Galmarini, los senadores provinciales Sebasti\u00e1n Galmarini y Jos\u00e9 Luis Pallares, Juan Carlos Saintoute, secretario general de la JUP a Nivel Nacional, concejales de las ocho secciones provinciales, entre otros.<\/p>\n<p>&nbsp;<\/p>\n<p><span style=\"color: #808080;\">Fuente: FR<\/span><\/p>\n<p>&nbsp;<\/p>\n<p>&nbsp;<\/p>\n","protected":false},"excerpt":{"rendered":"<p>El presidente del Concejo Deliberante Marcelo Den\u00e1pole particip\u00f3 junto al diputado nacional Sergio Massa de un acto conmemorativo del D\u00eda &#8230; <a title=\"Den\u00e1pole conmemor\u00f3 el D\u00eda de la Lealtad junto a Massa\" class=\"read-more\" href=\"https:\/\/www.hoymercedes.com.ar\/principal\/2014\/10\/17\/denapole-conmemoro-el-dia-de-la-lealtad-junto-a-massa\/\" aria-label=\"Leer m\u00e1s sobre Den\u00e1pole conmemor\u00f3 el D\u00eda de la Lealtad junto a Massa\">Leer m\u00e1s<\/a><\/p>\n","protected":false},"author":1,"featured_media":0,"comment_status":"open","ping_status":"open","sticky":false,"template":"","format":"standard","meta":{"_monsterinsights_skip_tracking":false,"_monsterinsights_sitenote_active":false,"_monsterinsights_sitenote_note":"","_monsterinsights_sitenote_category":0,"jetpack_post_was_ever_published":false,"_jetpack_newsletter_access":"","_jetpack_dont_email_post_to_subs":false,"_jetpack_newsletter_tier_id":0,"_jetpack_memberships_contains_paywalled_content":false,"_jetpack_memberships_contains_paid_content":false,"footnotes":"","jetpack_publicize_message":"","jetpack_publicize_feature_enabled":true,"jetpack_social_post_already_shared":false,"jetpack_social_options":{"image_generator_settings":{"template":"highway","default_image_id":0,"font":"","enabled":false},"version":2},"_wpas_customize_per_network":false},"categories":[5],"tags":[370,6240,3226],"class_list":["post-36967","post","type-post","status-publish","format-standard","hentry","category-politica","tag-denapole","tag-denapole-conmemoro-el-dia-de-la-lealtad-junto-a-massa","tag-massa","generate-columns","tablet-grid-50","mobile-grid-100","grid-parent","grid-50"],"jetpack_publicize_connections":[],"jetpack_featured_media_url":"","wps_subtitle":"Estuvo en un acto en la isla Mart\u00edn Garc\u00eda","jetpack_sharing_enabled":true,"_links":{"self":[{"href":"https:\/\/www.hoymercedes.com.ar\/principal\/wp-json\/wp\/v2\/posts\/36967","targetHints":{"allow":["GET"]}}],"collection":[{"href":"https:\/\/www.hoymercedes.com.ar\/principal\/wp-json\/wp\/v2\/posts"}],"about":[{"href":"https:\/\/www.hoymercedes.com.ar\/principal\/wp-json\/wp\/v2\/types\/post"}],"author":[{"embeddable":true,"href":"https:\/\/www.hoymercedes.com.ar\/principal\/wp-json\/wp\/v2\/users\/1"}],"replies":[{"embeddable":true,"href":"https:\/\/www.hoymercedes.com.ar\/principal\/wp-json\/wp\/v2\/comments?post=36967"}],"version-history":[{"count":0,"href":"https:\/\/www.hoymercedes.com.ar\/principal\/wp-json\/wp\/v2\/posts\/36967\/revisions"}],"wp:attachment":[{"href":"https:\/\/www.hoymercedes.com.ar\/principal\/wp-json\/wp\/v2\/media?parent=36967"}],"wp:term":[{"taxonomy":"category","embeddable":true,"href":"https:\/\/www.hoymercedes.com.ar\/principal\/wp-json\/wp\/v2\/categories?post=36967"},{"taxonomy":"post_tag","embeddable":true,"href":"https:\/\/www.hoymercedes.com.ar\/principal\/wp-json\/wp\/v2\/tags?post=36967"}],"curies":[{"name":"wp","href":"https:\/\/api.w.org\/{rel}","templated":true}]}}