{"id":36976,"date":"2014-10-19T17:00:58","date_gmt":"2014-10-19T20:00:58","guid":{"rendered":"http:\/\/www.hoymercedes.com.ar\/principal\/?p=36976"},"modified":"2014-10-19T17:10:20","modified_gmt":"2014-10-19T20:10:20","slug":"nuevo-detenido-y-solo-restan-4-de-los-fugados-en-comisaria-de-lujan","status":"publish","type":"post","link":"https:\/\/www.hoymercedes.com.ar\/principal\/2014\/10\/19\/nuevo-detenido-y-solo-restan-4-de-los-fugados-en-comisaria-de-lujan\/","title":{"rendered":"Nuevo detenido y s\u00f3lo restan 4 de los fugados en comisar\u00eda de Luj\u00e1n"},"content":{"rendered":"<p><em><strong>La ciudad de Luj\u00e1n sigue viviendo la fuga cinematogr\u00e1fica que se vivi\u00f3 la semana pasada. Ahora se conoci\u00f3 que lograron detener un nuevo fugado en un \u201caguantadero\u201d en General Rodr\u00edguez que estaba a su vez en compa\u00f1\u00eda de otro de los escapados: el \u201cchilenito\u201d.<\/strong><\/em><\/p>\n<p>La polic\u00eda detuvo a un joven de 24, Gonzalo C\u00e9sar Contratas qui\u00e9n estaba acompa\u00f1ado de del \u201cChilenito\u201d Amalfi que logr\u00f3 escaparse del allanamiento.<\/p>\n<p>Por el momento, quedan, de los 11 fugados, 4 sin lograr detener, aunque se sabe que la polic\u00eda contin\u00faa investigando.<\/p>\n<p>A su vez se supo que los calabozos tienen capacidad m\u00e1xima para 20 personas y al momento de la fuga hab\u00eda 28.<\/p>\n<p>Los barrotes de las ventanas por las cuales accedieron a los techos habr\u00edan sido destruidos con una lima y un cable de acero. Para poder trabajar con tranquilidad pusieron la radio y un televisor a todo volumen.<\/p>\n<p>La fuga fue el pasado fin de semana y a\u00fan contin\u00faan las repercusiones.<\/p>\n<p>&nbsp;<\/p>\n<p>&nbsp;<\/p>\n<p>&nbsp;<\/p>\n","protected":false},"excerpt":{"rendered":"<p>La ciudad de Luj\u00e1n sigue viviendo la fuga cinematogr\u00e1fica que se vivi\u00f3 la semana pasada. Ahora se conoci\u00f3 que lograron &#8230; <a title=\"Nuevo detenido y s\u00f3lo restan 4 de los fugados en comisar\u00eda de Luj\u00e1n\" class=\"read-more\" href=\"https:\/\/www.hoymercedes.com.ar\/principal\/2014\/10\/19\/nuevo-detenido-y-solo-restan-4-de-los-fugados-en-comisaria-de-lujan\/\" aria-label=\"Leer m\u00e1s sobre Nuevo detenido y s\u00f3lo restan 4 de los fugados en comisar\u00eda de Luj\u00e1n\">Leer m\u00e1s<\/a><\/p>\n","protected":false},"author":1,"featured_media":0,"comment_status":"open","ping_status":"open","sticky":false,"template":"","format":"standard","meta":{"_monsterinsights_skip_tracking":false,"_monsterinsights_sitenote_active":false,"_monsterinsights_sitenote_note":"","_monsterinsights_sitenote_category":0,"jetpack_post_was_ever_published":false,"_jetpack_newsletter_access":"","_jetpack_dont_email_post_to_subs":false,"_jetpack_newsletter_tier_id":0,"_jetpack_memberships_contains_paywalled_content":false,"_jetpack_memberships_contains_paid_content":false,"footnotes":"","jetpack_publicize_message":"","jetpack_publicize_feature_enabled":true,"jetpack_social_post_already_shared":false,"jetpack_social_options":{"image_generator_settings":{"template":"highway","default_image_id":0,"font":"","enabled":false},"version":2},"_wpas_customize_per_network":false},"categories":[85],"tags":[6207,6243],"class_list":["post-36976","post","type-post","status-publish","format-standard","hentry","category-policial","tag-comisaria-primera-lujan","tag-fugados-detenidos-en-lujan","generate-columns","tablet-grid-50","mobile-grid-100","grid-parent","grid-50"],"jetpack_publicize_connections":[],"jetpack_featured_media_url":"","wps_subtitle":"Acci\u00f3n policial","jetpack_sharing_enabled":true,"_links":{"self":[{"href":"https:\/\/www.hoymercedes.com.ar\/principal\/wp-json\/wp\/v2\/posts\/36976","targetHints":{"allow":["GET"]}}],"collection":[{"href":"https:\/\/www.hoymercedes.com.ar\/principal\/wp-json\/wp\/v2\/posts"}],"about":[{"href":"https:\/\/www.hoymercedes.com.ar\/principal\/wp-json\/wp\/v2\/types\/post"}],"author":[{"embeddable":true,"href":"https:\/\/www.hoymercedes.com.ar\/principal\/wp-json\/wp\/v2\/users\/1"}],"replies":[{"embeddable":true,"href":"https:\/\/www.hoymercedes.com.ar\/principal\/wp-json\/wp\/v2\/comments?post=36976"}],"version-history":[{"count":0,"href":"https:\/\/www.hoymercedes.com.ar\/principal\/wp-json\/wp\/v2\/posts\/36976\/revisions"}],"wp:attachment":[{"href":"https:\/\/www.hoymercedes.com.ar\/principal\/wp-json\/wp\/v2\/media?parent=36976"}],"wp:term":[{"taxonomy":"category","embeddable":true,"href":"https:\/\/www.hoymercedes.com.ar\/principal\/wp-json\/wp\/v2\/categories?post=36976"},{"taxonomy":"post_tag","embeddable":true,"href":"https:\/\/www.hoymercedes.com.ar\/principal\/wp-json\/wp\/v2\/tags?post=36976"}],"curies":[{"name":"wp","href":"https:\/\/api.w.org\/{rel}","templated":true}]}}