{"id":36998,"date":"2014-10-20T09:39:56","date_gmt":"2014-10-20T12:39:56","guid":{"rendered":"http:\/\/www.hoymercedes.com.ar\/principal\/?p=36998"},"modified":"2014-10-20T09:40:12","modified_gmt":"2014-10-20T12:40:12","slug":"mic-continua-dialogando-con-los-vecinos-e-invitando-a-participar","status":"publish","type":"post","link":"https:\/\/www.hoymercedes.com.ar\/principal\/2014\/10\/20\/mic-continua-dialogando-con-los-vecinos-e-invitando-a-participar\/","title":{"rendered":"MIC contin\u00faa dialogando con los vecinos e invitando a participar"},"content":{"rendered":"<p><a href=\"https:\/\/www.hoymercedes.com.ar\/principal\/wp-content\/uploads\/2014\/10\/josecestario-mic-pro-vecinos.jpg\"><img loading=\"lazy\" decoding=\"async\" data-attachment-id=\"36999\" data-permalink=\"https:\/\/www.hoymercedes.com.ar\/principal\/2014\/10\/20\/mic-continua-dialogando-con-los-vecinos-e-invitando-a-participar\/josecestario-mic-pro-vecinos\/#main\" data-orig-file=\"https:\/\/www.hoymercedes.com.ar\/principal\/wp-content\/uploads\/2014\/10\/josecestario-mic-pro-vecinos.jpg\" data-orig-size=\"620,465\" data-comments-opened=\"1\" data-image-meta=\"{&quot;aperture&quot;:&quot;0&quot;,&quot;credit&quot;:&quot;&quot;,&quot;camera&quot;:&quot;&quot;,&quot;caption&quot;:&quot;&quot;,&quot;created_timestamp&quot;:&quot;0&quot;,&quot;copyright&quot;:&quot;&quot;,&quot;focal_length&quot;:&quot;0&quot;,&quot;iso&quot;:&quot;0&quot;,&quot;shutter_speed&quot;:&quot;0&quot;,&quot;title&quot;:&quot;&quot;,&quot;orientation&quot;:&quot;0&quot;}\" data-image-title=\"josecestario-mic-pro-vecinos\" data-image-description=\"\" data-image-caption=\"\" data-large-file=\"https:\/\/www.hoymercedes.com.ar\/principal\/wp-content\/uploads\/2014\/10\/josecestario-mic-pro-vecinos.jpg\" class=\"Img2014 aligncenter wp-image-36999 size-full\" src=\"https:\/\/www.hoymercedes.com.ar\/principal\/wp-content\/uploads\/2014\/10\/josecestario-mic-pro-vecinos.jpg\" alt=\"josecestario-mic-pro-vecinos\" width=\"620\" height=\"465\" \/><\/a><\/p>\n<p><em><strong>Despu\u00e9s de un extensa Sesi\u00f3n Ordinaria en el Honorable Concejo Deliberante, que termin\u00f3 el viernes 17 de octubre a las 23.30 hs, en la que se aprobaron varios proyectos presentados por el Bloque del MIC y otros pasaron a Comisiones para su tratamiento, el Concejal Jos\u00e9 Cestari, junto a varios integrantes del Partido Pol\u00edtico Vecinalista, estuvieron el s\u00e1bado 18 de octubre, en horas de la ma\u00f1ana, charlando con mercedinos en la esquina de calles 22 y 25. <\/strong><\/em><\/p>\n<p>\u00abAnte las diferentes problem\u00e1ticas planteadas por los ciudadanos, los concejales Jos\u00e9 Cestari y Juan Carlos Badano, tienen una nutrida agenda para las pr\u00f3ximas semanas en la que se visitar\u00e1n diferentes barrios. La consigna es acercate al MIC que te\u00a0visitamos para escucharte\u00bb sostuvieron desde el espacio pol\u00edtico.<\/p>\n<p>Asimismo la Juventud del MIC invita a participar a la reuni\u00f3n semanal que se realizar\u00e1 el mi\u00e9rcoles 22 a partir de las 20.30 hs, en el local Partidario de Avenida 17 entre calles 12 y 14.<\/p>\n","protected":false},"excerpt":{"rendered":"<p>Despu\u00e9s de un extensa Sesi\u00f3n Ordinaria en el Honorable Concejo Deliberante, que termin\u00f3 el viernes 17 de octubre a las &#8230; <a title=\"MIC contin\u00faa dialogando con los vecinos e invitando a participar\" class=\"read-more\" href=\"https:\/\/www.hoymercedes.com.ar\/principal\/2014\/10\/20\/mic-continua-dialogando-con-los-vecinos-e-invitando-a-participar\/\" aria-label=\"Leer m\u00e1s sobre MIC contin\u00faa dialogando con los vecinos e invitando a participar\">Leer m\u00e1s<\/a><\/p>\n","protected":false},"author":1,"featured_media":0,"comment_status":"open","ping_status":"open","sticky":false,"template":"","format":"standard","meta":{"_monsterinsights_skip_tracking":false,"_monsterinsights_sitenote_active":false,"_monsterinsights_sitenote_note":"","_monsterinsights_sitenote_category":0,"jetpack_post_was_ever_published":false,"_jetpack_newsletter_access":"","_jetpack_dont_email_post_to_subs":false,"_jetpack_newsletter_tier_id":0,"_jetpack_memberships_contains_paywalled_content":false,"_jetpack_memberships_contains_paid_content":false,"footnotes":"","jetpack_publicize_message":"","jetpack_publicize_feature_enabled":true,"jetpack_social_post_already_shared":false,"jetpack_social_options":{"image_generator_settings":{"template":"highway","default_image_id":0,"font":"","enabled":false},"version":2},"_wpas_customize_per_network":false},"categories":[5],"tags":[321,4098,1972,5233],"class_list":["post-36998","post","type-post","status-publish","format-standard","hentry","category-politica","tag-jose-cestari","tag-juan-carlos-badano","tag-mic","tag-mic-pro","generate-columns","tablet-grid-50","mobile-grid-100","grid-parent","grid-50"],"jetpack_publicize_connections":[],"jetpack_featured_media_url":"","wps_subtitle":"En la calle con los vecinos","jetpack_sharing_enabled":true,"_links":{"self":[{"href":"https:\/\/www.hoymercedes.com.ar\/principal\/wp-json\/wp\/v2\/posts\/36998","targetHints":{"allow":["GET"]}}],"collection":[{"href":"https:\/\/www.hoymercedes.com.ar\/principal\/wp-json\/wp\/v2\/posts"}],"about":[{"href":"https:\/\/www.hoymercedes.com.ar\/principal\/wp-json\/wp\/v2\/types\/post"}],"author":[{"embeddable":true,"href":"https:\/\/www.hoymercedes.com.ar\/principal\/wp-json\/wp\/v2\/users\/1"}],"replies":[{"embeddable":true,"href":"https:\/\/www.hoymercedes.com.ar\/principal\/wp-json\/wp\/v2\/comments?post=36998"}],"version-history":[{"count":0,"href":"https:\/\/www.hoymercedes.com.ar\/principal\/wp-json\/wp\/v2\/posts\/36998\/revisions"}],"wp:attachment":[{"href":"https:\/\/www.hoymercedes.com.ar\/principal\/wp-json\/wp\/v2\/media?parent=36998"}],"wp:term":[{"taxonomy":"category","embeddable":true,"href":"https:\/\/www.hoymercedes.com.ar\/principal\/wp-json\/wp\/v2\/categories?post=36998"},{"taxonomy":"post_tag","embeddable":true,"href":"https:\/\/www.hoymercedes.com.ar\/principal\/wp-json\/wp\/v2\/tags?post=36998"}],"curies":[{"name":"wp","href":"https:\/\/api.w.org\/{rel}","templated":true}]}}