{"id":37030,"date":"2014-10-21T11:13:21","date_gmt":"2014-10-21T14:13:21","guid":{"rendered":"http:\/\/www.hoymercedes.com.ar\/principal\/?p=37030"},"modified":"2014-10-21T11:14:16","modified_gmt":"2014-10-21T14:14:16","slug":"frente-de-izquierda-pide-justicia-ante-hallazgo-de-luciano-arruga","status":"publish","type":"post","link":"https:\/\/www.hoymercedes.com.ar\/principal\/2014\/10\/21\/frente-de-izquierda-pide-justicia-ante-hallazgo-de-luciano-arruga\/","title":{"rendered":"Frente de Izquierda pide justicia ante hallazgo de Luciano Arruga"},"content":{"rendered":"<p><a href=\"https:\/\/www.hoymercedes.com.ar\/principal\/wp-content\/uploads\/2014\/10\/lucianoarruga.jpg\"><img loading=\"lazy\" decoding=\"async\" data-attachment-id=\"37031\" data-permalink=\"https:\/\/www.hoymercedes.com.ar\/principal\/2014\/10\/21\/frente-de-izquierda-pide-justicia-ante-hallazgo-de-luciano-arruga\/lucianoarruga\/#main\" data-orig-file=\"https:\/\/www.hoymercedes.com.ar\/principal\/wp-content\/uploads\/2014\/10\/lucianoarruga.jpg\" data-orig-size=\"620,530\" data-comments-opened=\"1\" data-image-meta=\"{&quot;aperture&quot;:&quot;0&quot;,&quot;credit&quot;:&quot;&quot;,&quot;camera&quot;:&quot;&quot;,&quot;caption&quot;:&quot;&quot;,&quot;created_timestamp&quot;:&quot;0&quot;,&quot;copyright&quot;:&quot;&quot;,&quot;focal_length&quot;:&quot;0&quot;,&quot;iso&quot;:&quot;0&quot;,&quot;shutter_speed&quot;:&quot;0&quot;,&quot;title&quot;:&quot;&quot;,&quot;orientation&quot;:&quot;0&quot;}\" data-image-title=\"lucianoarruga\" data-image-description=\"\" data-image-caption=\"\" data-large-file=\"https:\/\/www.hoymercedes.com.ar\/principal\/wp-content\/uploads\/2014\/10\/lucianoarruga.jpg\" class=\"Img2014 aligncenter wp-image-37031 size-full\" src=\"https:\/\/www.hoymercedes.com.ar\/principal\/wp-content\/uploads\/2014\/10\/lucianoarruga.jpg\" alt=\"lucianoarruga\" width=\"620\" height=\"530\" \/><\/a><\/p>\n<p><strong>&#8211; Por Frente de Izquierda &#8211; <\/strong><\/p>\n<p>Al anunciar el hallazgo del cuerpo de Luciano Arruga, el gobierno y las fuerzas de seguridad intentan explicar su muerte como consecuencia de un accidente de tr\u00e1nsito.<\/p>\n<p>Sin embargo, la \u00faltima vez que se lo vio con vida, el 31 de enero de 2009, fue cuando ingresaba detenido al Destacamento Policial de Lomas del Mirador, hoy cerrado por la lucha de sus familiares y amigos. Ya el a\u00f1o anterior hab\u00eda sido detenido y torturado por la polic\u00eda Bonaerense para obligarlo a robar a su servicio. Por su negativa a delinquir, fue detenido y torturado en ese destacamento.<\/p>\n<p>Los polic\u00edas fueron encubiertos, aun cuando las pesquisas indicaban que Luciano hab\u00eda estado, poco antes de desaparecer, en un patrullero de esa dependencia policial.<\/p>\n<p>Reci\u00e9n en febrero de este a\u00f1o -un lustro m\u00e1s tarde- la justicia recaratul\u00f3 la causa como \u201cdesaparici\u00f3n forzada \u201c. Hasta ese momento, y luego de a\u00f1os de investigaci\u00f3n y denuncias que apuntaban a se\u00f1alar el hostigamiento que hab\u00eda sufrido por parte de la bonaerense, la causa se encontraba caratulada como \u201caveriguaci\u00f3n de paradero\u201d. La investigaci\u00f3n hab\u00eda sido colocada en manos de los mismos polic\u00edas que lo hab\u00edan detenido y torturado en 2008 y que eran acusados de su desaparici\u00f3n. Dos adolescentes testigos de haber visto a Luciano en el Destacamento el d\u00eda de su desaparici\u00f3n fueron golpeados por la polic\u00eda y sus casas allanadas sin orden judicial. Tambi\u00e9n el hermano de Luciano fue golpeado y amenazado por polic\u00edas.<\/p>\n<p>Reci\u00e9n el 23 de septiembre de este a\u00f1o, los familiares de Luciano pudieron interpelar a los gobiernos nacional y bonaerense delante de un juez, en el marco de un habeas corpus presentado en los tribunales de Mor\u00f3n. La C\u00e1mara de Apelaciones de San Mart\u00edn hab\u00eda rechazado antes el mismo planteo. Vale recordar que el Ministro de Seguridad bonaerense, Alejandro Granados (promotor de los escuadrones de la muerte durante su intendencia en Ezeiza), reincorpor\u00f3 a las fuerzas de seguridad a los polic\u00edas que hab\u00edan sido desafectados por sus v\u00ednculos con la desaparici\u00f3n de Luciano.<\/p>\n<p>Ahora, con el hallazgo del cuerpo, se informa que Luciano fue enterrado como NN hace seis a\u00f1os, despu\u00e9s de un supuesto accidente de tr\u00e1nsito y de haber sido trasladado al Hospital Santojanni de la Ciudad de Buenos Aires y luego a la morgue. Cuando un cuerpo sin identificaci\u00f3n entra en la morgue, permanece por 60 d\u00edas a la espera de que alguien lo reclame.\u00a0 Pero el cuerpo de Luciano se inhum\u00f3 a los tres d\u00edas de ingresado. La foto de Luciano Arruga hab\u00eda circulado por marchas y actos, y no fue reconocido en la morgue\u2026 La denuncia realizada por la madre de Luciano Arruga en el Destacamento Policial tard\u00f3 cinco d\u00edas en llegar a la Fiscal\u00eda.<\/p>\n<p>En febrero de 2013 la C\u00e1mara Federal de Casaci\u00f3n Penal, Sala IV al hacer lugar al recurso de habeas corpus presentado por su familia dijo \u201c\u2026la responsabilidad estatal \u00abse extiende al hecho de que en cinco a\u00f1os y seis meses del inicio de la investigaci\u00f3n penal nada se supo del paradero del menor, sumado a las irregularidades advertidas durante el comienzo de la investigaci\u00f3n\u00bb.<\/p>\n<p>Por su parte, el gobierno nacional ha permanecido en silencio. El cuadro de impunidad y encubrimiento es el mismo que se registr\u00f3 con Jorge Julio L\u00f3pez y los m\u00e1s de 210 desaparecidos en democracia, 80 de ellos durante la \u00faltima d\u00e9cada. Fue la movilizaci\u00f3n de la familia y de las organizaciones populares la que ha dado con Luciano.<\/p>\n<p>Pero la tarea principal sigue pendiente:<\/p>\n<p>\u00a1Juicio y Castigo a los responsables del crimen de Luciano Arruga!<\/p>\n<p>Toda la cadena de responsabilidades, desde el asesinato a su ocultamiento posterior, deben ser investigadas<\/p>\n","protected":false},"excerpt":{"rendered":"<p>&#8211; Por Frente de Izquierda &#8211; Al anunciar el hallazgo del cuerpo de Luciano Arruga, el gobierno y las fuerzas &#8230; <a title=\"Frente de Izquierda pide justicia ante hallazgo de Luciano Arruga\" class=\"read-more\" href=\"https:\/\/www.hoymercedes.com.ar\/principal\/2014\/10\/21\/frente-de-izquierda-pide-justicia-ante-hallazgo-de-luciano-arruga\/\" aria-label=\"Leer m\u00e1s sobre Frente de Izquierda pide justicia ante hallazgo de Luciano Arruga\">Leer m\u00e1s<\/a><\/p>\n","protected":false},"author":1,"featured_media":0,"comment_status":"open","ping_status":"open","sticky":false,"template":"","format":"standard","meta":{"_monsterinsights_skip_tracking":false,"_monsterinsights_sitenote_active":false,"_monsterinsights_sitenote_note":"","_monsterinsights_sitenote_category":0,"jetpack_post_was_ever_published":false,"_jetpack_newsletter_access":"","_jetpack_dont_email_post_to_subs":false,"_jetpack_newsletter_tier_id":0,"_jetpack_memberships_contains_paywalled_content":false,"_jetpack_memberships_contains_paid_content":false,"footnotes":"","jetpack_publicize_message":"","jetpack_publicize_feature_enabled":true,"jetpack_social_post_already_shared":false,"jetpack_social_options":{"image_generator_settings":{"template":"highway","default_image_id":0,"font":"","enabled":false},"version":2},"_wpas_customize_per_network":false},"categories":[5],"tags":[6253,1054,3572,6252],"class_list":["post-37030","post","type-post","status-publish","format-standard","hentry","category-politica","tag-fit","tag-frente-de-izquierda","tag-frente-de-izquierda-mercedes","tag-luciano-arruga","generate-columns","tablet-grid-50","mobile-grid-100","grid-parent","grid-50"],"jetpack_publicize_connections":[],"jetpack_featured_media_url":"","wps_subtitle":"Derechos Humanos y violencia policial ","jetpack_sharing_enabled":true,"_links":{"self":[{"href":"https:\/\/www.hoymercedes.com.ar\/principal\/wp-json\/wp\/v2\/posts\/37030","targetHints":{"allow":["GET"]}}],"collection":[{"href":"https:\/\/www.hoymercedes.com.ar\/principal\/wp-json\/wp\/v2\/posts"}],"about":[{"href":"https:\/\/www.hoymercedes.com.ar\/principal\/wp-json\/wp\/v2\/types\/post"}],"author":[{"embeddable":true,"href":"https:\/\/www.hoymercedes.com.ar\/principal\/wp-json\/wp\/v2\/users\/1"}],"replies":[{"embeddable":true,"href":"https:\/\/www.hoymercedes.com.ar\/principal\/wp-json\/wp\/v2\/comments?post=37030"}],"version-history":[{"count":0,"href":"https:\/\/www.hoymercedes.com.ar\/principal\/wp-json\/wp\/v2\/posts\/37030\/revisions"}],"wp:attachment":[{"href":"https:\/\/www.hoymercedes.com.ar\/principal\/wp-json\/wp\/v2\/media?parent=37030"}],"wp:term":[{"taxonomy":"category","embeddable":true,"href":"https:\/\/www.hoymercedes.com.ar\/principal\/wp-json\/wp\/v2\/categories?post=37030"},{"taxonomy":"post_tag","embeddable":true,"href":"https:\/\/www.hoymercedes.com.ar\/principal\/wp-json\/wp\/v2\/tags?post=37030"}],"curies":[{"name":"wp","href":"https:\/\/api.w.org\/{rel}","templated":true}]}}