{"id":37047,"date":"2014-10-21T18:01:37","date_gmt":"2014-10-21T21:01:37","guid":{"rendered":"http:\/\/www.hoymercedes.com.ar\/principal\/?p=37047"},"modified":"2014-10-21T18:02:05","modified_gmt":"2014-10-21T21:02:05","slug":"denapole-hoy-la-gente-le-tiene-miedo-a-la-inflacion-que-crece-y-se-come-el-salario","status":"publish","type":"post","link":"https:\/\/www.hoymercedes.com.ar\/principal\/2014\/10\/21\/denapole-hoy-la-gente-le-tiene-miedo-a-la-inflacion-que-crece-y-se-come-el-salario\/","title":{"rendered":"Den\u00e1pole: \u201cHoy la gente le tiene miedo a la inflaci\u00f3n que crece y se come el salario\u201d"},"content":{"rendered":"<p><a href=\"https:\/\/www.hoymercedes.com.ar\/principal\/wp-content\/uploads\/2014\/10\/denapole-massa.jpg\"><img loading=\"lazy\" decoding=\"async\" data-attachment-id=\"37048\" data-permalink=\"https:\/\/www.hoymercedes.com.ar\/principal\/2014\/10\/21\/denapole-hoy-la-gente-le-tiene-miedo-a-la-inflacion-que-crece-y-se-come-el-salario\/denapole-massa\/#main\" data-orig-file=\"https:\/\/www.hoymercedes.com.ar\/principal\/wp-content\/uploads\/2014\/10\/denapole-massa.jpg\" data-orig-size=\"620,565\" data-comments-opened=\"1\" data-image-meta=\"{&quot;aperture&quot;:&quot;0&quot;,&quot;credit&quot;:&quot;&quot;,&quot;camera&quot;:&quot;&quot;,&quot;caption&quot;:&quot;&quot;,&quot;created_timestamp&quot;:&quot;0&quot;,&quot;copyright&quot;:&quot;&quot;,&quot;focal_length&quot;:&quot;0&quot;,&quot;iso&quot;:&quot;0&quot;,&quot;shutter_speed&quot;:&quot;0&quot;,&quot;title&quot;:&quot;&quot;,&quot;orientation&quot;:&quot;0&quot;}\" data-image-title=\"denapole-massa\" data-image-description=\"\" data-image-caption=\"\" data-large-file=\"https:\/\/www.hoymercedes.com.ar\/principal\/wp-content\/uploads\/2014\/10\/denapole-massa.jpg\" class=\"Img2014 aligncenter wp-image-37048 size-full\" src=\"https:\/\/www.hoymercedes.com.ar\/principal\/wp-content\/uploads\/2014\/10\/denapole-massa.jpg\" alt=\"denapole-massa\" width=\"620\" height=\"565\" \/><\/a><\/p>\n<p><em><strong>El presidente del Concejo Deliberante de Mercedes Marcelo Den\u00e1pole particip\u00f3 la semana pasada del acto por el D\u00eda de la Lealtad junto al diputado nacional Sergio Massa y destac\u00f3 la figura del l\u00edder del Frente Renovador: \u201cEs quien debe conducir el pa\u00eds en los pr\u00f3ximos a\u00f1os\u201d.<\/strong><\/em><\/p>\n<p>Marcelo Den\u00e1pole tuvo la posibilidad de participar de un d\u00eda especial para el pueblo peronista el pasado 17 de octubre al asistir a un acto del Frente Renovador en la isla Mart\u00edn Garc\u00eda. \u201cNuestro l\u00edder\u00a0 Carlos Selva tuvo una vez m\u00e1s una gran muestra de generosidad y confianza hacia mi persona al enviarme en su representaci\u00f3n a este acto por el 17 de octubre\u201d, sostuvo Den\u00e1pole.<\/p>\n<p>En su visita a la Isla Mart\u00edn Garc\u00eda, Den\u00e1pole se llev\u00f3 una visi\u00f3n certera de lo que necesita el pa\u00eds en el futuro cercano. \u201cEsta Argentina dividida tiene que\u00a0 quedar atr\u00e1s y estoy seguro que Massa ser\u00e1 el aglutinador de un pa\u00eds diferente, m\u00e1s plural y donde opinar distinto no sea motivo de ataque\u201d, dijo el concejal selvista.<\/p>\n<p>Den\u00e1pole tambi\u00e9n destac\u00f3 la figura del intendente Selva como parte de la \u201cmesa chica\u201d del armado del massismo. \u201cHay un respeto enorme por el intendente Selva, ya que es uno de los iniciadores del proyecto de Sergio Massa. Creo que con Massa en la presidencia se vienen a\u00f1os realmente buenos para Mercedes, ya que el municipio podr\u00e1 trabajar en consonancia con un gobierno nacional sin intermediarios pol\u00edticos\u201d, augur\u00f3 el presidente del Concejo Deliberante.<\/p>\n<p>Den\u00e1pole tambi\u00e9n se sum\u00f3 a las cr\u00edticas que se hacen desde el Frente Renovador a la estrategia del oficialismo nacional de instalar el miedo ante la posibilidad de un triunfo de Massa. \u201cLa gente no cree en esas cosas. La gente tiene miedo hoy por la falta de pol\u00edticas eficaces de parte del Estado Nacional. Hoy la gente le tiene miedo a la inseguridad, a la inflaci\u00f3n que crece y se come el salario, al pensar distinto por las represalias. Al futuro no hay que tenerle miedo porque Massa es lo mejor que le va a pasar al pa\u00eds porque sabe qu\u00e9 tiene que hacer para sacarnos adelante como naci\u00f3n\u201d, afirm\u00f3 el presidente del Concejo Deliberante Marcelo Den\u00e1pole.<\/p>\n<p>&nbsp;<\/p>\n<p>&nbsp;<\/p>\n<p>&nbsp;<\/p>\n","protected":false},"excerpt":{"rendered":"<p>El presidente del Concejo Deliberante de Mercedes Marcelo Den\u00e1pole particip\u00f3 la semana pasada del acto por el D\u00eda de la &#8230; <a title=\"Den\u00e1pole: \u201cHoy la gente le tiene miedo a la inflaci\u00f3n que crece y se come el salario\u201d\" class=\"read-more\" href=\"https:\/\/www.hoymercedes.com.ar\/principal\/2014\/10\/21\/denapole-hoy-la-gente-le-tiene-miedo-a-la-inflacion-que-crece-y-se-come-el-salario\/\" aria-label=\"Leer m\u00e1s sobre Den\u00e1pole: \u201cHoy la gente le tiene miedo a la inflaci\u00f3n que crece y se come el salario\u201d\">Leer m\u00e1s<\/a><\/p>\n","protected":false},"author":1,"featured_media":0,"comment_status":"open","ping_status":"open","sticky":false,"template":"","format":"standard","meta":{"_monsterinsights_skip_tracking":false,"_monsterinsights_sitenote_active":false,"_monsterinsights_sitenote_note":"","_monsterinsights_sitenote_category":0,"jetpack_post_was_ever_published":false,"_jetpack_newsletter_access":"","_jetpack_dont_email_post_to_subs":false,"_jetpack_newsletter_tier_id":0,"_jetpack_memberships_contains_paywalled_content":false,"_jetpack_memberships_contains_paid_content":false,"footnotes":"","jetpack_publicize_message":"","jetpack_publicize_feature_enabled":true,"jetpack_social_post_already_shared":false,"jetpack_social_options":{"image_generator_settings":{"template":"highway","default_image_id":0,"font":"","enabled":false},"version":2},"_wpas_customize_per_network":false},"categories":[8],"tags":[436,6258,2684],"class_list":["post-37047","post","type-post","status-publish","format-standard","hentry","category-sociedad","tag-marcelo-denapole","tag-marcelo-denapole-cree-en-sergio-massa","tag-sergio-massa","generate-columns","tablet-grid-50","mobile-grid-100","grid-parent","grid-50"],"jetpack_publicize_connections":[],"jetpack_featured_media_url":"","wps_subtitle":"Marcelo Den\u00e1pole cree en Sergio Massa","jetpack_sharing_enabled":true,"_links":{"self":[{"href":"https:\/\/www.hoymercedes.com.ar\/principal\/wp-json\/wp\/v2\/posts\/37047","targetHints":{"allow":["GET"]}}],"collection":[{"href":"https:\/\/www.hoymercedes.com.ar\/principal\/wp-json\/wp\/v2\/posts"}],"about":[{"href":"https:\/\/www.hoymercedes.com.ar\/principal\/wp-json\/wp\/v2\/types\/post"}],"author":[{"embeddable":true,"href":"https:\/\/www.hoymercedes.com.ar\/principal\/wp-json\/wp\/v2\/users\/1"}],"replies":[{"embeddable":true,"href":"https:\/\/www.hoymercedes.com.ar\/principal\/wp-json\/wp\/v2\/comments?post=37047"}],"version-history":[{"count":0,"href":"https:\/\/www.hoymercedes.com.ar\/principal\/wp-json\/wp\/v2\/posts\/37047\/revisions"}],"wp:attachment":[{"href":"https:\/\/www.hoymercedes.com.ar\/principal\/wp-json\/wp\/v2\/media?parent=37047"}],"wp:term":[{"taxonomy":"category","embeddable":true,"href":"https:\/\/www.hoymercedes.com.ar\/principal\/wp-json\/wp\/v2\/categories?post=37047"},{"taxonomy":"post_tag","embeddable":true,"href":"https:\/\/www.hoymercedes.com.ar\/principal\/wp-json\/wp\/v2\/tags?post=37047"}],"curies":[{"name":"wp","href":"https:\/\/api.w.org\/{rel}","templated":true}]}}