{"id":37052,"date":"2014-10-21T22:51:50","date_gmt":"2014-10-22T01:51:50","guid":{"rendered":"http:\/\/www.hoymercedes.com.ar\/principal\/?p=37052"},"modified":"2014-10-26T02:36:30","modified_gmt":"2014-10-26T05:36:30","slug":"anunciaron-gran-festival-aereo-organizado-por-frente-mercedino-aeroclub-y-la-anac","status":"publish","type":"post","link":"https:\/\/www.hoymercedes.com.ar\/principal\/2014\/10\/21\/anunciaron-gran-festival-aereo-organizado-por-frente-mercedino-aeroclub-y-la-anac\/","title":{"rendered":"Anunciaron gran festival a\u00e9reo organizado por Frente Mercedino, Aeroclub y la ANAC"},"content":{"rendered":"<p><a href=\"https:\/\/www.hoymercedes.com.ar\/principal\/wp-content\/uploads\/2014\/10\/festival-aereo-mercedes.jpg\"><img loading=\"lazy\" decoding=\"async\" data-attachment-id=\"37053\" data-permalink=\"https:\/\/www.hoymercedes.com.ar\/principal\/2014\/10\/21\/anunciaron-gran-festival-aereo-organizado-por-frente-mercedino-aeroclub-y-la-anac\/festival-aereo-mercedes\/#main\" data-orig-file=\"https:\/\/www.hoymercedes.com.ar\/principal\/wp-content\/uploads\/2014\/10\/festival-aereo-mercedes.jpg\" data-orig-size=\"620,413\" data-comments-opened=\"1\" data-image-meta=\"{&quot;aperture&quot;:&quot;0&quot;,&quot;credit&quot;:&quot;SEBASTIAN_AMBROSSIO&quot;,&quot;camera&quot;:&quot;&quot;,&quot;caption&quot;:&quot;&quot;,&quot;created_timestamp&quot;:&quot;0&quot;,&quot;copyright&quot;:&quot;Sebastian Ambrossio_&quot;,&quot;focal_length&quot;:&quot;0&quot;,&quot;iso&quot;:&quot;0&quot;,&quot;shutter_speed&quot;:&quot;0&quot;,&quot;title&quot;:&quot;&quot;,&quot;orientation&quot;:&quot;0&quot;}\" data-image-title=\"festival-aereo-mercedes\" data-image-description=\"\" data-image-caption=\"\" data-large-file=\"https:\/\/www.hoymercedes.com.ar\/principal\/wp-content\/uploads\/2014\/10\/festival-aereo-mercedes.jpg\" class=\"Img2014 aligncenter wp-image-37053 size-full\" src=\"https:\/\/www.hoymercedes.com.ar\/principal\/wp-content\/uploads\/2014\/10\/festival-aereo-mercedes.jpg\" alt=\"festival-aereo-mercedes\" width=\"620\" height=\"413\" \/><\/a><\/p>\n<p><em><strong>El Aeroclub, el Frente Mercedino para la Victoria y la Asociaci\u00f3n Nacional de Aviaci\u00f3n Civil (ANAC) trabajar\u00e1n en conjunto para organizar un gran festival a\u00e9reo en nuestra ciudad, que tendr\u00e1 la presencia de profesionales de distintas especialidades vinculadas a la actividad y se llevar\u00e1 a cabo el domingo 30 de noviembre.<\/strong><\/em><\/p>\n<p>&nbsp;<\/p>\n<p>El anuncio se realiz\u00f3 hoy en una conferencia en la que participaron el presidente del Aeroclub Mercedes, Eduardo Voloni; el principal referente del bloque de concejales del Frente Mercedino, Juan Ignacio Ustarroz; y dos de los responsables de la Unidad de Relaciones Institucionales de la ANAC, Marcelo Couv\u00edn y Silvina Stampella.<\/p>\n<p>&nbsp;<\/p>\n<p>\u201cEn principio queremos agradecerle a \u2018Juani\u2019 sus gestiones, porque este ser\u00e1 un festival que nosotros no estamos en condiciones de hacer. Ser\u00e1 una gran fiesta para todos y una excelente oportunidad para dar a conocer el trabajo que hacemos\u201d, explic\u00f3 Voloni.<\/p>\n<p>&nbsp;<\/p>\n<p>La actividad, con entrada libre y gratuita (el horario estimado para su desarrollo ser\u00e1 de 11 a 18) contar\u00e1 con la participaci\u00f3n de profesionales de distintas especialidades de la aviaci\u00f3n, entre ellos avionetas, planeadores, vuelos acrob\u00e1ticos, globos aerost\u00e1ticos, paracaidistas, aeronaves a vela, parapente y aeromodelismo.<\/p>\n<p>&nbsp;<\/p>\n<p>\u201cNosotros articulamos con las asociaciones de cada una de estas especialidades para que el festival cuente con los mejores profesionales del pa\u00eds \u2013contaron Couvin y Stampella-. Inclusive vendr\u00e1n equipos que compiten a nivel internacional, entre ellos los campeones mundiales de vuelo a vela; y tambi\u00e9n los paracaidistas que algunos d\u00edas antes estar\u00e1n en el Mundial para mayores de 40 a\u00f1os que se realizar\u00e1 en la provincia San Juan. Realmente es una actividad para disfrutar y esperemos que vengan todos los mercedinos\u201d.<\/p>\n<p>&nbsp;<\/p>\n<p>\u201cTendremos tambi\u00e9n actividades para toda la familia, inclusive para los m\u00e1s chicos \u2013agregaron-, y el apoyo de distintos organismos nacionales, entre ellos y para citar un caso el de YPF, que nos provee de todo el combustible necesario para los aviones\u201d.<\/p>\n<p>&nbsp;<\/p>\n<p>Los representantes de la ANAC anticiparon que se eligi\u00f3 la fecha \u201cporque son buenas las proyecciones clim\u00e1ticas\u201d, aunque aclararon que, en caso de mal tiempo, la actividad se deber\u00e1 reprogramar. \u201cPero esperemos que los pron\u00f3sticos sean acertados y podamos hacer este festival en una instituci\u00f3n tan querida como el Aeroclub Mercedes\u201d.<\/p>\n<p>&nbsp;<\/p>\n<p>Por su parte, Ustarroz apunt\u00f3: \u201cNos da mucho placer acompa\u00f1ar y apoyar a una instituci\u00f3n modelo como el Aeroclub Mercedes y a toda la gente que lo conduce, con Eduardo Voloni a la cabeza. Nos acercamos a la ANAC en ocasi\u00f3n de otros festivales, surgi\u00f3 esta idea de articular entre todos para hacer la fiesta aqu\u00ed y as\u00ed lo haremos\u201d.<\/p>\n<p>&nbsp;<\/p>\n<p>\u201cEs un espect\u00e1culo de alta calidad con entrada libre y gratuita, es decir, hablamos de la posibilidad para todos los vecinos de asistir a un show al que no estamos acostumbrados porque no son habituales. Y se complementar\u00e1 con actividades culturales, recreativas y deportivas para toda la familia, as\u00ed que esperamos que sea un \u00e9xito\u201d, concluy\u00f3.<\/p>\n<p>&nbsp;<\/p>\n<p>El entusiasmo por la fiesta que se viene, finalmente, qued\u00f3 evidenciado en la despedida de Voloni: \u201cNo veo la hora de que llegue el d\u00eda, porque va a ser memorable\u201d.<\/p>\n","protected":false},"excerpt":{"rendered":"<p>El Aeroclub, el Frente Mercedino para la Victoria y la Asociaci\u00f3n Nacional de Aviaci\u00f3n Civil (ANAC) trabajar\u00e1n en conjunto para &#8230; <a title=\"Anunciaron gran festival a\u00e9reo organizado por Frente Mercedino, Aeroclub y la ANAC\" class=\"read-more\" href=\"https:\/\/www.hoymercedes.com.ar\/principal\/2014\/10\/21\/anunciaron-gran-festival-aereo-organizado-por-frente-mercedino-aeroclub-y-la-anac\/\" aria-label=\"Leer m\u00e1s sobre Anunciaron gran festival a\u00e9reo organizado por Frente Mercedino, Aeroclub y la ANAC\">Leer m\u00e1s<\/a><\/p>\n","protected":false},"author":1,"featured_media":0,"comment_status":"open","ping_status":"open","sticky":false,"template":"","format":"standard","meta":{"_monsterinsights_skip_tracking":false,"_monsterinsights_sitenote_active":false,"_monsterinsights_sitenote_note":"","_monsterinsights_sitenote_category":0,"jetpack_post_was_ever_published":false,"_jetpack_newsletter_access":"","_jetpack_dont_email_post_to_subs":false,"_jetpack_newsletter_tier_id":0,"_jetpack_memberships_contains_paywalled_content":false,"_jetpack_memberships_contains_paid_content":false,"footnotes":"","jetpack_publicize_message":"","jetpack_publicize_feature_enabled":true,"jetpack_social_post_already_shared":false,"jetpack_social_options":{"image_generator_settings":{"template":"highway","default_image_id":0,"font":"","enabled":false},"version":2},"_wpas_customize_per_network":false},"categories":[104],"tags":[1492,6260,6259,1007,585],"class_list":["post-37052","post","type-post","status-publish","format-standard","hentry","category-cultura","tag-aeroclub","tag-anac","tag-festival-aereo","tag-frente-mercedino","tag-juan-ustarroz","generate-columns","tablet-grid-50","mobile-grid-100","grid-parent","grid-50"],"jetpack_publicize_connections":[],"jetpack_featured_media_url":"","wps_subtitle":"Turismo y entretenimiento ","jetpack_sharing_enabled":true,"_links":{"self":[{"href":"https:\/\/www.hoymercedes.com.ar\/principal\/wp-json\/wp\/v2\/posts\/37052","targetHints":{"allow":["GET"]}}],"collection":[{"href":"https:\/\/www.hoymercedes.com.ar\/principal\/wp-json\/wp\/v2\/posts"}],"about":[{"href":"https:\/\/www.hoymercedes.com.ar\/principal\/wp-json\/wp\/v2\/types\/post"}],"author":[{"embeddable":true,"href":"https:\/\/www.hoymercedes.com.ar\/principal\/wp-json\/wp\/v2\/users\/1"}],"replies":[{"embeddable":true,"href":"https:\/\/www.hoymercedes.com.ar\/principal\/wp-json\/wp\/v2\/comments?post=37052"}],"version-history":[{"count":0,"href":"https:\/\/www.hoymercedes.com.ar\/principal\/wp-json\/wp\/v2\/posts\/37052\/revisions"}],"wp:attachment":[{"href":"https:\/\/www.hoymercedes.com.ar\/principal\/wp-json\/wp\/v2\/media?parent=37052"}],"wp:term":[{"taxonomy":"category","embeddable":true,"href":"https:\/\/www.hoymercedes.com.ar\/principal\/wp-json\/wp\/v2\/categories?post=37052"},{"taxonomy":"post_tag","embeddable":true,"href":"https:\/\/www.hoymercedes.com.ar\/principal\/wp-json\/wp\/v2\/tags?post=37052"}],"curies":[{"name":"wp","href":"https:\/\/api.w.org\/{rel}","templated":true}]}}