{"id":37076,"date":"2014-10-22T22:09:41","date_gmt":"2014-10-23T01:09:41","guid":{"rendered":"http:\/\/www.hoymercedes.com.ar\/principal\/?p=37076"},"modified":"2014-10-22T23:38:33","modified_gmt":"2014-10-23T02:38:33","slug":"presentaran-obra-de-teatro-con-jovenes-del-marchetti-y-san-martin","status":"publish","type":"post","link":"https:\/\/www.hoymercedes.com.ar\/principal\/2014\/10\/22\/presentaran-obra-de-teatro-con-jovenes-del-marchetti-y-san-martin\/","title":{"rendered":"Presentar\u00e1n obra de teatro con j\u00f3venes del Marchetti y San Mart\u00edn"},"content":{"rendered":"<p><a href=\"https:\/\/www.hoymercedes.com.ar\/principal\/wp-content\/uploads\/2014\/10\/obrateatro-sebastianveron.jpg\"><img loading=\"lazy\" decoding=\"async\" data-attachment-id=\"37077\" data-permalink=\"https:\/\/www.hoymercedes.com.ar\/principal\/2014\/10\/22\/presentaran-obra-de-teatro-con-jovenes-del-marchetti-y-san-martin\/obrateatro-sebastianveron\/#main\" data-orig-file=\"https:\/\/www.hoymercedes.com.ar\/principal\/wp-content\/uploads\/2014\/10\/obrateatro-sebastianveron.jpg\" data-orig-size=\"620,348\" data-comments-opened=\"1\" data-image-meta=\"{&quot;aperture&quot;:&quot;0&quot;,&quot;credit&quot;:&quot;&quot;,&quot;camera&quot;:&quot;&quot;,&quot;caption&quot;:&quot;&quot;,&quot;created_timestamp&quot;:&quot;0&quot;,&quot;copyright&quot;:&quot;&quot;,&quot;focal_length&quot;:&quot;0&quot;,&quot;iso&quot;:&quot;0&quot;,&quot;shutter_speed&quot;:&quot;0&quot;,&quot;title&quot;:&quot;&quot;,&quot;orientation&quot;:&quot;0&quot;}\" data-image-title=\"obrateatro-sebastianveron\" data-image-description=\"\" data-image-caption=\"\" data-large-file=\"https:\/\/www.hoymercedes.com.ar\/principal\/wp-content\/uploads\/2014\/10\/obrateatro-sebastianveron.jpg\" class=\"Img2014 aligncenter wp-image-37077 size-full\" src=\"https:\/\/www.hoymercedes.com.ar\/principal\/wp-content\/uploads\/2014\/10\/obrateatro-sebastianveron.jpg\" alt=\"obrateatro-sebastianveron\" width=\"620\" height=\"348\" \/><\/a><\/p>\n<p><em><strong>La Coordinaci\u00f3n de Pol\u00edticas Juveniles anuncia el pr\u00f3ximo estreno de una obra de teatro dirigida por Sebasti\u00e1n Ver\u00f3n, responsable m\u00e1ximo del Programa Envi\u00f3n en nuestra ciudad. El t\u00edtulo es \u201cUna familia casi normal\u201d y ser\u00e1 presentada en el Teatro Argentino.<\/strong><\/em><\/p>\n<p>La actividad es parte de las acciones que efect\u00faan desde el Programa Envi\u00f3n, en la Coordinaci\u00f3n de Pol\u00edticas Juveniles dentro de la Secretar\u00eda de Desarrollo Social<\/p>\n<p>Al respecto, el Coordinador Municipal, Agust\u00edn Lasala, sostuvo: \u201cDesde la Municipalidad de Mercedes a trav\u00e9s de la Coordinaci\u00f3n de Pol\u00edticas Juveniles Seguimos trabajando fuertemente, apoyando cada acci\u00f3n que realizan los j\u00f3venes de nuestra ciudad, en este caso desde el Programa Envi\u00f3n el pr\u00f3ximo 12 de Noviembre a las 20.30 horas en el Teatro Argentino los j\u00f3venes protagonizaran el estreno de la obra \u00abUna Familia casi normal\u201d, la misma est\u00e1 dirigida por Sebasti\u00e1n Ver\u00f3n e involucra a j\u00f3venes del Barrio Marchetti y San Martin de Nuestra querida Ciudad. Por lo anteriormente mencionado queremos convocar a toda la ciudadan\u00eda a participar de este gran estren\u00f3 que tiene como grandes Protagonistas a J\u00f3venes Mercedinos.\u201d Coment\u00f3 Agust\u00edn Lasala.<\/p>\n<p>La invitaci\u00f3n es para toda la ciudadan\u00eda para el pr\u00f3ximo 12 de noviembre.<\/p>\n<p>&nbsp;<\/p>\n<p>&nbsp;<\/p>\n","protected":false},"excerpt":{"rendered":"<p>La Coordinaci\u00f3n de Pol\u00edticas Juveniles anuncia el pr\u00f3ximo estreno de una obra de teatro dirigida por Sebasti\u00e1n Ver\u00f3n, responsable m\u00e1ximo &#8230; <a title=\"Presentar\u00e1n obra de teatro con j\u00f3venes del Marchetti y San Mart\u00edn\" class=\"read-more\" href=\"https:\/\/www.hoymercedes.com.ar\/principal\/2014\/10\/22\/presentaran-obra-de-teatro-con-jovenes-del-marchetti-y-san-martin\/\" aria-label=\"Leer m\u00e1s sobre Presentar\u00e1n obra de teatro con j\u00f3venes del Marchetti y San Mart\u00edn\">Leer m\u00e1s<\/a><\/p>\n","protected":false},"author":1,"featured_media":0,"comment_status":"open","ping_status":"open","sticky":false,"template":"","format":"standard","meta":{"_monsterinsights_skip_tracking":false,"_monsterinsights_sitenote_active":false,"_monsterinsights_sitenote_note":"","_monsterinsights_sitenote_category":0,"jetpack_post_was_ever_published":false,"_jetpack_newsletter_access":"","_jetpack_dont_email_post_to_subs":false,"_jetpack_newsletter_tier_id":0,"_jetpack_memberships_contains_paywalled_content":false,"_jetpack_memberships_contains_paid_content":false,"footnotes":"","jetpack_publicize_message":"","jetpack_publicize_feature_enabled":true,"jetpack_social_post_already_shared":false,"jetpack_social_options":{"image_generator_settings":{"template":"highway","default_image_id":0,"font":"","enabled":false},"version":2},"_wpas_customize_per_network":false},"categories":[30],"tags":[2732,4906,4697,763],"class_list":["post-37076","post","type-post","status-publish","format-standard","hentry","category-municipio","tag-agustin-lasala","tag-coordinacion-de-politicas-juveniles-mercedes","tag-sebastian-veron","tag-teatro-mercedes","generate-columns","tablet-grid-50","mobile-grid-100","grid-parent","grid-50"],"jetpack_publicize_connections":[],"jetpack_featured_media_url":"","wps_subtitle":"Coordinaci\u00f3n de Pol\u00edticas Juveniles","jetpack_sharing_enabled":true,"_links":{"self":[{"href":"https:\/\/www.hoymercedes.com.ar\/principal\/wp-json\/wp\/v2\/posts\/37076","targetHints":{"allow":["GET"]}}],"collection":[{"href":"https:\/\/www.hoymercedes.com.ar\/principal\/wp-json\/wp\/v2\/posts"}],"about":[{"href":"https:\/\/www.hoymercedes.com.ar\/principal\/wp-json\/wp\/v2\/types\/post"}],"author":[{"embeddable":true,"href":"https:\/\/www.hoymercedes.com.ar\/principal\/wp-json\/wp\/v2\/users\/1"}],"replies":[{"embeddable":true,"href":"https:\/\/www.hoymercedes.com.ar\/principal\/wp-json\/wp\/v2\/comments?post=37076"}],"version-history":[{"count":0,"href":"https:\/\/www.hoymercedes.com.ar\/principal\/wp-json\/wp\/v2\/posts\/37076\/revisions"}],"wp:attachment":[{"href":"https:\/\/www.hoymercedes.com.ar\/principal\/wp-json\/wp\/v2\/media?parent=37076"}],"wp:term":[{"taxonomy":"category","embeddable":true,"href":"https:\/\/www.hoymercedes.com.ar\/principal\/wp-json\/wp\/v2\/categories?post=37076"},{"taxonomy":"post_tag","embeddable":true,"href":"https:\/\/www.hoymercedes.com.ar\/principal\/wp-json\/wp\/v2\/tags?post=37076"}],"curies":[{"name":"wp","href":"https:\/\/api.w.org\/{rel}","templated":true}]}}