{"id":37079,"date":"2014-10-22T23:05:20","date_gmt":"2014-10-23T02:05:20","guid":{"rendered":"http:\/\/www.hoymercedes.com.ar\/principal\/?p=37079"},"modified":"2014-10-26T03:11:27","modified_gmt":"2014-10-26T06:11:27","slug":"ustarroz-propone-estacionamiento-en-ambas-manos-en-hora-de-ingreso-y-salida-de-escuelas","status":"publish","type":"post","link":"https:\/\/www.hoymercedes.com.ar\/principal\/2014\/10\/22\/ustarroz-propone-estacionamiento-en-ambas-manos-en-hora-de-ingreso-y-salida-de-escuelas\/","title":{"rendered":"Ustarroz propone estacionamiento en ambas manos en hora de ingreso y salida de escuelas"},"content":{"rendered":"<p><a href=\"https:\/\/www.hoymercedes.com.ar\/principal\/wp-content\/uploads\/2014\/10\/ustarroz-juan.jpg\"><img loading=\"lazy\" decoding=\"async\" data-attachment-id=\"37080\" data-permalink=\"https:\/\/www.hoymercedes.com.ar\/principal\/2014\/10\/22\/ustarroz-propone-estacionamiento-en-ambas-manos-en-hora-de-ingreso-y-salida-de-escuelas\/ustarroz-juan-6\/#main\" data-orig-file=\"https:\/\/www.hoymercedes.com.ar\/principal\/wp-content\/uploads\/2014\/10\/ustarroz-juan.jpg\" data-orig-size=\"620,208\" data-comments-opened=\"1\" data-image-meta=\"{&quot;aperture&quot;:&quot;4&quot;,&quot;credit&quot;:&quot;&quot;,&quot;camera&quot;:&quot;COOLPIX L310&quot;,&quot;caption&quot;:&quot;&quot;,&quot;created_timestamp&quot;:&quot;1386794607&quot;,&quot;copyright&quot;:&quot;&quot;,&quot;focal_length&quot;:&quot;12.6&quot;,&quot;iso&quot;:&quot;500&quot;,&quot;shutter_speed&quot;:&quot;0.02&quot;,&quot;title&quot;:&quot;&quot;,&quot;orientation&quot;:&quot;0&quot;}\" data-image-title=\"ustarroz-juan\" data-image-description=\"\" data-image-caption=\"\" data-large-file=\"https:\/\/www.hoymercedes.com.ar\/principal\/wp-content\/uploads\/2014\/10\/ustarroz-juan.jpg\" class=\"Img2014 aligncenter wp-image-37080 size-full\" src=\"https:\/\/www.hoymercedes.com.ar\/principal\/wp-content\/uploads\/2014\/10\/ustarroz-juan.jpg\" alt=\"ustarroz-juan\" width=\"620\" height=\"208\" \/><\/a><\/p>\n<p><em><strong>El presidente del bloque de concejales del Frente Mercedino para la Victoria, Juan Ignacio Ustarroz, presentar\u00e1 un proyecto para permitir el estacionamiento en ambas manos, y durante treinta minutos, en los horarios de ingreso y egreso en las escuelas de la ciudad.<\/strong><\/em><\/p>\n<p>\u201cLo que estamos viendo a partir de la prohibici\u00f3n de estacionar en la mano izquierda, y tambi\u00e9n es lo que nos dicen padres y docentes, es un grave problema en las puertas de las escuelas tanto a la hora de entrada de los alumnos como a la hora de la salida. Por eso pedimos media hora de gracia para que se pueda estacionar en ambas manos durante esos dos momentos cr\u00edticos\u201d, explic\u00f3 Ustarroz entre los argumentos de su propuesta.<\/p>\n<p>El proyecto, que especifica el permiso de parar en ambas manos \u201cdesde 15 minutos antes y hasta 15 minutos despu\u00e9s\u201d de los horarios de ingreso y egreso, se presentar\u00e1 en la sesi\u00f3n que el Honorable Concejo Deliberante llevar\u00e1 a cabo el lunes.<\/p>\n<p>\u201cLa implementaci\u00f3n del sistema de estacionamiento medido por parte del intendente, entre otros perjuicios que nosotros venimos advirtiendo, redujo de manera dr\u00e1stica la cantidad de lugares para estacionar. Esto, a la hora de entrar y salir de las escuelas, en la que adem\u00e1s ha crecido la cantidad de alumnos durante los \u00faltimos tiempos, se hace evidente y provoca un caos vehicular muy importante, por eso nosotros vamos a presentar este proyecto\u201d, explic\u00f3 el principal referente del Frente Mercedino.<\/p>\n<p>El permiso ser\u00eda para autos particulares, taxis y remises, porque Ustarroz record\u00f3 \u201clas falencias que arrastra desde hace a\u00f1os el transporte p\u00fablico\u201d en nuestra ciudad.<\/p>\n<p>\u201cEsta medida aliviar\u00eda tambi\u00e9n la tarea de los agentes de tr\u00e1nsito, porque son pocos y adem\u00e1s, a partir del estacionamiento medido, est\u00e1n ocupados en las multas. El Departamento Ejecutivo, en el expediente N\u00b0 374\/14, ha manifestado que \u2018los Inspectores de Tr\u00e1nsito\u2026 al ingreso y salidas de los distintos establecimientos educacionales de la ciudad\u2026 siendo imposible cubrir la totalidad de los mismos\u2019\u201d, agreg\u00f3.<\/p>\n<p>Para el presidente del bloque de concejales del FMpV, \u201cjustamente las multas tampoco parecen ser, en este caso, la herramienta para resolver la problem\u00e1tica, porque los chicos tienen que ir a la escuela todos los d\u00edas y alguien tiene que llevarlos y retirarlos\u201d.<\/p>\n<p>\u201cNosotros estamos de acuerdo con la necesidad de ordenar el tr\u00e1nsito pero seguimos viendo que la modalidad aplicada no se sostiene en un estudio preciso, en un an\u00e1lisis detallado de la situaci\u00f3n. Pero a\u00fan en este marco vamos a seguir proponiendo los cambios que nos parezcan adecuados para resolverles los problemas a los vecinos\u201d, dijo Ustarroz.<\/p>\n<p>Los art\u00edculos el proyecto de ordenanza establecen, entonces, lo siguiente:<\/p>\n<p>ART\u00cdCULO 1\u00ba.- Se dispone, durante los quince (15) minutos anteriores y los quince (15) minutos posteriores al horario de ingreso de las diversas instituciones educativas de la Ciudad (tanto p\u00fablicas como privadas), la autorizaci\u00f3n a estacionar en ambas manos, a todo veh\u00edculo particular o de transporte de pasajeros (taxis y remises).<\/p>\n<p>ART\u00cdCULO 2\u00ba.- Se dispone, durante los quince (15) minutos anteriores y los quince (15) minutos posteriores al horario de egreso de las diversas instituciones educativas de la Ciudad, la autorizaci\u00f3n a estacionar en ambas manos, a todo veh\u00edculo particular o de transporte de pasajeros (taxis y remises).<\/p>\n<p>ART\u00cdCULO 3\u00ba.- Se dispone la colocaci\u00f3n de carteler\u00eda informativa, detallando lo establecido en los art\u00edculos 1\u00ba y 2\u00ba, dentro de un radio de 200 metros de cada instituci\u00f3n educativa de la Ciudad de Mercedes.<\/p>\n<p>&nbsp;<\/p>\n<p>&nbsp;<\/p>\n","protected":false},"excerpt":{"rendered":"<p>El presidente del bloque de concejales del Frente Mercedino para la Victoria, Juan Ignacio Ustarroz, presentar\u00e1 un proyecto para permitir &#8230; <a title=\"Ustarroz propone estacionamiento en ambas manos en hora de ingreso y salida de escuelas\" class=\"read-more\" href=\"https:\/\/www.hoymercedes.com.ar\/principal\/2014\/10\/22\/ustarroz-propone-estacionamiento-en-ambas-manos-en-hora-de-ingreso-y-salida-de-escuelas\/\" aria-label=\"Leer m\u00e1s sobre Ustarroz propone estacionamiento en ambas manos en hora de ingreso y salida de escuelas\">Leer m\u00e1s<\/a><\/p>\n","protected":false},"author":1,"featured_media":0,"comment_status":"open","ping_status":"open","sticky":false,"template":"","format":"standard","meta":{"_monsterinsights_skip_tracking":false,"_monsterinsights_sitenote_active":false,"_monsterinsights_sitenote_note":"","_monsterinsights_sitenote_category":0,"jetpack_post_was_ever_published":false,"_jetpack_newsletter_access":"","_jetpack_dont_email_post_to_subs":false,"_jetpack_newsletter_tier_id":0,"_jetpack_memberships_contains_paywalled_content":false,"_jetpack_memberships_contains_paid_content":false,"footnotes":"","jetpack_publicize_message":"","jetpack_publicize_feature_enabled":true,"jetpack_social_post_already_shared":false,"jetpack_social_options":{"image_generator_settings":{"template":"highway","default_image_id":0,"font":"","enabled":false},"version":2},"_wpas_customize_per_network":false},"categories":[5],"tags":[236,5030,1007,585],"class_list":["post-37079","post","type-post","status-publish","format-standard","hentry","category-politica","tag-concejo-deliberante","tag-estacionamiento-medido","tag-frente-mercedino","tag-juan-ustarroz","generate-columns","tablet-grid-50","mobile-grid-100","grid-parent","grid-50"],"jetpack_publicize_connections":[],"jetpack_featured_media_url":"","wps_subtitle":"Politica, educaci\u00f3n y sociedad","jetpack_sharing_enabled":true,"_links":{"self":[{"href":"https:\/\/www.hoymercedes.com.ar\/principal\/wp-json\/wp\/v2\/posts\/37079","targetHints":{"allow":["GET"]}}],"collection":[{"href":"https:\/\/www.hoymercedes.com.ar\/principal\/wp-json\/wp\/v2\/posts"}],"about":[{"href":"https:\/\/www.hoymercedes.com.ar\/principal\/wp-json\/wp\/v2\/types\/post"}],"author":[{"embeddable":true,"href":"https:\/\/www.hoymercedes.com.ar\/principal\/wp-json\/wp\/v2\/users\/1"}],"replies":[{"embeddable":true,"href":"https:\/\/www.hoymercedes.com.ar\/principal\/wp-json\/wp\/v2\/comments?post=37079"}],"version-history":[{"count":0,"href":"https:\/\/www.hoymercedes.com.ar\/principal\/wp-json\/wp\/v2\/posts\/37079\/revisions"}],"wp:attachment":[{"href":"https:\/\/www.hoymercedes.com.ar\/principal\/wp-json\/wp\/v2\/media?parent=37079"}],"wp:term":[{"taxonomy":"category","embeddable":true,"href":"https:\/\/www.hoymercedes.com.ar\/principal\/wp-json\/wp\/v2\/categories?post=37079"},{"taxonomy":"post_tag","embeddable":true,"href":"https:\/\/www.hoymercedes.com.ar\/principal\/wp-json\/wp\/v2\/tags?post=37079"}],"curies":[{"name":"wp","href":"https:\/\/api.w.org\/{rel}","templated":true}]}}