{"id":37084,"date":"2014-10-23T09:37:59","date_gmt":"2014-10-23T12:37:59","guid":{"rendered":"http:\/\/www.hoymercedes.com.ar\/principal\/?p=37084"},"modified":"2014-10-23T09:38:54","modified_gmt":"2014-10-23T12:38:54","slug":"se-concreto-paro-y-movilizacion-de-ate-y-cta","status":"publish","type":"post","link":"https:\/\/www.hoymercedes.com.ar\/principal\/2014\/10\/23\/se-concreto-paro-y-movilizacion-de-ate-y-cta\/","title":{"rendered":"Se concret\u00f3 paro y movilizaci\u00f3n de ATE y CTA"},"content":{"rendered":"<p><a href=\"https:\/\/www.hoymercedes.com.ar\/principal\/wp-content\/uploads\/2014\/10\/ATE.png\"><img loading=\"lazy\" decoding=\"async\" data-attachment-id=\"37085\" data-permalink=\"https:\/\/www.hoymercedes.com.ar\/principal\/2014\/10\/23\/se-concreto-paro-y-movilizacion-de-ate-y-cta\/ate-5\/#main\" data-orig-file=\"https:\/\/www.hoymercedes.com.ar\/principal\/wp-content\/uploads\/2014\/10\/ATE.png\" data-orig-size=\"620,273\" data-comments-opened=\"1\" data-image-meta=\"{&quot;aperture&quot;:&quot;0&quot;,&quot;credit&quot;:&quot;&quot;,&quot;camera&quot;:&quot;&quot;,&quot;caption&quot;:&quot;&quot;,&quot;created_timestamp&quot;:&quot;0&quot;,&quot;copyright&quot;:&quot;&quot;,&quot;focal_length&quot;:&quot;0&quot;,&quot;iso&quot;:&quot;0&quot;,&quot;shutter_speed&quot;:&quot;0&quot;,&quot;title&quot;:&quot;&quot;,&quot;orientation&quot;:&quot;0&quot;}\" data-image-title=\"ATE\" data-image-description=\"\" data-image-caption=\"\" data-large-file=\"https:\/\/www.hoymercedes.com.ar\/principal\/wp-content\/uploads\/2014\/10\/ATE.png\" class=\"Img2014 aligncenter wp-image-37085 size-full\" src=\"https:\/\/www.hoymercedes.com.ar\/principal\/wp-content\/uploads\/2014\/10\/ATE.png\" alt=\"ATE\" width=\"620\" height=\"273\" \/><\/a><\/p>\n<p><em><strong>Este jueves 23 se concret\u00f3 un paro y movilizaci\u00f3n de ATE y CTA en t\u00e9rminos provinciales con el objetivo de visibilizar los distintos problemas en t\u00e9rminos laborales e institucionales que se viven, tanto para los trabajadores como para los bonaerense que requieren alguna acci\u00f3n de Estado.<\/strong><\/em><\/p>\n<p>La medida es una m\u00e1s dentro de las varias que vienen realizando en el a\u00f1o.<\/p>\n<p>Desde el gremio informaron:<\/p>\n<p>Dicha medida, tiene como fin reclamar:<\/p>\n<ul>\n<li><strong>Por un presupuesto sin ajuste para el pueblo bonaerense<\/strong>.<\/li>\n<li>Acuerdos paritarios incumplidos<\/li>\n<li>Reapertura de paritarias.<\/li>\n<li>Aumento salarial.<\/li>\n<li>Rechazo del r\u00e9gimen de 48 hs. para auxiliares (resoluci\u00f3n de la DGCyE 1094\/14).<\/li>\n<li>Que las bonificaciones que otorgo el Gobierno como aumento salarial a principios de este a\u00f1o y la bonificaci\u00f3n especial para auxiliares en negro, pasen al b\u00e1sico.<\/li>\n<li>Estabilidad laboral (pase a planta y que los cargos figuren en el presupuesto 2015; prohibici\u00f3n y suspensi\u00f3n de despidos por un a\u00f1o)<\/li>\n<li>Recategorizaci\u00f3n para todos los Trabajadores del Estado.<\/li>\n<li>Derogaci\u00f3n del decreto 03-12 sobre congelamiento de vacantes.<\/li>\n<li>Nombramiento de personal.<\/li>\n<li>Mejores prestaciones en nuestra obra social IOMA.<\/li>\n<li>Dem\u00e1s reclamos hist\u00f3ricos que se vienen reclamando en cada una de las medidas de fuerza realizada por nuestra Organizaci\u00f3n.<\/li>\n<li>Derogaci\u00f3n de la ley 11.757, convenio colectivo de trabajo y paritaria para los Municipales.<\/li>\n<\/ul>\n<p>&nbsp;<\/p>\n<p>Desde ATE \u2013CTA Mercedes parti\u00f3 una delegaci\u00f3n de compa\u00f1eros hacia la ciudad de la Plata,<\/p>\n<p>Y convocan a una asamblea en la seccional a partir de las 10:30 Hs.<\/p>\n","protected":false},"excerpt":{"rendered":"<p>Este jueves 23 se concret\u00f3 un paro y movilizaci\u00f3n de ATE y CTA en t\u00e9rminos provinciales con el objetivo de &#8230; <a title=\"Se concret\u00f3 paro y movilizaci\u00f3n de ATE y CTA\" class=\"read-more\" href=\"https:\/\/www.hoymercedes.com.ar\/principal\/2014\/10\/23\/se-concreto-paro-y-movilizacion-de-ate-y-cta\/\" aria-label=\"Leer m\u00e1s sobre Se concret\u00f3 paro y movilizaci\u00f3n de ATE y CTA\">Leer m\u00e1s<\/a><\/p>\n","protected":false},"author":1,"featured_media":0,"comment_status":"open","ping_status":"open","sticky":false,"template":"","format":"standard","meta":{"_monsterinsights_skip_tracking":false,"_monsterinsights_sitenote_active":false,"_monsterinsights_sitenote_note":"","_monsterinsights_sitenote_category":0,"jetpack_post_was_ever_published":false,"_jetpack_newsletter_access":"","_jetpack_dont_email_post_to_subs":false,"_jetpack_newsletter_tier_id":0,"_jetpack_memberships_contains_paywalled_content":false,"_jetpack_memberships_contains_paid_content":false,"footnotes":"","jetpack_publicize_message":"","jetpack_publicize_feature_enabled":true,"jetpack_social_post_already_shared":false,"jetpack_social_options":{"image_generator_settings":{"template":"highway","default_image_id":0,"font":"","enabled":false},"version":2},"_wpas_customize_per_network":false},"categories":[8],"tags":[418,308,1217,5333,524],"class_list":["post-37084","post","type-post","status-publish","format-standard","hentry","category-sociedad","tag-ate","tag-ate-mercedes","tag-cta-mercedes","tag-fernando-bojorge","tag-paro","generate-columns","tablet-grid-50","mobile-grid-100","grid-parent","grid-50"],"jetpack_publicize_connections":[],"jetpack_featured_media_url":"","wps_subtitle":"Salario y condiciones dignas ","jetpack_sharing_enabled":true,"_links":{"self":[{"href":"https:\/\/www.hoymercedes.com.ar\/principal\/wp-json\/wp\/v2\/posts\/37084","targetHints":{"allow":["GET"]}}],"collection":[{"href":"https:\/\/www.hoymercedes.com.ar\/principal\/wp-json\/wp\/v2\/posts"}],"about":[{"href":"https:\/\/www.hoymercedes.com.ar\/principal\/wp-json\/wp\/v2\/types\/post"}],"author":[{"embeddable":true,"href":"https:\/\/www.hoymercedes.com.ar\/principal\/wp-json\/wp\/v2\/users\/1"}],"replies":[{"embeddable":true,"href":"https:\/\/www.hoymercedes.com.ar\/principal\/wp-json\/wp\/v2\/comments?post=37084"}],"version-history":[{"count":0,"href":"https:\/\/www.hoymercedes.com.ar\/principal\/wp-json\/wp\/v2\/posts\/37084\/revisions"}],"wp:attachment":[{"href":"https:\/\/www.hoymercedes.com.ar\/principal\/wp-json\/wp\/v2\/media?parent=37084"}],"wp:term":[{"taxonomy":"category","embeddable":true,"href":"https:\/\/www.hoymercedes.com.ar\/principal\/wp-json\/wp\/v2\/categories?post=37084"},{"taxonomy":"post_tag","embeddable":true,"href":"https:\/\/www.hoymercedes.com.ar\/principal\/wp-json\/wp\/v2\/tags?post=37084"}],"curies":[{"name":"wp","href":"https:\/\/api.w.org\/{rel}","templated":true}]}}