{"id":37088,"date":"2014-10-23T12:39:38","date_gmt":"2014-10-23T15:39:38","guid":{"rendered":"http:\/\/www.hoymercedes.com.ar\/principal\/?p=37088"},"modified":"2014-10-23T12:40:43","modified_gmt":"2014-10-23T15:40:43","slug":"cestari-cree-que-el-presupuesto-participativo-permitiria-gobernar-con-la-gente","status":"publish","type":"post","link":"https:\/\/www.hoymercedes.com.ar\/principal\/2014\/10\/23\/cestari-cree-que-el-presupuesto-participativo-permitiria-gobernar-con-la-gente\/","title":{"rendered":"Cestari cree que el presupuesto participativo permitir\u00eda gobernar con la gente"},"content":{"rendered":"<p><a href=\"https:\/\/www.hoymercedes.com.ar\/principal\/wp-content\/uploads\/2014\/10\/cestari-badano.jpg\"><img loading=\"lazy\" decoding=\"async\" data-attachment-id=\"37089\" data-permalink=\"https:\/\/www.hoymercedes.com.ar\/principal\/2014\/10\/23\/cestari-cree-que-el-presupuesto-participativo-permitiria-gobernar-con-la-gente\/cestari-badano-5\/#main\" data-orig-file=\"https:\/\/www.hoymercedes.com.ar\/principal\/wp-content\/uploads\/2014\/10\/cestari-badano.jpg\" data-orig-size=\"620,399\" data-comments-opened=\"1\" data-image-meta=\"{&quot;aperture&quot;:&quot;0&quot;,&quot;credit&quot;:&quot;&quot;,&quot;camera&quot;:&quot;&quot;,&quot;caption&quot;:&quot;&quot;,&quot;created_timestamp&quot;:&quot;0&quot;,&quot;copyright&quot;:&quot;&quot;,&quot;focal_length&quot;:&quot;0&quot;,&quot;iso&quot;:&quot;0&quot;,&quot;shutter_speed&quot;:&quot;0&quot;,&quot;title&quot;:&quot;&quot;,&quot;orientation&quot;:&quot;0&quot;}\" data-image-title=\"cestari-badano\" data-image-description=\"\" data-image-caption=\"\" data-large-file=\"https:\/\/www.hoymercedes.com.ar\/principal\/wp-content\/uploads\/2014\/10\/cestari-badano.jpg\" class=\"Img2014 aligncenter wp-image-37089 size-full\" src=\"https:\/\/www.hoymercedes.com.ar\/principal\/wp-content\/uploads\/2014\/10\/cestari-badano.jpg\" alt=\"cestari-badano\" width=\"620\" height=\"399\" \/><\/a><\/p>\n<p><em><strong>El MIC present\u00f3, entre otros, un Proyecto de Ordenanza referido al Presupuesto Participativo, que ser\u00e1 tratado en la pr\u00f3xima Sesi\u00f3n Ordinaria del lunes 27 de octubre octubre en el HCD, a partir de las 19 hs. <\/strong><\/em><br \/>\n<em><strong>Ante la necesidad y conveniencia de incluir a la ciudadan\u00eda en los procesos de decisi\u00f3n sobre asignaci\u00f3n de recursos y ejecuci\u00f3n de obras p\u00fablicas.<\/strong><\/em><\/p>\n<p>Considerando que dicha inclusi\u00f3n se realiza a trav\u00e9s del modelo de presupuesto participativo, aplicado en numerosos municipios del pa\u00eds y del exterior, que en el pa\u00eds es aplicado por la Ciudad de Rosario, como as\u00ed tambi\u00e9n por los siguientes municipios del Conurbano Norte: San Mart\u00edn, San Miguel, San Fernando y Mor\u00f3n, entre otros, que en el exterior se est\u00e1 aplicando exitosamente en las ciudades brasile\u00f1as de Porto Alegre y Curitiba desde la d\u00e9cada de 1980, siendo las experiencias recogidas en el \u00e1mbito local igualmente positivas, que conforme a ello los vecinos de cada una de las localidades que integran el Municipio de Mercedes deber\u00edan tener el derecho de elegir en qu\u00e9 se van a aplicar las partidas asignadas a sus barrios, que se deben generar m\u00e1s y mejores espacios en los que la participaci\u00f3n de todos aumente y permita que cada vez m\u00e1s vecinos sean parte de la gesti\u00f3n Municipal, que se debe intentar que el compromiso de todos los actores involucrados se traduzca en las tareas de todos los d\u00edas, que la transparencia es un valor que se verifica si se lo practica, que esta propuesta consiste en el mejoramiento de destrezas, saberes, estrategias y formas de gesti\u00f3n dentro de organismos y organizaciones, que se aspira a mejorar los procesos de gesti\u00f3n involucrados en la descentralizaci\u00f3n y aprovechar la misma para mejorar el conjunto mediante el fortalecimiento de la participaci\u00f3n, que la participaci\u00f3n ciudadana y comunitaria es un conjunto de acciones tendientes a aumentar el acceso a decisiones, recursos o beneficios por parte de los ciudadanos y va unida al concepto de empoderamiento y control, que el objetivo del Presupuesto Participativo es lograr que el vecino deje de ser un mero peticionante para convertirse en un ciudadano que diagnostica, decide las prioridades y organiza la resoluci\u00f3n del problema con el concurso de las autoridades electas, y que atento a las consideraciones que anteceden y con el fin de permitir al vecino emitir opini\u00f3n y participar en la asignaci\u00f3n de recursos y ejecuci\u00f3n de inversiones y obras p\u00fablicas en el barrio que corresponde a su domicilio.<\/p>\n<p>El Concejal Jos\u00e9 Cestari, cree que el Presupuesto Paricipativo, aplicado en etapas permitir\u00eda gobernar con la gente.<\/p>\n<p>ORDENANZA.<\/p>\n<p>Art\u00edculo 1\u00ba.- Establ\u00e9zcase que a partir del Presupuesto Municipal correspondiente al a\u00f1o 2015, una parte del mismo se confeccionar\u00e1 de acuerdo a la modalidad conocida como \u00abPresupuesto Participativo\u201d, cuyo proceso se establece en la presente Ordenanza.<\/p>\n<p>Art\u00edculo 2\u00ba.- El Departamento Ejecutivo determinar\u00e1 por Decreto el porcentaje del Presupuesto Municipal afectado a la modalidad indicada en el art\u00edculo precedente, antes del 31 de mayo de cada a\u00f1o. El mencionado porcentaje no podr\u00e1 ser inferior al 5% del total del presupuesto municipal durante los primeros dos a\u00f1os de vigencia de esta ordenanza, es decir los ejercicios 2015 y 2016. Desde el ejercicio 2017 en adelante el porcentaje no podr\u00e1 ser inferior al 10% del total del presupuesto municipal y desde el ejercicio 2019 en adelante el porcentaje no podr\u00e1 ser inferior al 15% del total del presupuesto municipal.<\/p>\n<p>Art\u00edculo 3\u00ba.- El Departamento Ejecutivo crear\u00e1 un Foro de Organizaci\u00f3n y Seguimiento del Presupuesto Participativo integrado en partes iguales por miembros del Departamento Ejecutivo, del Honorable Concejo Deliberante y de las Organizaciones Intermedias Locales que cuenten con la correspondiente Personer\u00eda Jur\u00eddica, con una antig\u00fcedad de 5 a\u00f1os desde su constituci\u00f3n.<\/p>\n<p>Art\u00edculo 4\u00ba.- El Foro de Organizaci\u00f3n y Seguimiento del Presupuesto Participativo contar\u00e1 con una Secretar\u00eda Ejecutiva designada por el Departamento Ejecutivo que tendr\u00e1 funciones organizativas y de asistencia t\u00e9cnica y establecer\u00e1 el cronograma de reuniones barriales que se deber\u00e1n realizar entre Abril y Agosto de cada a\u00f1o.<\/p>\n<p>Art\u00edculo 5\u00ba.- Cr\u00e9anse los Foros Barriales que ser\u00e1n los encargados de promover los procesos de debate del Presupuesto Participativo en todas las localidades del Partido de Mercedes.<\/p>\n<p>Art\u00edculo 6\u00ba.- Podr\u00e1n inscribirse y participar en los Foros Barriales los vecinos que acrediten domicilio real en jurisdicci\u00f3n del Barrio cuyo Foro deseen integrar, mediante documento nacional de identidad, factura de servicio p\u00fablico actualizada; y los miembros de las Entidades y Organizaciones Sociales Locales, en tanto comprueben que la entidad posee domicilio legal en el distrito.<\/p>\n<p>En el caso de las Organizaciones de Segundo Grado (Redes, Federaciones, ONG), podr\u00e1n participar aquellas que comprueben ante el Foro de Organizaci\u00f3n y Seguimiento del Presupuesto Participativo el desarrollo de sus trabajos en el escenario barrial y\/o distrital.<\/p>\n<p>Art\u00edculo 7\u00ba.- La Secretar\u00eda Ejecutiva del Foro de Organizaci\u00f3n y Seguimiento del Presupuesto Participativo ser\u00e1 la responsable de recibir las solicitudes de inscripci\u00f3n, chequear los domicilios mediante la documentaci\u00f3n presentada, verificar la representaci\u00f3n legal de las entidades y de otorgar los \u00abComprobantes de Inscripci\u00f3n\u201d, los que constituir\u00e1n la \u00fanica documentaci\u00f3n que habilitar\u00e1 a los inscriptos a ingresar los d\u00edas de reuni\u00f3n a las Sedes de las mismas.<\/p>\n<p>Art\u00edculo 8\u00ba.- La Secretar\u00eda Ejecutiva dispondr\u00e1 la efectiva difusi\u00f3n del Cronograma de reuniones de cada Foro Barrial con los siguientes datos:<\/p>\n<p>a-Identificaci\u00f3n del Foro (barrio o localidad correspondiente)<\/p>\n<p>b- Lugar de reuni\u00f3n.<\/p>\n<p>c- Fecha y hora de realizaci\u00f3n.<\/p>\n<p>Art\u00edculo 9\u00ba.- Los n\u00facleos tem\u00e1ticos de presentaci\u00f3n de propuestas y proyectos ser\u00e1n los siguientes: Infraestructura, Servicios, Salud, Educaci\u00f3n, Seguridad, Deporte y Cultura, y Urbanismo.<\/p>\n<p>Art\u00edculo 10\u00ba.- Las propuestas y\/o proyectos definitivos elaborados en cada uno de los Foros Barriales por parte de vecinos, entidades intermedias, funcionarios gubernamentales y concejales ser\u00e1n debidamente registrados en un Acta suscripta por los participantes del Foro respectivo y por la Secretar\u00eda Ejecutiva del Foro de Organizaci\u00f3n y Seguimiento del Presupuesto Participativo, de la que se entregar\u00e1 copia a los participantes que lo soliciten.<\/p>\n<p>Art\u00edculo 11\u00ba.- Una vez finalizados los encuentros de los Foros Barriales de conformidad con el cronograma de encuentros, el Foro de Organizaci\u00f3n y Seguimiento del Presupuesto Participativo recibir\u00e1 las propuestas y proyectos de los Foros Barriales, los evaluar\u00e1 t\u00e9cnica y financieramente y fijar\u00e1 prioridades para propiciar la justa y equitativa distribuci\u00f3n de infraestructura y servicios en el territorio municipal.<\/p>\n<p>Art\u00edculo 12\u00ba.- El Foro de Organizaci\u00f3n y Seguimiento del Presupuesto Participativo entregar\u00e1 al Departamento Ejecutivo la propuesta de Presupuesto Participativo correspondiente a cada a\u00f1o antes del d\u00eda 30 de septiembre del a\u00f1o inmediato anterior, y \u00e9ste lo elevar\u00e1 integrado como parte del Presupuesto Municipal Anual en el plazo establecido en el art\u00edculo 109 de la Ley Org\u00e1nica de las Municipalidades.<\/p>\n<p>El Departamento Ejecutivo deber\u00e1 entregar al Foro de Organizaci\u00f3n y Seguimiento del Presupuesto Participativo, como recibida una copia sellada y firmada por el Se\u00f1or Secretario de Gobierno.<\/p>\n<p>Art\u00edculo 13\u00ba.- De acuerdo a la experiencia de discusi\u00f3n en los Foros Barriales y a las sugerencias surgidas en el debate, el Foro de Organizaci\u00f3n y Seguimiento del Presupuesto Participativo podr\u00e1 proponer anualmente las modificaciones a la reglamentaci\u00f3n de esta Ordenanza que mejor aseguren el cumplimiento de los objetivos propuestos.<\/p>\n<p>&nbsp;<\/p>\n<p>&nbsp;<\/p>\n","protected":false},"excerpt":{"rendered":"<p>El MIC present\u00f3, entre otros, un Proyecto de Ordenanza referido al Presupuesto Participativo, que ser\u00e1 tratado en la pr\u00f3xima Sesi\u00f3n &#8230; <a title=\"Cestari cree que el presupuesto participativo permitir\u00eda gobernar con la gente\" class=\"read-more\" href=\"https:\/\/www.hoymercedes.com.ar\/principal\/2014\/10\/23\/cestari-cree-que-el-presupuesto-participativo-permitiria-gobernar-con-la-gente\/\" aria-label=\"Leer m\u00e1s sobre Cestari cree que el presupuesto participativo permitir\u00eda gobernar con la gente\">Leer m\u00e1s<\/a><\/p>\n","protected":false},"author":1,"featured_media":0,"comment_status":"open","ping_status":"open","sticky":false,"template":"","format":"standard","meta":{"_monsterinsights_skip_tracking":false,"_monsterinsights_sitenote_active":false,"_monsterinsights_sitenote_note":"","_monsterinsights_sitenote_category":0,"jetpack_post_was_ever_published":false,"_jetpack_newsletter_access":"","_jetpack_dont_email_post_to_subs":false,"_jetpack_newsletter_tier_id":0,"_jetpack_memberships_contains_paywalled_content":false,"_jetpack_memberships_contains_paid_content":false,"footnotes":"","jetpack_publicize_message":"","jetpack_publicize_feature_enabled":true,"jetpack_social_post_already_shared":false,"jetpack_social_options":{"image_generator_settings":{"template":"highway","default_image_id":0,"font":"","enabled":false},"version":2},"_wpas_customize_per_network":false},"categories":[5],"tags":[321,5073],"class_list":["post-37088","post","type-post","status-publish","format-standard","hentry","category-politica","tag-jose-cestari","tag-jose-cestari-mercedes","generate-columns","tablet-grid-50","mobile-grid-100","grid-parent","grid-50"],"jetpack_publicize_connections":[],"jetpack_featured_media_url":"","wps_subtitle":"Pol\u00edtica mercedina ","jetpack_sharing_enabled":true,"_links":{"self":[{"href":"https:\/\/www.hoymercedes.com.ar\/principal\/wp-json\/wp\/v2\/posts\/37088","targetHints":{"allow":["GET"]}}],"collection":[{"href":"https:\/\/www.hoymercedes.com.ar\/principal\/wp-json\/wp\/v2\/posts"}],"about":[{"href":"https:\/\/www.hoymercedes.com.ar\/principal\/wp-json\/wp\/v2\/types\/post"}],"author":[{"embeddable":true,"href":"https:\/\/www.hoymercedes.com.ar\/principal\/wp-json\/wp\/v2\/users\/1"}],"replies":[{"embeddable":true,"href":"https:\/\/www.hoymercedes.com.ar\/principal\/wp-json\/wp\/v2\/comments?post=37088"}],"version-history":[{"count":0,"href":"https:\/\/www.hoymercedes.com.ar\/principal\/wp-json\/wp\/v2\/posts\/37088\/revisions"}],"wp:attachment":[{"href":"https:\/\/www.hoymercedes.com.ar\/principal\/wp-json\/wp\/v2\/media?parent=37088"}],"wp:term":[{"taxonomy":"category","embeddable":true,"href":"https:\/\/www.hoymercedes.com.ar\/principal\/wp-json\/wp\/v2\/categories?post=37088"},{"taxonomy":"post_tag","embeddable":true,"href":"https:\/\/www.hoymercedes.com.ar\/principal\/wp-json\/wp\/v2\/tags?post=37088"}],"curies":[{"name":"wp","href":"https:\/\/api.w.org\/{rel}","templated":true}]}}