{"id":37108,"date":"2014-10-23T22:31:01","date_gmt":"2014-10-24T01:31:01","guid":{"rendered":"http:\/\/www.hoymercedes.com.ar\/principal\/?p=37108"},"modified":"2014-10-23T22:32:53","modified_gmt":"2014-10-24T01:32:53","slug":"ustarroz-insta-al-conicet-y-uba-a-investigar-problematica-del-rio-lujan","status":"publish","type":"post","link":"https:\/\/www.hoymercedes.com.ar\/principal\/2014\/10\/23\/ustarroz-insta-al-conicet-y-uba-a-investigar-problematica-del-rio-lujan\/","title":{"rendered":"Ustarroz insta al Conicet y UBA a investigar problem\u00e1tica del R\u00edo Luj\u00e1n"},"content":{"rendered":"<p><a href=\"https:\/\/www.hoymercedes.com.ar\/principal\/wp-content\/uploads\/2014\/10\/ustarroz-conicet.jpg\"><img loading=\"lazy\" decoding=\"async\" data-attachment-id=\"37109\" data-permalink=\"https:\/\/www.hoymercedes.com.ar\/principal\/2014\/10\/23\/ustarroz-insta-al-conicet-y-uba-a-investigar-problematica-del-rio-lujan\/ustarroz-conicet\/#main\" data-orig-file=\"https:\/\/www.hoymercedes.com.ar\/principal\/wp-content\/uploads\/2014\/10\/ustarroz-conicet.jpg\" data-orig-size=\"620,348\" data-comments-opened=\"1\" data-image-meta=\"{&quot;aperture&quot;:&quot;0&quot;,&quot;credit&quot;:&quot;&quot;,&quot;camera&quot;:&quot;&quot;,&quot;caption&quot;:&quot;&quot;,&quot;created_timestamp&quot;:&quot;0&quot;,&quot;copyright&quot;:&quot;&quot;,&quot;focal_length&quot;:&quot;0&quot;,&quot;iso&quot;:&quot;0&quot;,&quot;shutter_speed&quot;:&quot;0&quot;,&quot;title&quot;:&quot;&quot;,&quot;orientation&quot;:&quot;0&quot;}\" data-image-title=\"ustarroz-conicet\" data-image-description=\"\" data-image-caption=\"\" data-large-file=\"https:\/\/www.hoymercedes.com.ar\/principal\/wp-content\/uploads\/2014\/10\/ustarroz-conicet.jpg\" class=\"aligncenter size-full wp-image-37109\" src=\"https:\/\/www.hoymercedes.com.ar\/principal\/wp-content\/uploads\/2014\/10\/ustarroz-conicet.jpg\" alt=\"ustarroz-conicet\" width=\"620\" height=\"348\" \/><\/a><\/p>\n<p><em><strong>El presidente del bloque de concejales del Frente Mercedino para la Victoria, Juan Ignacio Ustarroz, sum\u00f3 el compromiso del Consejo Nacional de Investigaciones Cient\u00edficas y T\u00e9cnicas (CONICET) y la Universidad de Buenos Aires (UBA) para aportar sus equipos t\u00e9cnicos en las l\u00edneas de investigaci\u00f3n para resolver el problema del r\u00edo Luj\u00e1n, cuyo desborde provoc\u00f3 cuatro inundaciones en la ciudad solamente en lo que va de este a\u00f1o.<\/strong><\/em><\/p>\n<p>&nbsp;<\/p>\n<p>\u201cA todas las l\u00edneas que ya estamos trabajando, como el proyecto de crear un Comit\u00e9 de Cuenca elaborado por el diputado provincial Alberto Espa\u00f1a o los alumnos de la propia UBA que vienen a hacer un \u2018Master\u2019 en Ingenier\u00eda Urbana en nuestra zona ribere\u00f1a, pudimos sumar este importante aporte del CONICET y la universidad, cuyos equipos t\u00e9cnicos trabajan en conjunto en distintas especialidades\u201d, asegur\u00f3 Juani Ustarroz.<\/p>\n<p>&nbsp;<\/p>\n<p>La posibilidad de este aporte se gest\u00f3 en un encuentro que el presidente del bloque del Frente Mercedino mantuvo d\u00edas atr\u00e1s con el presidente del CONICET, Roberto Salvarezza.<\/p>\n<p>&nbsp;<\/p>\n<p>Durante la charla mantenida en Buenos Aires con el doctor Salvarezza, Ustarroz expres\u00f3 su inter\u00e9s para que el Consejo Nacional, como principal organismo del pa\u00eds dedicado a la ciencia y la tecnolog\u00eda, pueda poner a disposici\u00f3n de la ciudad de Mercedes y la regi\u00f3n toda la colaboraci\u00f3n y los instrumentos con los que cuenta.<\/p>\n<p>&nbsp;<\/p>\n<p>\u201cEl inter\u00e9s est\u00e1 en poder resolver y dar soluci\u00f3n a temas que actualmente son parte de la agenda de tratamiento del legislativo municipal\u201d, dijo Juani. \u201cEntre ellos, es evidente que una de las prioridades est\u00e1 relacionada con la necesidad de resolver la situaci\u00f3n del r\u00edo Luj\u00e1n, porque hay much\u00edsimos vecinos que pierden todo en las inundaciones\u201d.<\/p>\n<p>&nbsp;<\/p>\n<p>Para ello, Salvarezza destac\u00f3 que \u201cel CONICET puede poner a disposici\u00f3n l\u00edneas de investigaci\u00f3n que est\u00e1n orientados a resolver problemas concretos de la ciudad y la regi\u00f3n, tal cual se hizo junto a la Universidad Nacional de La Plata mes despu\u00e9s de la cat\u00e1strofe sufrida el 2 de abril de 2013\u201d.<\/p>\n<p>&nbsp;<\/p>\n<p>En ese sentido, seg\u00fan el presidente del organismo, est\u00e1 la plena voluntad de acompa\u00f1ar a los municipios para brindarles asesoramiento y desarrollar una posible l\u00ednea de trabajo en temas ambientales y otras que se definan como prioritarios.<\/p>\n<p>&nbsp;<\/p>\n<p>Salvarezza destac\u00f3 asimismo el lugar de las universidades de la regi\u00f3n en lo que hace a los aportes que tambi\u00e9n pueden brindar junto al CONICET.<\/p>\n<p>&nbsp;<\/p>\n<p>Seg\u00fan Ustarroz, el encuentro permiti\u00f3 \u201cinterpretar necesidades que podr\u00e1n ser trabajadas por investigadores en funci\u00f3n de una demanda local, donde se han detectado varios temas que est\u00e1n en estudio y ser\u00e1n acercados al Consejo en los pr\u00f3ximos d\u00edas\u201d. Se trata seg\u00fan el concejal de una posibilidad inmejorable para la comunidad de Mercedes.<\/p>\n<p>&nbsp;<\/p>\n<p>El presidente del organismo expres\u00f3 la necesidad de \u201ccomprender las problem\u00e1ticas y desaf\u00edos que afronta la localidad en las distintas dimensiones en su proceso de desarrollo\u201d. Frente a situaciones similares a las de Mercedes el CONICET ha iniciado una activa vinculaci\u00f3n con diversos organismos y agentes de gesti\u00f3n p\u00fablica que comparten el inter\u00e9s o tienen la responsabilidad por impulsar soluciones concretas en dichas \u00e1reas.<\/p>\n<p>&nbsp;<\/p>\n<p>\u201cSumar el aporte de instituciones prestigiosas, reconocidas por su capacidad acad\u00e9mica y el desarrollo de sus ideas, siempre es una buena noticia\u201d, concluy\u00f3 Ustarroz.<\/p>\n<p><span style=\"color: #808080;\">Fuente: Frente Mercedino<\/span><\/p>\n<p>&nbsp;<\/p>\n<p>&nbsp;<\/p>\n","protected":false},"excerpt":{"rendered":"<p>El presidente del bloque de concejales del Frente Mercedino para la Victoria, Juan Ignacio Ustarroz, sum\u00f3 el compromiso del Consejo &#8230; <a title=\"Ustarroz insta al Conicet y UBA a investigar problem\u00e1tica del R\u00edo Luj\u00e1n\" class=\"read-more\" href=\"https:\/\/www.hoymercedes.com.ar\/principal\/2014\/10\/23\/ustarroz-insta-al-conicet-y-uba-a-investigar-problematica-del-rio-lujan\/\" aria-label=\"Leer m\u00e1s sobre Ustarroz insta al Conicet y UBA a investigar problem\u00e1tica del R\u00edo Luj\u00e1n\">Leer m\u00e1s<\/a><\/p>\n","protected":false},"author":1,"featured_media":0,"comment_status":"open","ping_status":"open","sticky":false,"template":"","format":"standard","meta":{"_monsterinsights_skip_tracking":false,"_monsterinsights_sitenote_active":false,"_monsterinsights_sitenote_note":"","_monsterinsights_sitenote_category":0,"jetpack_post_was_ever_published":false,"_jetpack_newsletter_access":"","_jetpack_dont_email_post_to_subs":false,"_jetpack_newsletter_tier_id":0,"_jetpack_memberships_contains_paywalled_content":false,"_jetpack_memberships_contains_paid_content":false,"footnotes":"","jetpack_publicize_message":"","jetpack_publicize_feature_enabled":true,"jetpack_social_post_already_shared":false,"jetpack_social_options":{"image_generator_settings":{"template":"highway","default_image_id":0,"font":"","enabled":false},"version":2},"_wpas_customize_per_network":false},"categories":[5],"tags":[6268,402,1206,424],"class_list":["post-37108","post","type-post","status-publish","format-standard","hentry","category-politica","tag-conicet","tag-rio-lujan","tag-uba","tag-ustarroz","generate-columns","tablet-grid-50","mobile-grid-100","grid-parent","grid-50"],"jetpack_publicize_connections":[],"jetpack_featured_media_url":"","wps_subtitle":"Medio ambiente","jetpack_sharing_enabled":true,"_links":{"self":[{"href":"https:\/\/www.hoymercedes.com.ar\/principal\/wp-json\/wp\/v2\/posts\/37108","targetHints":{"allow":["GET"]}}],"collection":[{"href":"https:\/\/www.hoymercedes.com.ar\/principal\/wp-json\/wp\/v2\/posts"}],"about":[{"href":"https:\/\/www.hoymercedes.com.ar\/principal\/wp-json\/wp\/v2\/types\/post"}],"author":[{"embeddable":true,"href":"https:\/\/www.hoymercedes.com.ar\/principal\/wp-json\/wp\/v2\/users\/1"}],"replies":[{"embeddable":true,"href":"https:\/\/www.hoymercedes.com.ar\/principal\/wp-json\/wp\/v2\/comments?post=37108"}],"version-history":[{"count":0,"href":"https:\/\/www.hoymercedes.com.ar\/principal\/wp-json\/wp\/v2\/posts\/37108\/revisions"}],"wp:attachment":[{"href":"https:\/\/www.hoymercedes.com.ar\/principal\/wp-json\/wp\/v2\/media?parent=37108"}],"wp:term":[{"taxonomy":"category","embeddable":true,"href":"https:\/\/www.hoymercedes.com.ar\/principal\/wp-json\/wp\/v2\/categories?post=37108"},{"taxonomy":"post_tag","embeddable":true,"href":"https:\/\/www.hoymercedes.com.ar\/principal\/wp-json\/wp\/v2\/tags?post=37108"}],"curies":[{"name":"wp","href":"https:\/\/api.w.org\/{rel}","templated":true}]}}