{"id":3712,"date":"2011-04-25T02:26:59","date_gmt":"2011-04-25T02:26:59","guid":{"rendered":"http:\/\/www.hoymercedes.com.ar\/principal\/?p=3712"},"modified":"2011-04-25T02:26:59","modified_gmt":"2011-04-25T02:26:59","slug":"la-coalicion-civica-ari-pide-un-nuevo-paso-a-nivel-gowland","status":"publish","type":"post","link":"https:\/\/www.hoymercedes.com.ar\/principal\/2011\/04\/25\/la-coalicion-civica-ari-pide-un-nuevo-paso-a-nivel-gowland\/","title":{"rendered":"La Coalici\u00f3n C\u00edvica Ari pide un nuevo paso a nivel Gowland"},"content":{"rendered":"<p>lLa informaci\u00f2n la proporcion\u00f3 el Concejal Jos\u00e9 Cestari qui\u00e8n sostuvo \u00abque, a partir de reuniones mantenidas con vecinos de la localidad de Gowland se desprende la necesidad de la apertura de un paso a nivel a la altura de la calle 515 entre las calles 506 y 508, apertura de la calle 508 de calle 505 a calle 513 que,  seg\u00fan mapa  catastral municipal, ya deber\u00eda estar abierta a la circulaci\u00f3n, as\u00ed como tambi\u00e9n  abrir  la calle 513 desde  calle 508 para poder salir a calle 516 y as\u00ed lograr una mayor integraci\u00f3n entre los vecinos y las localidades de Gowland y Agote.<\/p>\n<p>Que, la apertura solicitada del paso a nivel se realizar\u00eda a fin de ordenar  y  legitimar algo que en la pr\u00e1ctica se viene realizando que es el uso por parte de los vecinos de ese paso no autorizado, por una cuesti\u00f3n de comodidad y practicidad.<\/p>\n<p>Que, no puede ser un impedimento al progreso de la comunidad  poniendo como  pretexto que la reglamentaci\u00f3n no permite abrir nuevos pasos a nivel sin las correspondientes barreras, ya que desde la ciudad de Lujan a Mercedes las primeras barreras las encontramos en el cruce de la ex ruta 41 dentro del distrito de Mercedes y de ser  ese el  impedimento, que coloquen las barreras que sean necesarias\u00bb<\/p>\n<p>&nbsp;<\/p>\n<p>Por lo manifestado se decidi\u00f3 presentar un Proyecto de Resoluci\u00f3n que fue redactado0 de la siguiente manera:<\/p>\n<p>Art. 1\u00b0: El HCD se dirige al de DE para que a trav\u00e9s del \u00e1rea que corresponda tramite:<\/p>\n<p>a)       apertura de un paso a nivel a la altura de la calle 513 entre las calles 506 y 508 sobre las v\u00edas del FFCC Domingo F. Sarmiento.<\/p>\n<p>b)       apertura de la calle 508 de calle 505 a calle 513 que deber\u00eda estar abierta a la circulaci\u00f3n (seg\u00fan mapa  catastral municipal).<\/p>\n<p>c): apertura de la calle 513 de calle 508 paso a nivel sobre las v\u00edas del FFCC Gral. Jos\u00e9 de San Martin para poder salir a calle 516<\/p>\n<p>Art. 2\u00b0: Los vistos y considerando forman parte de la presente.<\/p>\n<p>Art. 3\u00b0: Se adjuntan fotos y planos.<\/p>\n<p><span style=\"color: #888888;\">Fuente: CC-ARI<\/span><\/p>\n","protected":false},"excerpt":{"rendered":"<p>lLa informaci\u00f2n la proporcion\u00f3 el Concejal Jos\u00e9 Cestari qui\u00e8n sostuvo \u00abque, a partir de reuniones mantenidas con vecinos de la &#8230; <a title=\"La Coalici\u00f3n C\u00edvica Ari pide un nuevo paso a nivel Gowland\" class=\"read-more\" href=\"https:\/\/www.hoymercedes.com.ar\/principal\/2011\/04\/25\/la-coalicion-civica-ari-pide-un-nuevo-paso-a-nivel-gowland\/\" aria-label=\"Leer m\u00e1s sobre La Coalici\u00f3n C\u00edvica Ari pide un nuevo paso a nivel Gowland\">Leer m\u00e1s<\/a><\/p>\n","protected":false},"author":1,"featured_media":0,"comment_status":"open","ping_status":"open","sticky":false,"template":"","format":"standard","meta":{"_monsterinsights_skip_tracking":false,"_monsterinsights_sitenote_active":false,"_monsterinsights_sitenote_note":"","_monsterinsights_sitenote_category":0,"jetpack_post_was_ever_published":false,"_jetpack_newsletter_access":"","_jetpack_dont_email_post_to_subs":false,"_jetpack_newsletter_tier_id":0,"_jetpack_memberships_contains_paywalled_content":false,"_jetpack_memberships_contains_paid_content":false,"footnotes":"","jetpack_publicize_message":"","jetpack_publicize_feature_enabled":true,"jetpack_social_post_already_shared":false,"jetpack_social_options":{"image_generator_settings":{"template":"highway","default_image_id":0,"font":"","enabled":false},"version":2},"_wpas_customize_per_network":false},"categories":[5],"tags":[],"class_list":["post-3712","post","type-post","status-publish","format-standard","hentry","category-politica","generate-columns","tablet-grid-50","mobile-grid-100","grid-parent","grid-50"],"jetpack_publicize_connections":[],"jetpack_featured_media_url":"","wps_subtitle":"","jetpack_sharing_enabled":true,"_links":{"self":[{"href":"https:\/\/www.hoymercedes.com.ar\/principal\/wp-json\/wp\/v2\/posts\/3712","targetHints":{"allow":["GET"]}}],"collection":[{"href":"https:\/\/www.hoymercedes.com.ar\/principal\/wp-json\/wp\/v2\/posts"}],"about":[{"href":"https:\/\/www.hoymercedes.com.ar\/principal\/wp-json\/wp\/v2\/types\/post"}],"author":[{"embeddable":true,"href":"https:\/\/www.hoymercedes.com.ar\/principal\/wp-json\/wp\/v2\/users\/1"}],"replies":[{"embeddable":true,"href":"https:\/\/www.hoymercedes.com.ar\/principal\/wp-json\/wp\/v2\/comments?post=3712"}],"version-history":[{"count":0,"href":"https:\/\/www.hoymercedes.com.ar\/principal\/wp-json\/wp\/v2\/posts\/3712\/revisions"}],"wp:attachment":[{"href":"https:\/\/www.hoymercedes.com.ar\/principal\/wp-json\/wp\/v2\/media?parent=3712"}],"wp:term":[{"taxonomy":"category","embeddable":true,"href":"https:\/\/www.hoymercedes.com.ar\/principal\/wp-json\/wp\/v2\/categories?post=3712"},{"taxonomy":"post_tag","embeddable":true,"href":"https:\/\/www.hoymercedes.com.ar\/principal\/wp-json\/wp\/v2\/tags?post=3712"}],"curies":[{"name":"wp","href":"https:\/\/api.w.org\/{rel}","templated":true}]}}