{"id":37122,"date":"2014-10-24T09:37:35","date_gmt":"2014-10-24T12:37:35","guid":{"rendered":"http:\/\/www.hoymercedes.com.ar\/principal\/?p=37122"},"modified":"2014-10-26T03:02:40","modified_gmt":"2014-10-26T06:02:40","slug":"agrupacion-arturo-jauretche-manifiesta-preocupacion-por-agresion-a-busto-de-eva-peron","status":"publish","type":"post","link":"https:\/\/www.hoymercedes.com.ar\/principal\/2014\/10\/24\/agrupacion-arturo-jauretche-manifiesta-preocupacion-por-agresion-a-busto-de-eva-peron\/","title":{"rendered":"Agrupaci\u00f3n Arturo Jauretche manifiesta preocupaci\u00f3n por agresi\u00f3n a busto de Eva Per\u00f3n"},"content":{"rendered":"<p><em><strong>Una vez m\u00e1s, manos an\u00f3nimas han vuelto a da\u00f1ar el busto que recuerda a la se\u00f1ora Mar\u00eda Eva Duarte de Per\u00f3n, sito en la esquina de 30 y 23<\/strong><\/em>.<\/p>\n<p>Es imposible creer que de tanto en tanto se afee dicha obra recordatoria.<\/p>\n<p>En orden a los recurrentes da\u00f1os, ha debido optarse por su retiro y resguardarlo en el Sindicato de la Carne y s\u00f3lo recolocarlo en modo provisorio en ocasiones de aniversarios de la recordada se\u00f1ora, dama que fuera protectora de los m\u00e1s humildes de la sociedad como lo demostr\u00f3 en su \u00e9poca o en los vigentes mensajes que dej\u00f3 conculcados.<\/p>\n<p>En las varias oportunidades da\u00f1osas, nunca lograron determinar persona alguna como autor de las afrentas, por lo que es de esperar que esta vez se afanen en determinar la autor\u00eda y reciba el condigno castigo por el delito de da\u00f1o cometido.<\/p>\n<p>Evita no es merecedora de tales afrentas, como tampoco ninguna figura p\u00fablica de nuestro pasado, las que con sus m\u00e1s y sus menos se desvelaron por la sociedad argentina.<\/p>\n<p>Es m\u00e1s, tambi\u00e9n reprobamos las inscripciones con pintura en aerosol de color negro sobre el basamento de la estatua ecuestre del general Jos\u00e9 de San Mart\u00edn.<\/p>\n<p>\u00bfPor qu\u00e9 han acontecido?. Vaya a saberse. \u00bfSer\u00e1 porque se ha perdido el sentido de nacionalidad y de todo respeto para con el patrimonio comunitario?. \u00bfQu\u00e9 ha inducido a la comisi\u00f3n de tama\u00f1os atropellos?.<\/p>\n<p>S\u00f3lo cabe el anhelo que la sociedad toda repruebe los hechos vand\u00e1licos referidos.<\/p>\n<p>&nbsp;<\/p>\n<p>Agrupaci\u00f3n Justicialista \u201cArturo Jauretche\u201d.<\/p>\n","protected":false},"excerpt":{"rendered":"<p>Una vez m\u00e1s, manos an\u00f3nimas han vuelto a da\u00f1ar el busto que recuerda a la se\u00f1ora Mar\u00eda Eva Duarte de &#8230; <a title=\"Agrupaci\u00f3n Arturo Jauretche manifiesta preocupaci\u00f3n por agresi\u00f3n a busto de Eva Per\u00f3n\" class=\"read-more\" href=\"https:\/\/www.hoymercedes.com.ar\/principal\/2014\/10\/24\/agrupacion-arturo-jauretche-manifiesta-preocupacion-por-agresion-a-busto-de-eva-peron\/\" aria-label=\"Leer m\u00e1s sobre Agrupaci\u00f3n Arturo Jauretche manifiesta preocupaci\u00f3n por agresi\u00f3n a busto de Eva Per\u00f3n\">Leer m\u00e1s<\/a><\/p>\n","protected":false},"author":1,"featured_media":0,"comment_status":"open","ping_status":"open","sticky":false,"template":"","format":"standard","meta":{"_monsterinsights_skip_tracking":false,"_monsterinsights_sitenote_active":false,"_monsterinsights_sitenote_note":"","_monsterinsights_sitenote_category":0,"jetpack_post_was_ever_published":false,"_jetpack_newsletter_access":"","_jetpack_dont_email_post_to_subs":false,"_jetpack_newsletter_tier_id":0,"_jetpack_memberships_contains_paywalled_content":false,"_jetpack_memberships_contains_paid_content":false,"footnotes":"","jetpack_publicize_message":"","jetpack_publicize_feature_enabled":true,"jetpack_social_post_already_shared":false,"jetpack_social_options":{"image_generator_settings":{"template":"highway","default_image_id":0,"font":"","enabled":false},"version":2},"_wpas_customize_per_network":false},"categories":[5],"tags":[5037],"class_list":["post-37122","post","type-post","status-publish","format-standard","hentry","category-politica","tag-agrupacion-arturo-jauretche","generate-columns","tablet-grid-50","mobile-grid-100","grid-parent","grid-50"],"jetpack_publicize_connections":[],"jetpack_featured_media_url":"","wps_subtitle":"En 30 y 21","jetpack_sharing_enabled":true,"_links":{"self":[{"href":"https:\/\/www.hoymercedes.com.ar\/principal\/wp-json\/wp\/v2\/posts\/37122","targetHints":{"allow":["GET"]}}],"collection":[{"href":"https:\/\/www.hoymercedes.com.ar\/principal\/wp-json\/wp\/v2\/posts"}],"about":[{"href":"https:\/\/www.hoymercedes.com.ar\/principal\/wp-json\/wp\/v2\/types\/post"}],"author":[{"embeddable":true,"href":"https:\/\/www.hoymercedes.com.ar\/principal\/wp-json\/wp\/v2\/users\/1"}],"replies":[{"embeddable":true,"href":"https:\/\/www.hoymercedes.com.ar\/principal\/wp-json\/wp\/v2\/comments?post=37122"}],"version-history":[{"count":0,"href":"https:\/\/www.hoymercedes.com.ar\/principal\/wp-json\/wp\/v2\/posts\/37122\/revisions"}],"wp:attachment":[{"href":"https:\/\/www.hoymercedes.com.ar\/principal\/wp-json\/wp\/v2\/media?parent=37122"}],"wp:term":[{"taxonomy":"category","embeddable":true,"href":"https:\/\/www.hoymercedes.com.ar\/principal\/wp-json\/wp\/v2\/categories?post=37122"},{"taxonomy":"post_tag","embeddable":true,"href":"https:\/\/www.hoymercedes.com.ar\/principal\/wp-json\/wp\/v2\/tags?post=37122"}],"curies":[{"name":"wp","href":"https:\/\/api.w.org\/{rel}","templated":true}]}}